{"id":8991,"date":"2019-02-11T13:28:11","date_gmt":"2019-02-11T13:28:11","guid":{"rendered":"http:\/\/fmriachuelo.com.ar\/?p=8991"},"modified":"2019-02-11T13:28:11","modified_gmt":"2019-02-11T13:28:11","slug":"caso-lucas-cabello-postergaron-el-comienzo-del-juicio","status":"publish","type":"post","link":"http:\/\/fmriachuelo.it10.com.ar\/index.php\/2019\/02\/11\/caso-lucas-cabello-postergaron-el-comienzo-del-juicio\/","title":{"rendered":"CASO LUCAS CABELLO: POSTERGARON EL COMIENZO DEL JUICIO"},"content":{"rendered":"<p><strong>[Por Colectivo de Medios Populares* 11\/02\/2019]El juicio oral en donde el ex Polic\u00eda de la Metropolitana Ricardo Ayala debe ser juzgado por intento de homicidio agravado contra Lucas Cabello, qued\u00f3 suspendido hasta nuevo aviso. El Tribunal Oral en los Criminal N\u00b0 1 inform\u00f3 la suspensi\u00f3n, aunque a\u00fan no se conocen los motivos. <\/strong><\/p>\n<p>Despu\u00e9s de m\u00e1s de 3 a\u00f1os de lucha en b\u00fasqueda de justicia, este martes 12 de febrero iba a comenzar el juicio al polic\u00eda Ricardo Ayala. Sin embargo, de manera imprevista, lleg\u00f3 la noticia de la suspensi\u00f3n, una pr\u00e1ctica habitual del poder judicial: muy cerca del d\u00eda esperado, informan la suspensi\u00f3n y reprogramaci\u00f3n. Madres en lucha, vecinos y vecinas del barrio de La Boca, medios comunitarios y organizaciones sociales est\u00e1n a la espera de la nueva fecha para poder hacerse presentes en Talcahuano 550 y desarrollar las actividades previstas, entre ella una radio abierta.<\/p>\n<p>Cabello fue baleado por un oficial de la entonces Metropolitana que le dispar\u00f3 tres veces a quemarropa el 9 de noviembre de 2015 en la puerta de su casa de La Boca. Desde el d\u00eda en que Lucas se despert\u00f3 del coma, comenz\u00f3 a hacer tratamiento de recuperaci\u00f3n, ya que como consecuencia de los disparos a quemarropa de Ayala, qued\u00f3 cuadripl\u00e9jico. Luego de los hechos, Mar\u00eda Eugenia Vidal -vicejefa de gobierno porte\u00f1o y reci\u00e9n electa gobernadora de la provincia- se sum\u00f3 a la versi\u00f3n policial que trataba de justificar el fusilamiento contra Lucas: dijo que Ayala hab\u00eda respondido a un llamado por violencia de g\u00e9nero, algo que nunca sucedi\u00f3. La versi\u00f3n fue r\u00e1pidamente desmentida por la compa\u00f1era de Lucas, como as\u00ed tambi\u00e9n por el colectivo Ni Una Menos.<\/p>\n<p>Los jueces Luis Salas, Adri\u00e1n P\u00e9rez Lance y Fernando Ram\u00edrez, tendr\u00e1n la responsabilidad de condenar un acto de puro atropello e impunidad de parte de las fuerzas policiales. No es la primera vez que el poder judicial parece ser insensible a la situaci\u00f3n que viven las familias y las victimas de la represi\u00f3n estatal, quienes luchan hace a\u00f1os y se preparan emocionalmente para enfrentar el juicio.<\/p>\n<p>Hoy Lucas y Carolina Vila, su madre, luchan contra la impunidad y esperan nueva fecha del juicio para qu\u00e9 se haga justicia porque, como muchas veces Lucas expres\u00f3, \u00e9l hoy es el hijo de todas esas madres que perdieron a los suyos.<\/p>\n<p style=\"text-align: left\"><strong>*FM Riachuelo\/FM La Caterva\/La Retaguardia\/Agencia Paco Urondo\/Sur Capitalino\/Radio Gr\u00e1fica\/Radio Presente.<\/strong><\/p>\n<div id=\"primary\" class=\"content-area\">\n<article id=\"post-8959\" class=\"post-8959 post type-post status-publish format-standard has-post-thumbnail hentry category-portada category-ciudad category-especiales\">\n<div class=\"entry-content\">\n<div class=\"post_content\">\n<p style=\"text-align: left\"><strong>(Desde el Colectivo de Medios Populares producimos en unidad como urgencia y como apuesta. Coincidimos en que la comunicaci\u00f3n no es mercanc\u00eda. Nos encontramos, ensamblamos, complementamos, potenciamos y existimos, intentando romper con una m\u00e1xima que buscan imponer como natural: que, entre iguales, solo queda competir)<\/strong><\/p>\n<\/div>\n<\/div>\n<\/article>\n<\/div>\n","protected":false},"excerpt":{"rendered":"<p>[Por Colectivo de Medios Populares* 11\/02\/2019]El juicio oral en donde el ex Polic\u00eda de la Metropolitana Ricardo Ayala debe ser juzgado por intento de homicidio agravado contra Lucas Cabello, qued\u00f3 suspendido hasta nuevo aviso. El Tribunal Oral en los Criminal N\u00b0 1 inform\u00f3 la suspensi\u00f3n, aunque a\u00fan no se conocen los motivos. Despu\u00e9s de m\u00e1s [&hellip;]<\/p>\n","protected":false},"author":5,"featured_media":8960,"comment_status":"open","ping_status":"open","sticky":false,"template":"","format":"standard","meta":{"_monsterinsights_skip_tracking":false,"_monsterinsights_sitenote_active":false,"_monsterinsights_sitenote_note":"","_monsterinsights_sitenote_category":0,"jnews-multi-image_gallery":[],"jnews_single_post":[],"jnews_primary_category":[],"_joinchat":[],"footnotes":""},"categories":[78,76,77],"tags":[],"class_list":["post-8991","post","type-post","status-publish","format-standard","has-post-thumbnail","hentry","category-economia-popular","category-salud-comunitaria","category-soberania"],"_links":{"self":[{"href":"http:\/\/fmriachuelo.it10.com.ar\/index.php\/wp-json\/wp\/v2\/posts\/8991","targetHints":{"allow":["GET"]}}],"collection":[{"href":"http:\/\/fmriachuelo.it10.com.ar\/index.php\/wp-json\/wp\/v2\/posts"}],"about":[{"href":"http:\/\/fmriachuelo.it10.com.ar\/index.php\/wp-json\/wp\/v2\/types\/post"}],"author":[{"embeddable":true,"href":"http:\/\/fmriachuelo.it10.com.ar\/index.php\/wp-json\/wp\/v2\/users\/5"}],"replies":[{"embeddable":true,"href":"http:\/\/fmriachuelo.it10.com.ar\/index.php\/wp-json\/wp\/v2\/comments?post=8991"}],"version-history":[{"count":0,"href":"http:\/\/fmriachuelo.it10.com.ar\/index.php\/wp-json\/wp\/v2\/posts\/8991\/revisions"}],"wp:featuredmedia":[{"embeddable":true,"href":"http:\/\/fmriachuelo.it10.com.ar\/index.php\/wp-json\/wp\/v2\/media\/8960"}],"wp:attachment":[{"href":"http:\/\/fmriachuelo.it10.com.ar\/index.php\/wp-json\/wp\/v2\/media?parent=8991"}],"wp:term":[{"taxonomy":"category","embeddable":true,"href":"http:\/\/fmriachuelo.it10.com.ar\/index.php\/wp-json\/wp\/v2\/categories?post=8991"},{"taxonomy":"post_tag","embeddable":true,"href":"http:\/\/fmriachuelo.it10.com.ar\/index.php\/wp-json\/wp\/v2\/tags?post=8991"}],"curies":[{"name":"wp","href":"https:\/\/api.w.org\/{rel}","templated":true}]}}