{"id":899,"date":"2014-12-07T01:33:00","date_gmt":"2014-12-07T01:33:00","guid":{"rendered":"http:\/\/fmriachuelo.observatorioess.org.ar\/index.php\/2014\/12\/07\/la-boca-resiste-y-propone-4\/"},"modified":"2025-03-17T11:55:44","modified_gmt":"2025-03-17T14:55:44","slug":"la-boca-resiste-y-propone-4","status":"publish","type":"post","link":"http:\/\/fmriachuelo.it10.com.ar\/index.php\/2014\/12\/07\/la-boca-resiste-y-propone-4\/","title":{"rendered":"LA BOCA RESISTE Y PROPONE"},"content":{"rendered":"<p><span style=\"color: red;font-family: Verdana, sans-serif;font-size: large\"><strong>MULTITUDINARIA MARCHA<\/strong><\/span> <\/p>\n<div style=\"clear: both;text-align: center\"><a href=\"http:\/\/3.bp.blogspot.com\/-VBf_zS-quEU\/VIOuOmOr7_I\/AAAAAAAAB0I\/K1cYr5JDOM4\/s1600\/10422296_802449846480866_2793590734379564711_n.jpg\" style=\"clear: left;float: left;margin-bottom: 1em;margin-right: 1em\"><img loading=\"lazy\" decoding=\"async\" border=\"0\" src=\"http:\/\/3.bp.blogspot.com\/-VBf_zS-quEU\/VIOuOmOr7_I\/AAAAAAAAB0I\/K1cYr5JDOM4\/s1600\/10422296_802449846480866_2793590734379564711_n.jpg\" height=\"159\" width=\"320\" \/><\/a><\/div>\n<p><span style=\"font-family: Verdana, sans-serif\">Los habitantes de la Boca se movilizaron para visibilizar el vaciado de las pol\u00edticas p\u00fablicas que afectan a los sectores de menos recursos y que mas lo necesitan,lo que viene produciendo las cont\u00ednuas muertes de ni\u00f1as, ni\u00f1os y j\u00f3venes y pone de manifiesto las verdaderas intenciones pol\u00edticas que buscan amedrentar y transmitir el miedo para que los negocios privados avancen sobre el territorio.<\/span><br \/><span style=\"font-family: Verdana, sans-serif\">Mir\u00e1 el video sobre la marcha y escuch\u00e1 estos testimonios<\/span><br \/><span style=\"color: #0b5394;font-family: Verdana, sans-serif;font-size: large\"><strong><a href=\"https:\/\/www.youtube.com\/watch?v=buS0fW2rlPQ\">LA BOCA RESISTE Y PROPONE<\/a><\/strong><\/span><br \/><span style=\"color: #0b5394;font-family: Verdana, sans-serif;font-size: x-small\"><b>FUENTE: RADIO GR\u00c1FICA<\/b><\/span><\/p>\n<p><a href=\"http:\/\/2.bp.blogspot.com\/-XFd9rZdnRXw\/VIOuHgFrjEI\/AAAAAAAAB0A\/a5Y7r5FYn9M\/s1600\/COOP%2BRIACHIUELO%2BPRODUCCIONES.jpg\" style=\"clear: left;float: left;margin-bottom: 1em;margin-right: 1em\"><img loading=\"lazy\" decoding=\"async\" border=\"0\" src=\"http:\/\/2.bp.blogspot.com\/-XFd9rZdnRXw\/VIOuHgFrjEI\/AAAAAAAAB0A\/a5Y7r5FYn9M\/s1600\/COOP%2BRIACHIUELO%2BPRODUCCIONES.jpg\" height=\"58\" width=\"200\" \/><\/a><\/p>\n","protected":false},"excerpt":{"rendered":"<p>MULTITUDINARIA MARCHA Los habitantes de la Boca se movilizaron para visibilizar el vaciado de las pol\u00edticas p\u00fablicas que afectan a los sectores de menos recursos y que mas lo necesitan,lo que viene produciendo las cont\u00ednuas muertes de ni\u00f1as, ni\u00f1os y j\u00f3venes y pone de manifiesto las verdaderas intenciones pol\u00edticas que buscan amedrentar y transmitir el [&hellip;]<\/p>\n","protected":false},"author":4,"featured_media":0,"comment_status":"open","ping_status":"open","sticky":false,"template":"","format":"standard","meta":{"_monsterinsights_skip_tracking":false,"_monsterinsights_sitenote_active":false,"_monsterinsights_sitenote_note":"","_monsterinsights_sitenote_category":0,"jnews-multi-image_gallery":[],"jnews_single_post":{"format":"standard"},"jnews_primary_category":[],"_joinchat":[],"footnotes":""},"categories":[58],"tags":[119,147],"class_list":["post-899","post","type-post","status-publish","format-standard","hentry","category-noticiariachuelo","tag-derechos-humanos","tag-habitat"],"_links":{"self":[{"href":"http:\/\/fmriachuelo.it10.com.ar\/index.php\/wp-json\/wp\/v2\/posts\/899","targetHints":{"allow":["GET"]}}],"collection":[{"href":"http:\/\/fmriachuelo.it10.com.ar\/index.php\/wp-json\/wp\/v2\/posts"}],"about":[{"href":"http:\/\/fmriachuelo.it10.com.ar\/index.php\/wp-json\/wp\/v2\/types\/post"}],"author":[{"embeddable":true,"href":"http:\/\/fmriachuelo.it10.com.ar\/index.php\/wp-json\/wp\/v2\/users\/4"}],"replies":[{"embeddable":true,"href":"http:\/\/fmriachuelo.it10.com.ar\/index.php\/wp-json\/wp\/v2\/comments?post=899"}],"version-history":[{"count":1,"href":"http:\/\/fmriachuelo.it10.com.ar\/index.php\/wp-json\/wp\/v2\/posts\/899\/revisions"}],"predecessor-version":[{"id":22007,"href":"http:\/\/fmriachuelo.it10.com.ar\/index.php\/wp-json\/wp\/v2\/posts\/899\/revisions\/22007"}],"wp:attachment":[{"href":"http:\/\/fmriachuelo.it10.com.ar\/index.php\/wp-json\/wp\/v2\/media?parent=899"}],"wp:term":[{"taxonomy":"category","embeddable":true,"href":"http:\/\/fmriachuelo.it10.com.ar\/index.php\/wp-json\/wp\/v2\/categories?post=899"},{"taxonomy":"post_tag","embeddable":true,"href":"http:\/\/fmriachuelo.it10.com.ar\/index.php\/wp-json\/wp\/v2\/tags?post=899"}],"curies":[{"name":"wp","href":"https:\/\/api.w.org\/{rel}","templated":true}]}}