{"id":898,"date":"2014-12-07T18:29:00","date_gmt":"2014-12-07T18:29:00","guid":{"rendered":"http:\/\/fmriachuelo.observatorioess.org.ar\/index.php\/2014\/12\/07\/segundo-encuentro-nacional-de-tierra-y-techo-en-la-ctep\/"},"modified":"2025-03-17T11:56:55","modified_gmt":"2025-03-17T14:56:55","slug":"segundo-encuentro-nacional-de-tierra-y-techo-en-la-ctep","status":"publish","type":"post","link":"http:\/\/fmriachuelo.it10.com.ar\/index.php\/2014\/12\/07\/segundo-encuentro-nacional-de-tierra-y-techo-en-la-ctep\/","title":{"rendered":"SEGUNDO ENCUENTRO NACIONAL DE TIERRA Y TECHO EN LA CTEP"},"content":{"rendered":"<p><span style=\"font-family: Verdana, sans-serif\">CONFEDERACI\u00d3N DE TRABAJADORES DE LA ECONOM\u00cdA POPULAR<\/span><\/p>\n<div><span style=\"font-family: Verdana, sans-serif\"><strong><span style=\"color: red;font-size: large\">ENCUENTRO FEDERAL DE VIVIENDA Y HABITAT<\/span><\/strong>&nbsp;<\/span><\/p>\n<div style=\"clear: both;text-align: center\"><a href=\"http:\/\/1.bp.blogspot.com\/-PjlKa-cn7Kw\/VISc8wZSAtI\/AAAAAAAAB0k\/o5N79TL4y3g\/s1600\/techo.jpg\" style=\"clear: left;float: left;margin-bottom: 1em;margin-right: 1em\"><span style=\"font-family: Verdana, sans-serif\"><\/span><\/a><\/div>\n<div style=\"clear: both;text-align: left\"><a href=\"https:\/\/images-blogger-opensocial.googleusercontent.com\/gadgets\/proxy?url=http%3A%2F%2F1.bp.blogspot.com%2F-PjlKa-cn7Kw%2FVISc8wZSAtI%2FAAAAAAAAB0k%2Fo5N79TL4y3g%2Fs1600%2Ftecho.jpg&amp;container=blogger&amp;gadget=a&amp;rewriteMime=image%2F*\" style=\"clear: left;float: left;margin-bottom: 1em;margin-right: 1em\"><img loading=\"lazy\" decoding=\"async\" border=\"0\" src=\"http:\/\/1.bp.blogspot.com\/-PjlKa-cn7Kw\/VISc8wZSAtI\/AAAAAAAAB0k\/o5N79TL4y3g\/s1600\/techo.jpg\" height=\"235\" width=\"320\" \/><\/a><span style=\"font-family: Verdana, sans-serif\">Se realizar\u00e1 los d\u00edas martes 9 y mi\u00e9rcoles 10 de diciembre, en la Sede Nacional de la Confederaci\u00f3n de Trabajadores de la Econom\u00eda Popular, ubicada en Pedro Echague 1265, barrio de Constituci\u00f3n, CABA. Habr\u00e1  paneles de debate y comisiones de discusi\u00f3n, integrantes de organizaciones sociales de todo el pa\u00eds. Tambi\u00e9n estar\u00e1 presente el Secretario de Acceso al Habitat de la Naci\u00f3n: Rub\u00e9n Pascolini.<\/span><\/div>\n<\/div>\n<p><span style=\"font-family: Verdana, sans-serif\">El encuentro est\u00e1 organizado por la Secretaria de Vivienda y Habitat de la CTEP, que conduce Lito Borello, que expres\u00f3: \u201dVamos a organizar un Encuentro Federal de Vivienda, que es una problem\u00e1tica que, sin dudas, en este \u00faltimo tiempo se ha incrementado.<\/span><br \/><a name='more'><\/a><span style=\"font-family: Verdana, sans-serif\">Es una verdadera radiograf\u00eda de las injusticias, de las asimetr\u00edas que a\u00fan faltan solucionar. Tambi\u00e9n, fue un tema fuerte del encuentro&nbsp;en el Vaticano, que se hizo hace muy poco tiempo&nbsp; en donde se abord\u00f3 las 3 T: techo, tierra y trabajo,&nbsp;&nbsp;por eso queremos juntarnos antes de fin de a\u00f1o para poder empezar a dise\u00f1ar el plan hacia adelante\u201d.<br \/>En tanto que resalt\u00f3, la firma de un convenio con la flamante Secretaria Nacional de Acceso al H\u00e1bitat de la Naci\u00f3n: \u201cestaremos teniendo la firma de un convenio con Rub\u00e9n Pascolini, titular del organismo; adem\u00e1s de poder contar con la informaci\u00f3n ampliada de las posibilidades de los proyectos y de los ejes de trabajo que se plantean hacia adelante\u201d.<br \/>Este es el segundo encuentro federal que desde la CTEP se lleva adelante para debatir una de las problem\u00e1ticas centrales de nuestro pa\u00eds.<\/span><br \/><span style=\"color: #0b5394;font-family: Verdana, sans-serif;font-size: x-small\"><b>FUENTE: CTEP<\/b><\/span><\/p>\n<div style=\"clear: both;text-align: center\"><a href=\"http:\/\/1.bp.blogspot.com\/-c1McbymvzLk\/VISdHhGbMDI\/AAAAAAAAB0s\/xUONv374UXM\/s1600\/COOP%2BRIACHIUELO%2BPRODUCCIONES.jpg\" style=\"clear: left;float: left;margin-bottom: 1em;margin-right: 1em;text-align: left\"><span style=\"clear: left;float: left;font-family: Verdana, sans-serif;margin-bottom: 1em;margin-right: 1em\"><img loading=\"lazy\" decoding=\"async\" border=\"0\" src=\"http:\/\/1.bp.blogspot.com\/-c1McbymvzLk\/VISdHhGbMDI\/AAAAAAAAB0s\/xUONv374UXM\/s1600\/COOP%2BRIACHIUELO%2BPRODUCCIONES.jpg\" height=\"58\" width=\"200\" \/><\/span><\/a><\/div>\n","protected":false},"excerpt":{"rendered":"<p>CONFEDERACI\u00d3N DE TRABAJADORES DE LA ECONOM\u00cdA POPULAR ENCUENTRO FEDERAL DE VIVIENDA Y HABITAT&nbsp; Se realizar\u00e1 los d\u00edas martes 9 y mi\u00e9rcoles 10 de diciembre, en la Sede Nacional de la Confederaci\u00f3n de Trabajadores de la Econom\u00eda Popular, ubicada en Pedro Echague 1265, barrio de Constituci\u00f3n, CABA. Habr\u00e1 paneles de debate y comisiones de discusi\u00f3n, integrantes [&hellip;]<\/p>\n","protected":false},"author":4,"featured_media":0,"comment_status":"open","ping_status":"open","sticky":false,"template":"","format":"standard","meta":{"_monsterinsights_skip_tracking":false,"_monsterinsights_sitenote_active":false,"_monsterinsights_sitenote_note":"","_monsterinsights_sitenote_category":0,"jnews-multi-image_gallery":[],"jnews_single_post":{"format":"standard"},"jnews_primary_category":[],"_joinchat":[],"footnotes":""},"categories":[58],"tags":[147,103,86],"class_list":["post-898","post","type-post","status-publish","format-standard","hentry","category-noticiariachuelo","tag-habitat","tag-movimientos-populares","tag-noti-ctep"],"_links":{"self":[{"href":"http:\/\/fmriachuelo.it10.com.ar\/index.php\/wp-json\/wp\/v2\/posts\/898","targetHints":{"allow":["GET"]}}],"collection":[{"href":"http:\/\/fmriachuelo.it10.com.ar\/index.php\/wp-json\/wp\/v2\/posts"}],"about":[{"href":"http:\/\/fmriachuelo.it10.com.ar\/index.php\/wp-json\/wp\/v2\/types\/post"}],"author":[{"embeddable":true,"href":"http:\/\/fmriachuelo.it10.com.ar\/index.php\/wp-json\/wp\/v2\/users\/4"}],"replies":[{"embeddable":true,"href":"http:\/\/fmriachuelo.it10.com.ar\/index.php\/wp-json\/wp\/v2\/comments?post=898"}],"version-history":[{"count":1,"href":"http:\/\/fmriachuelo.it10.com.ar\/index.php\/wp-json\/wp\/v2\/posts\/898\/revisions"}],"predecessor-version":[{"id":22008,"href":"http:\/\/fmriachuelo.it10.com.ar\/index.php\/wp-json\/wp\/v2\/posts\/898\/revisions\/22008"}],"wp:attachment":[{"href":"http:\/\/fmriachuelo.it10.com.ar\/index.php\/wp-json\/wp\/v2\/media?parent=898"}],"wp:term":[{"taxonomy":"category","embeddable":true,"href":"http:\/\/fmriachuelo.it10.com.ar\/index.php\/wp-json\/wp\/v2\/categories?post=898"},{"taxonomy":"post_tag","embeddable":true,"href":"http:\/\/fmriachuelo.it10.com.ar\/index.php\/wp-json\/wp\/v2\/tags?post=898"}],"curies":[{"name":"wp","href":"https:\/\/api.w.org\/{rel}","templated":true}]}}