{"id":8978,"date":"2019-02-08T00:12:22","date_gmt":"2019-02-08T00:12:22","guid":{"rendered":"http:\/\/fmriachuelo.com.ar\/?p=8978"},"modified":"2019-02-08T00:12:22","modified_gmt":"2019-02-08T00:12:22","slug":"8978","status":"publish","type":"post","link":"http:\/\/fmriachuelo.it10.com.ar\/index.php\/2019\/02\/08\/8978\/","title":{"rendered":"TRABAJADORES DE SIAM VISIBILIZAN SU LUCHA CORTANDO EL PUENTE PUEYRREDON"},"content":{"rendered":"<p><strong>[FM Riachuelo 07\/02\/2019]Hoy en el programa Rompe el Cerco Informativo entrevistamos a Luciano, trabajador despedido de SIAM, para conversar sobre la medida que llevaron a cabo esta ma\u00f1ana en el puente Pueyrred\u00f3n para exigir por la reincorporaci\u00f3n de los trabajadores.<\/strong><\/p>\n<p>Este jueves \u00a0los trabajadores de la f\u00e1brica SIAM de electrodom\u00e9sticos de Avellaneda, volvieron a reclamar cortando un carril en\u00a0 Av. Mitre mano a Capital Federal, \u00a0por los puestos de trabajo y para denunciar, visibilizar el incumplimiento de la patronal ante las cautelares que afirman que los trabajadores deben regresar a su trabajo.<\/p>\n<p>Por este motivo RCI convers\u00f3 con Luciano, trabajador despedido que expres\u00f3: <em><strong>\u201cLa empresa no est\u00e1 cumpliendo, desconoce los fallos del juez entrando en la total ilegalidad, por eso es que hicimos la medida de lucha hoy, para visibilizar y \u00a0que el estado de alguna respuesta\u201d.<\/strong><\/em><\/p>\n<p>Tambi\u00e9n agrego: <strong><em>\u201cAl que tienen que amenazar que le van a poner la fuerza p\u00fablica\u00a0 si no reincorporan a los trabajadores es a los empresarios, claramente demuestra el gobierno a favor de qui\u00e9n est\u00e1\u201d<\/em>.<\/strong> Esto dec\u00eda Luciano haciendo referencia al comunicado que saco la Ministra Patricia Bullrich sobre los cortes en el Puente Pueyrred\u00f3n.<\/p>\n<p>Para finalizar, Luciano dijo:<em><strong> \u201cEstamos en contacto con otros trabajadores despedidos de zona sur, de diferentes f\u00e1bricas, empresas para \u00a0organizarnos para el d\u00eda 14 de febrero en donde los trabajadores nos vamos a estar sumando a la movilizaci\u00f3n que va hacer desde\u00a0 la Av. 9 de Julio a Plaza de Mayo\u00bb.<\/strong><\/em><\/p>\n<p><strong>LOS TRABAJADORES SOMOS LOS QUE VAMOS A IR ADELANTE A SEGUIR LUCHANDO\u00a0 POR NUESTRAS REINCORPORACIONES!!<\/strong><\/p>\n","protected":false},"excerpt":{"rendered":"<p>[FM Riachuelo 07\/02\/2019]Hoy en el programa Rompe el Cerco Informativo entrevistamos a Luciano, trabajador despedido de SIAM, para conversar sobre la medida que llevaron a cabo esta ma\u00f1ana en el puente Pueyrred\u00f3n para exigir por la reincorporaci\u00f3n de los trabajadores. Este jueves \u00a0los trabajadores de la f\u00e1brica SIAM de electrodom\u00e9sticos de Avellaneda, volvieron a reclamar [&hellip;]<\/p>\n","protected":false},"author":5,"featured_media":8980,"comment_status":"open","ping_status":"open","sticky":false,"template":"","format":"standard","meta":{"_monsterinsights_skip_tracking":false,"_monsterinsights_sitenote_active":false,"_monsterinsights_sitenote_note":"","_monsterinsights_sitenote_category":0,"jnews-multi-image_gallery":[],"jnews_single_post":[],"jnews_primary_category":[],"_joinchat":[],"footnotes":""},"categories":[78,76,75],"tags":[],"class_list":["post-8978","post","type-post","status-publish","format-standard","has-post-thumbnail","hentry","category-economia-popular","category-salud-comunitaria","category-trabajo"],"_links":{"self":[{"href":"http:\/\/fmriachuelo.it10.com.ar\/index.php\/wp-json\/wp\/v2\/posts\/8978","targetHints":{"allow":["GET"]}}],"collection":[{"href":"http:\/\/fmriachuelo.it10.com.ar\/index.php\/wp-json\/wp\/v2\/posts"}],"about":[{"href":"http:\/\/fmriachuelo.it10.com.ar\/index.php\/wp-json\/wp\/v2\/types\/post"}],"author":[{"embeddable":true,"href":"http:\/\/fmriachuelo.it10.com.ar\/index.php\/wp-json\/wp\/v2\/users\/5"}],"replies":[{"embeddable":true,"href":"http:\/\/fmriachuelo.it10.com.ar\/index.php\/wp-json\/wp\/v2\/comments?post=8978"}],"version-history":[{"count":0,"href":"http:\/\/fmriachuelo.it10.com.ar\/index.php\/wp-json\/wp\/v2\/posts\/8978\/revisions"}],"wp:featuredmedia":[{"embeddable":true,"href":"http:\/\/fmriachuelo.it10.com.ar\/index.php\/wp-json\/wp\/v2\/media\/8980"}],"wp:attachment":[{"href":"http:\/\/fmriachuelo.it10.com.ar\/index.php\/wp-json\/wp\/v2\/media?parent=8978"}],"wp:term":[{"taxonomy":"category","embeddable":true,"href":"http:\/\/fmriachuelo.it10.com.ar\/index.php\/wp-json\/wp\/v2\/categories?post=8978"},{"taxonomy":"post_tag","embeddable":true,"href":"http:\/\/fmriachuelo.it10.com.ar\/index.php\/wp-json\/wp\/v2\/tags?post=8978"}],"curies":[{"name":"wp","href":"https:\/\/api.w.org\/{rel}","templated":true}]}}