{"id":8975,"date":"2019-02-07T17:25:00","date_gmt":"2019-02-07T17:25:00","guid":{"rendered":"http:\/\/fmriachuelo.com.ar\/?p=8975"},"modified":"2019-02-07T17:25:00","modified_gmt":"2019-02-07T17:25:00","slug":"robo-en-la-ong-corazon-quemero-esto-es-un-palo-en-la-rueda-para-los-mas-vulnerables","status":"publish","type":"post","link":"http:\/\/fmriachuelo.it10.com.ar\/index.php\/2019\/02\/07\/robo-en-la-ong-corazon-quemero-esto-es-un-palo-en-la-rueda-para-los-mas-vulnerables\/","title":{"rendered":"ROBO EN LA ONG CORAZ\u00d3N QUEMERO; \u00abESTO ES UN PALO EN LA RUEDA PARA LOS M\u00c1S VULNERABLES\u00bb"},"content":{"rendered":"<p><strong>En el d\u00eda de ayer \u201cRomp\u00e9 el Cerco Informativo\u201d convers\u00f3 con Viviana, integrante de la ONG Coraz\u00f3n Quemero del barrio Parque Patricios. Ante el robo que sufrieron de todos los materiales necesarios para el desarrollo de su escuelita de f\u00fatbol.<\/strong><\/p>\n<p>La ONG Coraz\u00f3n Quemero, que viene desde hace varios a\u00f1os ayudando no s\u00f3lo a comunidad \u00a0de Parque Patricios sino tambi\u00e9n trabajando en el deporte social y diferentes actividades para los pibes, en esta ocasi\u00f3n comparti\u00f3 la mala noticia del robo que sufrieron el d\u00eda martes en la escuelita donde se llevaron todos los elementos de trabajo (remeras con el logo, pelotas, botines, pecheras, redes, conos, etc.)<\/p>\n<p>Por este motivo es que \u00a0desde la organizaci\u00f3n no saben si podr\u00e1n comenzar sus actividades. Es por eso que Viviana, referente expres\u00f3:<em><strong> \u201cLo m\u00e1s triste, lo que m\u00e1s nos bajonea \u00a0a nosotros es que trabajamos con este fin de incluir a los pibes y es como se perjudica tambi\u00e9n el m\u00e1s vulnerable, eso es lo que m\u00e1s nos moviliza que es un palo en la rueda al que menos tiene, y es un circulo complejo, eso es lo m\u00e1s doloroso\u201d.<\/strong><\/em><\/p>\n<p>De las \u00a0actividades participan ni\u00f1os que vienen de \u00a0Lan\u00fas, \u00a0Lomas de Zamora, Villa Zabaleta, 21\/24.<br \/>\nAdem\u00e1s desarrollan distintas acciones relacionadas con la ense\u00f1anza, la cultura y el deporte social, como as\u00ed tambi\u00e9n le brindan a los vecinos de Pompeya y Parque de los Patricios, recursos para que puedan incluirse socialmente ellos y sus hijos.<\/p>\n<p><strong>Desde la ONG barrial \u00a0piden \u00a0a todo aquel que pueda colaborar, ayudar con los materiales necesarios o dinero para la compra de los mismos. En caso de querer donar, se pueden acercar al kiosco ubicado en Av. Caseros 387 o comunicarse v\u00eda redes sociales (instagram,facebook,twitter) con la ONG CORAZ\u00d3N QUEMERO.<\/strong><\/p>\n","protected":false},"excerpt":{"rendered":"<p>En el d\u00eda de ayer \u201cRomp\u00e9 el Cerco Informativo\u201d convers\u00f3 con Viviana, integrante de la ONG Coraz\u00f3n Quemero del barrio Parque Patricios. Ante el robo que sufrieron de todos los materiales necesarios para el desarrollo de su escuelita de f\u00fatbol. La ONG Coraz\u00f3n Quemero, que viene desde hace varios a\u00f1os ayudando no s\u00f3lo a comunidad [&hellip;]<\/p>\n","protected":false},"author":5,"featured_media":8976,"comment_status":"open","ping_status":"open","sticky":false,"template":"","format":"standard","meta":{"_monsterinsights_skip_tracking":false,"_monsterinsights_sitenote_active":false,"_monsterinsights_sitenote_note":"","_monsterinsights_sitenote_category":0,"jnews-multi-image_gallery":[],"jnews_single_post":[],"jnews_primary_category":[],"_joinchat":[],"footnotes":""},"categories":[78,76,77],"tags":[],"class_list":["post-8975","post","type-post","status-publish","format-standard","has-post-thumbnail","hentry","category-economia-popular","category-salud-comunitaria","category-soberania"],"_links":{"self":[{"href":"http:\/\/fmriachuelo.it10.com.ar\/index.php\/wp-json\/wp\/v2\/posts\/8975","targetHints":{"allow":["GET"]}}],"collection":[{"href":"http:\/\/fmriachuelo.it10.com.ar\/index.php\/wp-json\/wp\/v2\/posts"}],"about":[{"href":"http:\/\/fmriachuelo.it10.com.ar\/index.php\/wp-json\/wp\/v2\/types\/post"}],"author":[{"embeddable":true,"href":"http:\/\/fmriachuelo.it10.com.ar\/index.php\/wp-json\/wp\/v2\/users\/5"}],"replies":[{"embeddable":true,"href":"http:\/\/fmriachuelo.it10.com.ar\/index.php\/wp-json\/wp\/v2\/comments?post=8975"}],"version-history":[{"count":0,"href":"http:\/\/fmriachuelo.it10.com.ar\/index.php\/wp-json\/wp\/v2\/posts\/8975\/revisions"}],"wp:featuredmedia":[{"embeddable":true,"href":"http:\/\/fmriachuelo.it10.com.ar\/index.php\/wp-json\/wp\/v2\/media\/8976"}],"wp:attachment":[{"href":"http:\/\/fmriachuelo.it10.com.ar\/index.php\/wp-json\/wp\/v2\/media?parent=8975"}],"wp:term":[{"taxonomy":"category","embeddable":true,"href":"http:\/\/fmriachuelo.it10.com.ar\/index.php\/wp-json\/wp\/v2\/categories?post=8975"},{"taxonomy":"post_tag","embeddable":true,"href":"http:\/\/fmriachuelo.it10.com.ar\/index.php\/wp-json\/wp\/v2\/tags?post=8975"}],"curies":[{"name":"wp","href":"https:\/\/api.w.org\/{rel}","templated":true}]}}