{"id":8971,"date":"2019-02-06T15:12:12","date_gmt":"2019-02-06T15:12:12","guid":{"rendered":"http:\/\/fmriachuelo.com.ar\/?p=8971"},"modified":"2019-02-06T15:12:12","modified_gmt":"2019-02-06T15:12:12","slug":"cofco-la-lucha-de-los-trabajadorxs-continua","status":"publish","type":"post","link":"http:\/\/fmriachuelo.it10.com.ar\/index.php\/2019\/02\/06\/cofco-la-lucha-de-los-trabajadorxs-continua\/","title":{"rendered":"COFCO: LA LUCHA DE LOS TRABAJADORXS CONTIN\u00daA"},"content":{"rendered":"<p><strong>[FM Riachuelo 06\/02\/2019] En el dia de ayer \u00abRomp\u00e9 el Cerco Informativo\u00bb convers\u00f3 con Mauro\u00a0 Sanchez trabajador y delegado de la empresa Cofco ,\u00a0la firma alimenticia china\u00a0 que decidi\u00f3 cerrar su planta en Valent\u00edn Alsina, Lan\u00fas, con el consecuente cesanteo de sus 195 trabajadores, que est\u00e1n luchando hoy por sus puestos y apuntan directamente al Ministerio provincial por la falta de respuestas concretas.<\/strong><\/p>\n<p>En su justificaci\u00f3n para cerrar, la empresa adujo en un comunicado del 7 de enero atravesar una \u201ccrisis\u201d producto de \u201cuna importante baja en la demanda a nivel local, condiciones desfavorables del mercado y una creciente capacidad ociosa de la industria\u201d, y el 4 de enero avanz\u00f3 con los cesanteos.<\/p>\n<p>Aunque las autoridades provinciales dictaron la conciliaci\u00f3n obligatoria , la misma no oblig\u00f3 a la empresa a reubicar a los trabajadorxs en sus puestos, ni se avanz\u00f3 con la apertura del Procedimiento Preventivo de Crisis, cuya finalidad es hacer que las partes tengan un di\u00e1logo antes de consumar cierres de establecimientos y despidos masivos.<\/p>\n<p>En conversaci\u00f3n con Romp\u00e9 el Cerco Mauro S\u00e1nchez delegado de Cofco nos dijo sobre la situaci\u00f3n actual, luego de marchar al Ministerio de Trabajo de Provincia para reclamar por las reincorporaciones :<em><strong>\u00abAhora estamos en medio de una conciliaci\u00f3n por la cual nos pagan el salario pero estamos acampando fuera de la Planta. Hasta el 14 de febrero tenemos que seguir esperando para ver como contin\u00faa la lucha\u00bb<\/strong><\/em><\/p>\n<p>Continu\u00f3 explicando: <em><strong>\u00abReci\u00e9n se arm\u00f3 una mesa de di\u00e1logo pero hasta ahora la intervenci\u00f3n es a favor de la patronal, con la polic\u00eda dentro de la Planta. La decisi\u00f3n de la patronal sigue siendo arbitraria no quieren abrir porque solo les interesa importar y exportar\u00bb.<\/strong><\/em><\/p>\n<p>Por \u00faltimo nos dijo sobre las pr\u00f3ximas medidas de lucha<em><strong>:\u00bbVeremos como lo seguimos a un plano nacional, por ahora tenemos que esperar en el plano legal que terminen las conciliaciones. Para nosotrxs es importante nuclear las luchas de todxs los trabajadorxs que est\u00e1n perdiendo sus fuentes de trabajo\u00bb. \u00abTambi\u00e9n esperamos una respuesta de la CGT que hasta ahora no nos est\u00e1 ayudando, los aceiteros somos un ejemplo de lucha sindical, creemos que tambi\u00e9n es un ataque al sindicalismo combativo\u00bb.<\/strong><\/em><\/p>\n<p>Sigue la lucha de todxs los trabajadorxs con la consigna:<strong>\u201cNosotros seguimos en la lucha, al costado de la Ribera, y vamos a ir hasta las \u00faltimas consecuencias. No reclamamos indemnizaci\u00f3n, sino nuestra fuente de trabajo\u201d!!!.<\/strong><\/p>\n<p>&nbsp;<\/p>\n","protected":false},"excerpt":{"rendered":"<p>[FM Riachuelo 06\/02\/2019] En el dia de ayer \u00abRomp\u00e9 el Cerco Informativo\u00bb convers\u00f3 con Mauro\u00a0 Sanchez trabajador y delegado de la empresa Cofco ,\u00a0la firma alimenticia china\u00a0 que decidi\u00f3 cerrar su planta en Valent\u00edn Alsina, Lan\u00fas, con el consecuente cesanteo de sus 195 trabajadores, que est\u00e1n luchando hoy por sus puestos y apuntan directamente al [&hellip;]<\/p>\n","protected":false},"author":5,"featured_media":8972,"comment_status":"open","ping_status":"open","sticky":false,"template":"","format":"standard","meta":{"_monsterinsights_skip_tracking":false,"_monsterinsights_sitenote_active":false,"_monsterinsights_sitenote_note":"","_monsterinsights_sitenote_category":0,"jnews-multi-image_gallery":[],"jnews_single_post":[],"jnews_primary_category":[],"_joinchat":[],"footnotes":""},"categories":[76,74,75],"tags":[],"class_list":["post-8971","post","type-post","status-publish","format-standard","has-post-thumbnail","hentry","category-salud-comunitaria","category-san-cayetano","category-trabajo"],"_links":{"self":[{"href":"http:\/\/fmriachuelo.it10.com.ar\/index.php\/wp-json\/wp\/v2\/posts\/8971","targetHints":{"allow":["GET"]}}],"collection":[{"href":"http:\/\/fmriachuelo.it10.com.ar\/index.php\/wp-json\/wp\/v2\/posts"}],"about":[{"href":"http:\/\/fmriachuelo.it10.com.ar\/index.php\/wp-json\/wp\/v2\/types\/post"}],"author":[{"embeddable":true,"href":"http:\/\/fmriachuelo.it10.com.ar\/index.php\/wp-json\/wp\/v2\/users\/5"}],"replies":[{"embeddable":true,"href":"http:\/\/fmriachuelo.it10.com.ar\/index.php\/wp-json\/wp\/v2\/comments?post=8971"}],"version-history":[{"count":0,"href":"http:\/\/fmriachuelo.it10.com.ar\/index.php\/wp-json\/wp\/v2\/posts\/8971\/revisions"}],"wp:featuredmedia":[{"embeddable":true,"href":"http:\/\/fmriachuelo.it10.com.ar\/index.php\/wp-json\/wp\/v2\/media\/8972"}],"wp:attachment":[{"href":"http:\/\/fmriachuelo.it10.com.ar\/index.php\/wp-json\/wp\/v2\/media?parent=8971"}],"wp:term":[{"taxonomy":"category","embeddable":true,"href":"http:\/\/fmriachuelo.it10.com.ar\/index.php\/wp-json\/wp\/v2\/categories?post=8971"},{"taxonomy":"post_tag","embeddable":true,"href":"http:\/\/fmriachuelo.it10.com.ar\/index.php\/wp-json\/wp\/v2\/tags?post=8971"}],"curies":[{"name":"wp","href":"https:\/\/api.w.org\/{rel}","templated":true}]}}