{"id":897,"date":"2014-12-07T20:36:00","date_gmt":"2014-12-07T20:36:00","guid":{"rendered":"http:\/\/fmriachuelo.observatorioess.org.ar\/index.php\/2014\/12\/07\/otro-fallo-judicial-absuelve-a-un-policia-implicado-en-el-asesinato-a-un-miembro-de-la-comunidad-negra\/"},"modified":"2025-03-17T11:59:00","modified_gmt":"2025-03-17T14:59:00","slug":"otro-fallo-judicial-absuelve-a-un-policia-implicado-en-el-asesinato-a-un-miembro-de-la-comunidad-negra","status":"publish","type":"post","link":"http:\/\/fmriachuelo.it10.com.ar\/index.php\/2014\/12\/07\/otro-fallo-judicial-absuelve-a-un-policia-implicado-en-el-asesinato-a-un-miembro-de-la-comunidad-negra\/","title":{"rendered":"OTRO FALLO JUDICIAL ABSUELVE A UN POLIC\u00cdA IMPLICADO EN EL ASESINATO A UN MIEMBRO DE LA COMUNIDAD NEGRA"},"content":{"rendered":"<p><span style=\"font-family: Verdana, sans-serif\">PROTESTAS &nbsp;EN EE.UU.<\/span><br \/><span style=\"color: red;font-family: Verdana, sans-serif;font-size: large\"><b>MULTITUDINARIA MOVILIZACI\u00d3N EN CONTRA DEL ACCIONAR DE LA POLIC\u00cdA<\/b><\/span><\/p>\n<div style=\"text-align: justify\"><a href=\"http:\/\/4.bp.blogspot.com\/-xIkb7MkHP4o\/VIS5hEp5jLI\/AAAAAAAAB08\/QaIYWuRVI9o\/s1600\/nueva_york_jpg_1718483346.jpg\" style=\"clear: left;float: left;margin-bottom: 1em;margin-right: 1em;text-align: center\"><img loading=\"lazy\" decoding=\"async\" border=\"0\" src=\"http:\/\/4.bp.blogspot.com\/-xIkb7MkHP4o\/VIS5hEp5jLI\/AAAAAAAAB08\/QaIYWuRVI9o\/s1600\/nueva_york_jpg_1718483346.jpg\" height=\"181\" width=\"320\" \/><\/a><span style=\"font-family: Verdana, sans-serif\">Al menos 83 personas fueron detenidas durante las manifestaciones realizadas en varios barrios de Nueva York para rechazar la decisi\u00f3n de un jurado de no procesar a un polic\u00eda blanco por la muerte de Eric Garner.<br \/>Unas cinco mil personas salieron a protestar en Times Square, Columbus Circle, Harlem e incluso Staten Island, el barrio donde muri\u00f3 Garner, de 43 a\u00f1os, durante un violento operativo policial el 17 de julio.<\/span><br \/><a name='more'><\/a><span style=\"font-family: Verdana, sans-serif\">En la ma\u00f1ana del jueves, la Polic\u00eda de Nueva York inform\u00f3 que los detenidos fueron 83, aunque no se se\u00f1alaron incidentes mayores.<br \/>Cerca al Rockefeller Center, donde se realizaba el encendido tradicional del \u00e1rbol de Navidad, cientos de personas se congregaron para manifestarse mezcl\u00e1ndose con los turistas. En Washington se realizaron peque\u00f1as manifestaciones sin que se reportaran incidentes.<\/span><\/p>\n<div style=\"text-align: justify\"><strong><span style=\"font-family: Verdana, sans-serif\">Semblanza<\/span><\/strong><\/div>\n<p><\/p>\n<div style=\"text-align: justify\"><span style=\"font-family: Verdana, sans-serif\">Eric Garner, padre de tres hijos, sospechoso de vender cigarrillos ilegalmente, fue sometido por la fuerza tras intentar resistirse al arresto por varios oficiales blancos, uno de los cuales, identificado como Daniel Pantaleo, lo tom\u00f3 por el cuello, una pr\u00e1ctica prohibida en Nueva York. <\/span><\/div>\n<div style=\"text-align: justify\"><span style=\"font-family: Verdana, sans-serif\">La actuaci\u00f3n de Pantaleo fue captada por la c\u00e1mara de un aficionado. En el video, Garner se queja en varias ocasiones de no poder respirar. Obeso y asm\u00e1tico, perdi\u00f3 luego el conocimiento y fue declarado muerto en el hospital.&nbsp; Su deceso fue calificado como homicidio por la oficina forense.<\/span><\/div>\n<div style=\"text-align: justify\"><span style=\"font-family: Verdana, sans-serif\"><b><span style=\"color: #3d85c6;font-size: x-small\">FUENTE: TELESUR<\/span><\/b><\/span><\/div>\n<div style=\"clear: both;text-align: center\"><a href=\"http:\/\/2.bp.blogspot.com\/-1QiEixq_Zz0\/VIS6JXmCylI\/AAAAAAAAB1E\/cbX2y2q9KMI\/s1600\/COOP%2BRIACHIUELO%2BPRODUCCIONES.jpg\" style=\"clear: left;float: left;margin-bottom: 1em;margin-right: 1em\"><span style=\"font-family: Verdana, sans-serif\"><img loading=\"lazy\" decoding=\"async\" border=\"0\" src=\"http:\/\/2.bp.blogspot.com\/-1QiEixq_Zz0\/VIS6JXmCylI\/AAAAAAAAB1E\/cbX2y2q9KMI\/s1600\/COOP%2BRIACHIUELO%2BPRODUCCIONES.jpg\" height=\"58\" width=\"200\" \/><\/span><\/a><\/div>\n<div style=\"text-align: justify\"><span style=\"font-family: Verdana, sans-serif\"><br \/><\/span><span style=\"font-family: Verdana, sans-serif\"><br \/><\/span><span style=\"font-family: Verdana, sans-serif\"><br \/><\/span><\/div>\n<p><span style=\"font-family: Verdana, sans-serif\"><span style=\"font-size: small\">&nbsp;<\/span><\/p>\n<p>&nbsp;&nbsp;<\/span><\/div>\n","protected":false},"excerpt":{"rendered":"<p>PROTESTAS &nbsp;EN EE.UU.MULTITUDINARIA MOVILIZACI\u00d3N EN CONTRA DEL ACCIONAR DE LA POLIC\u00cdA Al menos 83 personas fueron detenidas durante las manifestaciones realizadas en varios barrios de Nueva York para rechazar la decisi\u00f3n de un jurado de no procesar a un polic\u00eda blanco por la muerte de Eric Garner.Unas cinco mil personas salieron a protestar en Times [&hellip;]<\/p>\n","protected":false},"author":4,"featured_media":0,"comment_status":"open","ping_status":"open","sticky":false,"template":"","format":"standard","meta":{"_monsterinsights_skip_tracking":false,"_monsterinsights_sitenote_active":false,"_monsterinsights_sitenote_note":"","_monsterinsights_sitenote_category":0,"jnews-multi-image_gallery":[],"jnews_single_post":{"format":"standard"},"jnews_primary_category":[],"_joinchat":[],"footnotes":""},"categories":[58],"tags":[167],"class_list":["post-897","post","type-post","status-publish","format-standard","hentry","category-noticiariachuelo","tag-politica-internacional"],"_links":{"self":[{"href":"http:\/\/fmriachuelo.it10.com.ar\/index.php\/wp-json\/wp\/v2\/posts\/897","targetHints":{"allow":["GET"]}}],"collection":[{"href":"http:\/\/fmriachuelo.it10.com.ar\/index.php\/wp-json\/wp\/v2\/posts"}],"about":[{"href":"http:\/\/fmriachuelo.it10.com.ar\/index.php\/wp-json\/wp\/v2\/types\/post"}],"author":[{"embeddable":true,"href":"http:\/\/fmriachuelo.it10.com.ar\/index.php\/wp-json\/wp\/v2\/users\/4"}],"replies":[{"embeddable":true,"href":"http:\/\/fmriachuelo.it10.com.ar\/index.php\/wp-json\/wp\/v2\/comments?post=897"}],"version-history":[{"count":1,"href":"http:\/\/fmriachuelo.it10.com.ar\/index.php\/wp-json\/wp\/v2\/posts\/897\/revisions"}],"predecessor-version":[{"id":22009,"href":"http:\/\/fmriachuelo.it10.com.ar\/index.php\/wp-json\/wp\/v2\/posts\/897\/revisions\/22009"}],"wp:attachment":[{"href":"http:\/\/fmriachuelo.it10.com.ar\/index.php\/wp-json\/wp\/v2\/media?parent=897"}],"wp:term":[{"taxonomy":"category","embeddable":true,"href":"http:\/\/fmriachuelo.it10.com.ar\/index.php\/wp-json\/wp\/v2\/categories?post=897"},{"taxonomy":"post_tag","embeddable":true,"href":"http:\/\/fmriachuelo.it10.com.ar\/index.php\/wp-json\/wp\/v2\/tags?post=897"}],"curies":[{"name":"wp","href":"https:\/\/api.w.org\/{rel}","templated":true}]}}