{"id":8967,"date":"2019-02-05T22:14:07","date_gmt":"2019-02-05T22:14:07","guid":{"rendered":"http:\/\/fmriachuelo.com.ar\/?p=8967"},"modified":"2019-02-05T22:14:07","modified_gmt":"2019-02-05T22:14:07","slug":"trabajadores-de-oropel-celebraron-un-ano-de-lucha-y-resistencia-en-sus-lugares-de-trabajo","status":"publish","type":"post","link":"http:\/\/fmriachuelo.it10.com.ar\/index.php\/2019\/02\/05\/trabajadores-de-oropel-celebraron-un-ano-de-lucha-y-resistencia-en-sus-lugares-de-trabajo\/","title":{"rendered":"TRABAJADORES DE OROPEL CELEBRARON UN A\u00d1O DE LUCHA Y RESISTENCIA EN SUS LUGARES DE TRABAJO"},"content":{"rendered":"<p><strong>[FM RIACHUELO 05\/02\/2019]\u00a0A un a\u00f1o del inicio del conflicto, los trabajadores de la f\u00e1brica de pl\u00e1sticos Oropel, de La Boca, realizaron una olla popular junto a organizaciones sociales y pol\u00edticas del barrio para visibilizar sus demandas y celebrar la resistencia dentro de la f\u00e1brica.<\/strong><\/p>\n<p>Luego de muchos de meses de conflicto, los trabajadores organizados junto a la\u00a0FeTraES\u00a0(Federaci\u00f3n de Trabajadores por la Econom\u00eda Social Limitada)\u00a0iniciaron el camino para formar una\u00a0cooperativa\u00a0y poder continuar con la producci\u00f3n. Si bien est\u00e1n a la espera de la resoluci\u00f3n de la magistrada, los trabajadores quieren recuperar sus puestos laborales. Tomas, integrante de la cooperativa sostuvo en di\u00e1logo con Rompe el Cerco Informativo: <em>\u201cTenemos la esperanza de que la jueza dictamine el fallo a partir del mes de abril y que sea favorable a los trabajadores y sus familias para poner en marcha la planta nuevamente porque queremos trabajar dentro de la ley. Conformamos una cooperativa de 56 compa\u00f1eros, lo \u00fanico que anhelamos es conservar nuestras fuentes de trabajo\u201d.<\/em><\/p>\n<p>Oropel\u00a0fue fundada en 1963, sus trabajadores tienen, en promedio, 20 a\u00f1os de antig\u00fcedad. Las irregularidades comenzaron en 2012; al a\u00f1o siguiente la firma cerr\u00f3 una de sus plantas y la planta porte\u00f1a comenz\u00f3 a registrar cada vez m\u00e1s problemas. En 2016 los due\u00f1os de la empresa abandonaran la planta a pesar del alto nivel de producci\u00f3n y de la gran cartera de clientes. Le entregan entonces la administraci\u00f3n de la empresa a\u00a0Alejandro Garc\u00eda Calabria, quien asumi\u00f3 el cargo de director. En su gesti\u00f3n, el endeudamiento y las falencias se multiplicaron.<\/p>\n","protected":false},"excerpt":{"rendered":"<p>[FM RIACHUELO 05\/02\/2019]\u00a0A un a\u00f1o del inicio del conflicto, los trabajadores de la f\u00e1brica de pl\u00e1sticos Oropel, de La Boca, realizaron una olla popular junto a organizaciones sociales y pol\u00edticas del barrio para visibilizar sus demandas y celebrar la resistencia dentro de la f\u00e1brica. Luego de muchos de meses de conflicto, los trabajadores organizados junto [&hellip;]<\/p>\n","protected":false},"author":5,"featured_media":8968,"comment_status":"open","ping_status":"open","sticky":false,"template":"","format":"standard","meta":{"_monsterinsights_skip_tracking":false,"_monsterinsights_sitenote_active":false,"_monsterinsights_sitenote_note":"","_monsterinsights_sitenote_category":0,"jnews-multi-image_gallery":[],"jnews_single_post":[],"jnews_primary_category":[],"_joinchat":[],"footnotes":""},"categories":[78,76],"tags":[],"class_list":["post-8967","post","type-post","status-publish","format-standard","has-post-thumbnail","hentry","category-economia-popular","category-salud-comunitaria"],"_links":{"self":[{"href":"http:\/\/fmriachuelo.it10.com.ar\/index.php\/wp-json\/wp\/v2\/posts\/8967","targetHints":{"allow":["GET"]}}],"collection":[{"href":"http:\/\/fmriachuelo.it10.com.ar\/index.php\/wp-json\/wp\/v2\/posts"}],"about":[{"href":"http:\/\/fmriachuelo.it10.com.ar\/index.php\/wp-json\/wp\/v2\/types\/post"}],"author":[{"embeddable":true,"href":"http:\/\/fmriachuelo.it10.com.ar\/index.php\/wp-json\/wp\/v2\/users\/5"}],"replies":[{"embeddable":true,"href":"http:\/\/fmriachuelo.it10.com.ar\/index.php\/wp-json\/wp\/v2\/comments?post=8967"}],"version-history":[{"count":0,"href":"http:\/\/fmriachuelo.it10.com.ar\/index.php\/wp-json\/wp\/v2\/posts\/8967\/revisions"}],"wp:featuredmedia":[{"embeddable":true,"href":"http:\/\/fmriachuelo.it10.com.ar\/index.php\/wp-json\/wp\/v2\/media\/8968"}],"wp:attachment":[{"href":"http:\/\/fmriachuelo.it10.com.ar\/index.php\/wp-json\/wp\/v2\/media?parent=8967"}],"wp:term":[{"taxonomy":"category","embeddable":true,"href":"http:\/\/fmriachuelo.it10.com.ar\/index.php\/wp-json\/wp\/v2\/categories?post=8967"},{"taxonomy":"post_tag","embeddable":true,"href":"http:\/\/fmriachuelo.it10.com.ar\/index.php\/wp-json\/wp\/v2\/tags?post=8967"}],"curies":[{"name":"wp","href":"https:\/\/api.w.org\/{rel}","templated":true}]}}