{"id":8962,"date":"2019-02-04T23:29:21","date_gmt":"2019-02-04T23:29:21","guid":{"rendered":"http:\/\/fmriachuelo.com.ar\/?p=8962"},"modified":"2019-02-04T23:29:21","modified_gmt":"2019-02-04T23:29:21","slug":"reflexiones-sobre-la-jornada-de-enero-de-vacaciones-en-la-plaza","status":"publish","type":"post","link":"http:\/\/fmriachuelo.it10.com.ar\/index.php\/2019\/02\/04\/reflexiones-sobre-la-jornada-de-enero-de-vacaciones-en-la-plaza\/","title":{"rendered":"REFLEXIONES SOBRE LA JORNADA DE ENERO DE \u201cVACACIONES EN LA PLAZA\u201d"},"content":{"rendered":"<p><strong>[FM RIACHUELO 04\/02\/2019] El jueves pasado culmin\u00f3 la jornada de enero de \u201cvacaciones en la plaza: desde abajo y en unidad\u201d, que va a continuar todos los jueves de febrero en Plaza Matheu de 17:30 a 19:30hs, coordinado por las organizaciones sociales y barriales de La Boca.<\/strong><\/p>\n<p>Las actividades que se realizaron en la plaza cada martes y jueves de enero fue la respuesta de las organizaciones populares frente a la falta de vacantes en las colonias del Gobierno de la Ciudad de Buenos Aires, que dej\u00f3 a decenas de ni\u00f1os y ni\u00f1as afuera. La gran concurrencia deriv\u00f3 en la idea de continuar con \u201cvacaciones en la plaza\u201d durante el mes de febrero para que lo m\u00e1s chicos tengan la posibilidad de disfrutar el verano en los espacios p\u00fablicos de nuestro barrio.<\/p>\n<p>Las actividades del \u00faltimo jueves de enero estuvieron a cargo de la Organizaci\u00f3n Social y Pol\u00edtica Los Pibes, que como en las anteriores oportunidades cont\u00f3 con clases de circo, taller de dibujo, ajedrez, biblioteca popular, y merienda. En esta \u00faltima jornada tambi\u00e9n estuvo presente la FM Riachuelo, con radio abierta y taller radial. Diferentes referentes prestaron su voz para reflexionar y hacer un balance sobre el trabajo llevado adelante durante el mes, que permiti\u00f3, adem\u00e1s, profundizar y consolidar el v\u00ednculo entre las organizaciones populares del barrio.<\/p>\n<p>Brian recicladores de La Boca, Lucila del Movimiento Popular La Dignidad,Jonatan del Frente Popular Dario Santillan y Mart\u00edn Vel\u00e1zquez fueron los referentes que expusieron lo siguiente:<\/p>\n<p>Lucila del Movimiento Popular La Dignidad fue la primera oradora: \u201c<em>Fue un acierto no solo las actividades sino en la \u00e9poca en la coyuntura que estamos viviendo, tener todas estas organizaciones unidas haciendo cosas en la calle y en el barrio, esto es lo m\u00e1s importante. Estamos donde tenemos que estar y pensando lo que los vecinos y vecinas que lo necesitan<\/em>\u201d.<\/p>\n<p>Por su parte, Jonat\u00e1n del Frente Popular Dar\u00edo Santill\u00e1n sostuvo que \u201c<em>los chicos se merecen un lugar donde jugar, y si los responsables no lo hacen, lo hacemos las organizaciones sociales con los vecinos. Todos vivimos en conventillos, lugares hacinados y precarios. Cuando ven\u00eds ac\u00e1, y ves a los chicos jugando, realmente te dignifica y te dan ganas de seguir luchando, sobre todo cuando el gobierno de turno se propone desaparecernos a los trabajadores del barrio, de la econom\u00eda popular<\/em>\u201d.<\/p>\n<p>Martin Vel\u00e1zquez de la Casa Popular \u201cEl Patio\u201d hablo de la unidad entre organizaciones del barrio: \u00ab<em>esto es una muestra de que no hay diferencias entre nosotros. Muchas veces pretenden buscar el quiebre. En este mes mostramos que eso se puede vencer f\u00e1cilmente, con claridad decisi\u00f3n pol\u00edtica y trabajo.\u00a0 La unidad puede vencer cualquier tipo de politiquer\u00eda barata<\/em>\u201d.<\/p>\n<p>Brian de recicladores de La Boca finaliz\u00f3 la ronda resaltando que \u201c<em>la \u00fanica salida es organiz\u00e1ndonos, luchando y resistiendo. Ellos quieren separarnos con el pensamiento individualista y nosotros les respondemos con esto, les demostramos como se labura en la boca<\/em>\u201d.<\/p>\n<p><strong><span style=\"color: #0000ff\"><a href=\"https:\/\/radiocut.fm\/audiocut\/reflexiones-de-las-organizaciones-sociales-sobre-la-jornada-vacaciones-en-la-plaza\/\" target=\"_blank\" rel=\"noopener\">Escucha las intervenciones ac\u00e1<\/a><\/span><\/strong><\/p>\n","protected":false},"excerpt":{"rendered":"<p>[FM RIACHUELO 04\/02\/2019] El jueves pasado culmin\u00f3 la jornada de enero de \u201cvacaciones en la plaza: desde abajo y en unidad\u201d, que va a continuar todos los jueves de febrero en Plaza Matheu de 17:30 a 19:30hs, coordinado por las organizaciones sociales y barriales de La Boca. Las actividades que se realizaron en la plaza [&hellip;]<\/p>\n","protected":false},"author":5,"featured_media":8963,"comment_status":"open","ping_status":"open","sticky":false,"template":"","format":"standard","meta":{"_monsterinsights_skip_tracking":false,"_monsterinsights_sitenote_active":false,"_monsterinsights_sitenote_note":"","_monsterinsights_sitenote_category":0,"jnews-multi-image_gallery":[],"jnews_single_post":[],"jnews_primary_category":[],"_joinchat":[],"footnotes":""},"categories":[78,76,77],"tags":[],"class_list":["post-8962","post","type-post","status-publish","format-standard","has-post-thumbnail","hentry","category-economia-popular","category-salud-comunitaria","category-soberania"],"_links":{"self":[{"href":"http:\/\/fmriachuelo.it10.com.ar\/index.php\/wp-json\/wp\/v2\/posts\/8962","targetHints":{"allow":["GET"]}}],"collection":[{"href":"http:\/\/fmriachuelo.it10.com.ar\/index.php\/wp-json\/wp\/v2\/posts"}],"about":[{"href":"http:\/\/fmriachuelo.it10.com.ar\/index.php\/wp-json\/wp\/v2\/types\/post"}],"author":[{"embeddable":true,"href":"http:\/\/fmriachuelo.it10.com.ar\/index.php\/wp-json\/wp\/v2\/users\/5"}],"replies":[{"embeddable":true,"href":"http:\/\/fmriachuelo.it10.com.ar\/index.php\/wp-json\/wp\/v2\/comments?post=8962"}],"version-history":[{"count":0,"href":"http:\/\/fmriachuelo.it10.com.ar\/index.php\/wp-json\/wp\/v2\/posts\/8962\/revisions"}],"wp:featuredmedia":[{"embeddable":true,"href":"http:\/\/fmriachuelo.it10.com.ar\/index.php\/wp-json\/wp\/v2\/media\/8963"}],"wp:attachment":[{"href":"http:\/\/fmriachuelo.it10.com.ar\/index.php\/wp-json\/wp\/v2\/media?parent=8962"}],"wp:term":[{"taxonomy":"category","embeddable":true,"href":"http:\/\/fmriachuelo.it10.com.ar\/index.php\/wp-json\/wp\/v2\/categories?post=8962"},{"taxonomy":"post_tag","embeddable":true,"href":"http:\/\/fmriachuelo.it10.com.ar\/index.php\/wp-json\/wp\/v2\/tags?post=8962"}],"curies":[{"name":"wp","href":"https:\/\/api.w.org\/{rel}","templated":true}]}}