{"id":896,"date":"2014-12-08T13:43:00","date_gmt":"2014-12-08T13:43:00","guid":{"rendered":"http:\/\/fmriachuelo.observatorioess.org.ar\/index.php\/2014\/12\/08\/chubut-se-burlo-la-voluntad-popular\/"},"modified":"2025-03-17T11:59:45","modified_gmt":"2025-03-17T14:59:45","slug":"chubut-se-burlo-la-voluntad-popular","status":"publish","type":"post","link":"http:\/\/fmriachuelo.it10.com.ar\/index.php\/2014\/12\/08\/chubut-se-burlo-la-voluntad-popular\/","title":{"rendered":"CHUBUT: SE BURL\u00d3 LA VOLUNTAD POPULAR"},"content":{"rendered":"<p><span style=\"font-family: Verdana, sans-serif\">\u00bfLAS DEMOCRACIAS REPRESENTATIVAS A QUIEN REPRESENTAN HOY?<\/span><br \/><strong style=\"color: red\"><span style=\"font-family: Verdana, sans-serif;font-size: large\">DESHONRAR LA DEMOCRACIA<\/span><\/strong><br \/><a href=\"http:\/\/2.bp.blogspot.com\/-L8NXA7S-2kU\/VIXwFK_YcYI\/AAAAAAAAB1U\/1E09W2qrUZo\/s1600\/no%2Ba%2Bla%2Bmina.jpg\" style=\"clear: left;float: left;margin-bottom: 1em;margin-right: 1em\"><span style=\"font-family: Verdana, sans-serif\"><img loading=\"lazy\" decoding=\"async\" border=\"0\" src=\"http:\/\/2.bp.blogspot.com\/-L8NXA7S-2kU\/VIXwFK_YcYI\/AAAAAAAAB1U\/1E09W2qrUZo\/s1600\/no%2Ba%2Bla%2Bmina.jpg\" height=\"240\" width=\"320\" \/><\/span><\/a><span style=\"color: red;font-family: Verdana, sans-serif\"><span style=\"color: black;font-size: small\"><strong>Compartimos la reflexi\u00f3n que plantea la soci\u00f3loga Norma Giarraca (Soci\u00f3loga. Instituto Gino Germani-UBA)&nbsp;respecto de la situaci\u00f3n de las asambleas populares que impulsan las leyes y los representantes elegidos democr\u00e1ticamente que parecen representar intereses ajenos a los de los pueblos. \u00bfSer\u00e1 hora de legalizar las democracias participativas?<\/strong><\/span><\/span><br \/><a name='more'><\/a><br \/><span style=\"color: red;font-family: Verdana, sans-serif\"><span style=\"color: black;font-size: small\">La posibilidad de la vida en democracia es uno de los valores sentidos como valiosos por la humanidad; desde los griegos, pasando por el pensamiento liberal que lo conceb\u00eda como su m\u00e1xima expresi\u00f3n emancipadora; por el socialismo, que la entend\u00eda como herramienta para conseguir una sociedad sin clases, y hasta por los nuevos pensamientos que surgen al calor de las luchas en el siglo XXI, que la piensan como modos directos (\u201cmandar obedeciendo\u201d, por ejemplo). Ya es una idea de la humanidad. Si bien en distintas culturas apela a sentidos diferentes, en todos los casos supone un gran avance de la convivencia entre los seres humanos y la superaci\u00f3n de la violencia y la destrucci\u00f3n. La democracia liberal se basa en una construcci\u00f3n moderna denominada \u201crepresentaci\u00f3n\u201d y supone que unas pocas personas est\u00e1n en condiciones de representar deseos, intereses, aspiraciones de una parte (constituida en partido) de la poblaci\u00f3n y entre todos los partidos, al conjunto.<\/span><br \/><span style=\"color: black;font-size: small\">Desde hace d\u00e9cadas circula la fuerte sospecha de que todo sistema de representaci\u00f3n est\u00e1 fallado y las consecuencias de esta situaci\u00f3n traen severas heridas a su democracia, base del desarrollo del capitalismo moderno.<\/span><\/span><br \/><span style=\"color: red;font-family: Verdana, sans-serif\"><span style=\"color: black;font-size: small\">En nuestro pa\u00eds, una expresi\u00f3n dram\u00e1tica de esta crisis fue el ciclo de 2000-2003, donde la mayor\u00eda de los argentinos gritaron a la dirigencia pol\u00edtica \u201cque se vayan todos, que no quede ni uno solo\u201d. Una nueva salida electoral con la renovada promesa de que esta vez se respetar\u00edan los mandatos mayoritarios, se escuchar\u00edan las voces de abajo del poder, calm\u00f3 las aguas por un tiempo. No obstante, en los territorios amenazados por el modelo de acumulaci\u00f3n basado en actividades extractivas, las poblaciones decidieron controlar de cerca y se constituyeron en \u201casambleas\u201d. Es decir, en esos territorios amenazados por la miner\u00eda, el fracking, la expansi\u00f3n sojera, la democracia liberal convive en peque\u00f1a escala con otros modos de democracia, asamblearias, sin representaciones, que aspiran a formas de democracia directa.<\/span><br \/><span style=\"color: black;font-size: small\">En uno de esos territorios, Chubut, el martes 25 de noviembre una situaci\u00f3n mostr\u00f3 la tensi\u00f3n de esa convivencia entre la forma de \u201cdemocracia liberal\u201d y modos novedosos de democracia asamblearia. La Legislatura de la provincia deb\u00eda aceptar o rechazar un proyecto de ley emanado de la constitucional iniciativa popular que implica que con el 3 por ciento de firmas del padr\u00f3n electoral se puede presentar una ley; lo hab\u00eda logrado el conjunto de las asambleas de vecinos contra la miner\u00eda que vienen batallando desde 2002 para que no se establezca esa actividad devastadora en toda la provincia.<\/span><br \/><span style=\"color: black;font-size: small\">La Legislatura deb\u00eda aceptar o rechazar el proyecto, pero un conjunto de diputados escribieron otra ley que nada tiene que ver con la emanada de las asambleas y, deshonrando la democracia, la votaban como \u201cel proyecto de la mayor\u00eda\u201d. Es decir, con un golpe de tim\u00f3n, pasaron a votar no la ley emanada de la iniciativa popular sino la otra. Los argumentos que se escucharon de quienes apoyaron esa \u201cley expr\u00e9s\u201d ofenden la inteligencia de cualquier argentino medianamente informado, \u201cdieron verg\u00fcenza ajena\u201d. Demos un ejemplo: quienes seguimos estos temas conocemos que cualquier estudiante de grado o activista europeo o latinoamericano que siga el tema sabe de sobra que los dos puntos del planeta donde no s\u00f3lo se ganaron por primera vez plebiscitos contra la miner\u00eda sino que se abrieron debates serios, informados, ejemplificadores, fueron Tambogrande en Per\u00fa y Esquel en la Argentina. Pues bien, los llamados \u201crepresentantes\u201d fundamentaban una moratoria de cuatro meses que establece la ley de r\u00e1pida factura, diciendo que se deben un debate sobre miner\u00eda y que hay que dar tiempo a que se lleve a cabo. \u00bfD\u00f3nde vivi\u00f3 todos estos a\u00f1os \u201cla representante\u201d provincial? \u00bfC\u00f3mo sus compa\u00f1eros de bancada no le advert\u00edan por lo bajo el disparate que estaba enunciando?<\/span><br \/><span style=\"color: black;font-size: small\">Pero lo m\u00e1s grave del escenario de la pol\u00edtica de representaci\u00f3n (supuestamente de la voluntad popular) fue lo que ocurri\u00f3 con el diputado Gustavo Mu\u00f1iz del PJ, fotografiado recibiendo \u00f3rdenes de una de las empresas mineras que est\u00e1n detr\u00e1s de estas leyes. \u00bfA qui\u00e9n representa Mu\u00f1iz? \u00bfEs legal que las empresas interesadas en instalarse y que son rechazadas por las poblaciones den \u00f3rdenes a los \u201crepresentantes del pueblo\u201d? \u00bfQu\u00e9 validez tiene esta ley con estos sesgos dantescos y coloniales que pudimos seguir esa noche? \u00bfNo habr\u00e1 que pedir, por la salud de la enferma y cuestionada democracia representativa, que se anule todo lo actuado el 25 de noviembre en la Legislatura de Chubut?<\/span><br \/><span style=\"color: black;font-size: small\">A punto de entrar en un a\u00f1o electoral, ya bastante tenemos con un panorama desalentador en el nivel nacional como para hacer que no pas\u00f3 nada en esa Legislatura provincial. Podemos seguir con pr\u00e1cticas asamblearias, aut\u00f3nomas, pero debemos m\u00ednimamente poder recurrir a los mecanismos constitucionales que permiten cierto acercamiento y trabajo con \u201clos representantes\u201d. Admitamos que no siempre sale mal, muchas veces entre movimientos sociales y legisladores se lograron avances importantes en materia de derechos sociales y ambientales (la Ley de Glaciares, por ejemplo). Pero se necesita un piso en la seriedad de las pr\u00e1cticas de los \u201crepresentantes\u201d que, si no existe, como en este caso, se deshonra la posibilidad democr\u00e1tica y conduce, a quienes apostamos a otros modos novedosos de convivencia, a expresar \u201cnuestras dignas rabias\u201d, como dicen los zapatistas.<\/span><\/span><br \/><span style=\"background-color: white;color: #0b5394;font-family: Verdana, sans-serif;font-size: x-small\"><b>FUENTE: P\u00c1GINA 12<\/b><\/span><br \/><span style=\"background-color: white;color: #0b5394;font-family: Verdana, sans-serif;font-size: x-small\"><b><br \/><\/b><\/span><span style=\"color: red;font-family: Verdana, sans-serif;font-size: large\"><b>EN DEFENSA DE LA VIDA<\/b><\/span><\/p>\n<div style=\"clear: both;text-align: center\"><a href=\"http:\/\/1.bp.blogspot.com\/--3Adz5yB6io\/VIG2GxfF5rI\/AAAAAAAAByg\/2XAs_Wa-v9c\/s1600\/no%2Ba%2Bla%2Bmina.jpg\" style=\"clear: left;float: left;margin-bottom: 1em;margin-right: 1em\"><span style=\"font-family: Verdana, sans-serif\"><img loading=\"lazy\" decoding=\"async\" border=\"0\" src=\"http:\/\/1.bp.blogspot.com\/--3Adz5yB6io\/VIG2GxfF5rI\/AAAAAAAAByg\/2XAs_Wa-v9c\/s1600\/no%2Ba%2Bla%2Bmina.jpg\" height=\"213\" width=\"320\" \/><\/span><\/a><\/div>\n<p><span style=\"font-family: Verdana, sans-serif\"><b>[FMR05\/12\/14]!!! NO PASAR\u00c1N!!! NO HAY LICENCIA SOCIAL!!<\/b><\/span><br \/><span style=\"font-family: Verdana, sans-serif\"><b><span style=\"background-color: white;color: #141823;line-height: 19.31px\">T<\/span>odo Chubut se moviliz\u00f3. Vecinos, asambleas y organizaciones sociales de Lago Puelo, Rawson, Trelew, Puerto Madryn, Esquel y Comodoro Rivadavia convocaron a todo el pueblo chubutense a movilizarse ayer jueves contra la ley aprobada la semana pasada por la Legislatura y que fuera promulgada por el gobernador Mart\u00edn Buzzi.<\/b><br \/>Se multiplica el repudio y la indignaci\u00f3n ciudadana ante lo que es calificado como un acto de corrupci\u00f3n y fraude dictado por las empresas mineras.<br \/>Reclaman el tratamiento de la iniciativa popular avalada por m\u00e1s de 13.000 ciudadanos.<br \/>Un pu\u00f1ado de politicuchos corruptos y traidores, una plaza, 6 kil\u00f3metros, m\u00e1s de 5 mil personas en la calle (en d\u00eda de semana y horario de comercio) y un pueblodigno que defiende la vida y la autodeterminaci\u00f3n. Todo Chubut de pie contra el fraude, la corrupci\u00f3n, el saqueo y la contaminaci\u00f3n. Por la anulaci\u00f3n del engendro pol\u00edtico-minero y por el tratamiento justo y leg\u00edtimo del proyecto de ley presentado por Iniciativa Popular. Un pueblo digno que no se vende, no puede ni podr\u00e1 ser comprado!!! NO PASAR\u00c1N!!! NO HAY LICENCIA SOCIAL!!<\/span><br \/><span style=\"color: #3d85c6\"><span style=\"background-color: white;font-family: Verdana, sans-serif;font-size: x-small;line-height: 15.35px\"><b>FUENTE: FACEBOOK.COM\/NOALAMINA ESQUEL<\/b><\/span><\/span><br \/><span style=\"color: #3d85c6\"><span style=\"background-color: white;font-family: Verdana, sans-serif;font-size: x-small;line-height: 15.35px\"><b>PRODUCCIONES RIACHUELO<\/b><\/span><\/span><\/p>\n","protected":false},"excerpt":{"rendered":"<p>\u00bfLAS DEMOCRACIAS REPRESENTATIVAS A QUIEN REPRESENTAN HOY?DESHONRAR LA DEMOCRACIACompartimos la reflexi\u00f3n que plantea la soci\u00f3loga Norma Giarraca (Soci\u00f3loga. Instituto Gino Germani-UBA)&nbsp;respecto de la situaci\u00f3n de las asambleas populares que impulsan las leyes y los representantes elegidos democr\u00e1ticamente que parecen representar intereses ajenos a los de los pueblos. \u00bfSer\u00e1 hora de legalizar las democracias participativas?La posibilidad [&hellip;]<\/p>\n","protected":false},"author":4,"featured_media":0,"comment_status":"open","ping_status":"open","sticky":false,"template":"","format":"standard","meta":{"_monsterinsights_skip_tracking":false,"_monsterinsights_sitenote_active":false,"_monsterinsights_sitenote_note":"","_monsterinsights_sitenote_category":0,"jnews-multi-image_gallery":[],"jnews_single_post":{"format":"standard"},"jnews_primary_category":[],"_joinchat":[],"footnotes":""},"categories":[58],"tags":[147,157],"class_list":["post-896","post","type-post","status-publish","format-standard","hentry","category-noticiariachuelo","tag-habitat","tag-nadie-se-salva-solo"],"_links":{"self":[{"href":"http:\/\/fmriachuelo.it10.com.ar\/index.php\/wp-json\/wp\/v2\/posts\/896","targetHints":{"allow":["GET"]}}],"collection":[{"href":"http:\/\/fmriachuelo.it10.com.ar\/index.php\/wp-json\/wp\/v2\/posts"}],"about":[{"href":"http:\/\/fmriachuelo.it10.com.ar\/index.php\/wp-json\/wp\/v2\/types\/post"}],"author":[{"embeddable":true,"href":"http:\/\/fmriachuelo.it10.com.ar\/index.php\/wp-json\/wp\/v2\/users\/4"}],"replies":[{"embeddable":true,"href":"http:\/\/fmriachuelo.it10.com.ar\/index.php\/wp-json\/wp\/v2\/comments?post=896"}],"version-history":[{"count":1,"href":"http:\/\/fmriachuelo.it10.com.ar\/index.php\/wp-json\/wp\/v2\/posts\/896\/revisions"}],"predecessor-version":[{"id":22011,"href":"http:\/\/fmriachuelo.it10.com.ar\/index.php\/wp-json\/wp\/v2\/posts\/896\/revisions\/22011"}],"wp:attachment":[{"href":"http:\/\/fmriachuelo.it10.com.ar\/index.php\/wp-json\/wp\/v2\/media?parent=896"}],"wp:term":[{"taxonomy":"category","embeddable":true,"href":"http:\/\/fmriachuelo.it10.com.ar\/index.php\/wp-json\/wp\/v2\/categories?post=896"},{"taxonomy":"post_tag","embeddable":true,"href":"http:\/\/fmriachuelo.it10.com.ar\/index.php\/wp-json\/wp\/v2\/tags?post=896"}],"curies":[{"name":"wp","href":"https:\/\/api.w.org\/{rel}","templated":true}]}}