{"id":8959,"date":"2019-02-04T15:01:20","date_gmt":"2019-02-04T15:01:20","guid":{"rendered":"http:\/\/fmriachuelo.com.ar\/?p=8959"},"modified":"2019-02-04T15:01:20","modified_gmt":"2019-02-04T15:01:20","slug":"caso-lucas-cabello-comienza-el-juicio-por-gatillo-facil","status":"publish","type":"post","link":"http:\/\/fmriachuelo.it10.com.ar\/index.php\/2019\/02\/04\/caso-lucas-cabello-comienza-el-juicio-por-gatillo-facil\/","title":{"rendered":"CASO LUCAS CABELLO: COMIENZA EL JUICIO POR  GATILLO FACIL"},"content":{"rendered":"<p><strong>[Por Colectivo de Medios Populares* 04\/02\/2019] El martes 12 de febrero se realizar\u00e1 la primera audiencia del juicio oral contra el polic\u00eda Ricardo Ayala. Familiares de v\u00edctimas de la represi\u00f3n estatal, organizaciones de La Boca y organismos de derechos humanos acompa\u00f1ar\u00e1n a Lucas y a su familia con una radio abierta y actividades culturales en la puerta de los tribunales de Talcahuano 550 desde las 9hs. En noviembre del 2015, el joven recibi\u00f3 tres disparos en la puerta de su casa que le ocasionaron severas heridas de la cuales hoy todav\u00eda se est\u00e1 recuperando. <\/strong><\/p>\n<p>El 9 de noviembre del 2015, Lucas Cabello, un joven vecino del barrio de La Boca, fue atacado en la puerta de su casa frente a su hija de 2 a\u00f1os y su mujer por el efectivo de la ex Polic\u00eda Metropolitana, Ricardo Ayala. El brutal accionar del agente, que dispar\u00f3 tres veces a quemarropa, le dej\u00f3 heridas grav\u00edsimas a Lucas quien se recupera en silla de ruedas. Tras tres a\u00f1os de lucha por parte de Lucas, su familia y las organizaciones del barrio, finalmente el pr\u00f3ximo martes 12 de febrero iniciar\u00e1 el juicio oral y p\u00fablico ante el Tribunal Oral en lo Criminal N\u00b0 1. El juicio se llevar\u00e1 adelante en los palacios de Tribunales, en Talcahuano 550. Ayala llega en libertad.<\/p>\n<p>El ataque contra Lucas ocurri\u00f3 diez d\u00edas despu\u00e9s de que Mauricio Macri ganara la primera vuelta de las elecciones presidenciales e inaugur\u00f3 la versi\u00f3n del Macrismo en materia de \u201cseguridad\u201d, anticipando lo que luego ser\u00eda la \u201cDoctrina Chocobar\u201d, defendida a ultranza por la ministra Patricia Bullrich. Aquel 9 de noviembre, mientras Lucas luchaba por su vida en el Hospital Argerich, la vicejefa de Gobierno porte\u00f1o y reci\u00e9n electa gobernadora de la provincia de Buenos Aires, Mar\u00eda Eugenia Vidal, justific\u00f3 el accionar policial argumentando que hab\u00eda ocurrido a partir de una alerta de bot\u00f3n antip\u00e1nico por supuesta violencia de g\u00e9nero, algo que nunca existi\u00f3. La versi\u00f3n de Vidal y la versi\u00f3n policial del enfrentamiento fueron desmentidas tanto por la mujer de Lucas como por los vecinos y el colectivo Ni una Menos.<\/p>\n<p>La historia de Lucas es tambi\u00e9n la historia de un barrio que viene sufriendo las expulsivas pol\u00edticas p\u00fablicas del PRO en materia habitacional. Lucas fue baleado por el polic\u00eda Ayala en la puerta de su casa, un hogar de \u201ctr\u00e1nsito\u201d donde desde hac\u00eda m\u00e1s de una d\u00e9cada viv\u00edan varias familias reubicadas de un conventillo del IVC (Instituto de Vivienda porte\u00f1o). Hacinamiento, desalojos e incendios son moneda corriente en La Boca, donde el Gobierno porte\u00f1o impulsa la especulaci\u00f3n y los negocios inmobiliarios a costa de la expulsi\u00f3n de los vecinos y vecinas.<\/p>\n<p>La historia de Lucas es tambi\u00e9n la muestra de la ineficiencia de las pol\u00edticas p\u00fablicas para resolver conflictos vecinales. El polic\u00eda Ayala estaba de consigna en la puerta del edificio por un conflicto del que nada ten\u00eda que ver la familia de Lucas. Adem\u00e1s, el Estado envi\u00f3 un uniformado que no ten\u00eda la capacitaci\u00f3n suficiente. Ayala ten\u00eda 20 a\u00f1os y s\u00f3lo seis meses de entrenamiento.<\/p>\n<p><strong>LA CAUSA<\/strong><\/p>\n<p>En enero del 2017 la C\u00e1mara Nacional de Apelaciones reconoci\u00f3 que el intento de homicidio de Ayala a Lucas Cabello represent\u00f3 \u201cuna grave violaci\u00f3n a los derechos humanos\u201d y revirti\u00f3 la actuaci\u00f3n del juez Osvaldo Rappa que hab\u00eda calificado el hecho como \u201cexceso en leg\u00edtima defensa\u201d. La apelaci\u00f3n fue lograda por la querella de la familia de Cabello, conformada por los letrados Nahuel Berguier y Gabriela Carpineti, junto a la Procuradur\u00eda de Violencia Institucional (Procuvin), a cargo del entonces fiscal titular Miguel Palazzani. Actualmente, luego de tres a\u00f1os de macrismo y de diversas presiones a la Justicia, la Procuvin fue desmantelada.<\/p>\n<p>El juicio contra Ayala es el resultado de una lucha que fue sostenida en primera instancia por Lucas, su madre Carolina Vila, su familia, junto el gran apoyo de las organizaciones del barrio que se movilizaron, una y otra vez, motorizando la causa y revirtiendo la cobertura medi\u00e1tica de la prensa hegem\u00f3nica que lo etiquetaba como \u201cun trapito baleado\u201d pero se negaba a contar su historia.\u00a0 Como dice el propio Lucas:<em><strong> \u00abYo le gan\u00e9 a la muerte, soy el hijo de todas esas madres que perdieron a sus hijos y por todos esos pibes voy a seguir luchando\u201d.<\/strong><\/em><\/p>\n<p>&nbsp;<\/p>\n<p><strong>*FM Riachuelo\/FM La Caterva\/La Retaguardia\/Agencia Paco Urondo\/Sur Capitalino\/Radio Gr\u00e1fica\/Radio Presente.<\/strong><\/p>\n<p><strong>(Desde el Colectivo de Medios Populares producimos en unidad como urgencia y como apuesta. Coincidimos en que la comunicaci\u00f3n no es mercanc\u00eda. Nos encontramos, ensamblamos, complementamos, potenciamos y existimos, intentando romper con una m\u00e1xima que buscan imponer como natural: que, entre iguales, solo queda competir)<\/strong><\/p>\n<p>&nbsp;<\/p>\n","protected":false},"excerpt":{"rendered":"<p>[Por Colectivo de Medios Populares* 04\/02\/2019] El martes 12 de febrero se realizar\u00e1 la primera audiencia del juicio oral contra el polic\u00eda Ricardo Ayala. Familiares de v\u00edctimas de la represi\u00f3n estatal, organizaciones de La Boca y organismos de derechos humanos acompa\u00f1ar\u00e1n a Lucas y a su familia con una radio abierta y actividades culturales en [&hellip;]<\/p>\n","protected":false},"author":5,"featured_media":8960,"comment_status":"open","ping_status":"open","sticky":false,"template":"","format":"standard","meta":{"_monsterinsights_skip_tracking":false,"_monsterinsights_sitenote_active":false,"_monsterinsights_sitenote_note":"","_monsterinsights_sitenote_category":0,"jnews-multi-image_gallery":[],"jnews_single_post":[],"jnews_primary_category":[],"_joinchat":[],"footnotes":""},"categories":[78,80,76],"tags":[],"class_list":["post-8959","post","type-post","status-publish","format-standard","has-post-thumbnail","hentry","category-economia-popular","category-educacion","category-salud-comunitaria"],"_links":{"self":[{"href":"http:\/\/fmriachuelo.it10.com.ar\/index.php\/wp-json\/wp\/v2\/posts\/8959","targetHints":{"allow":["GET"]}}],"collection":[{"href":"http:\/\/fmriachuelo.it10.com.ar\/index.php\/wp-json\/wp\/v2\/posts"}],"about":[{"href":"http:\/\/fmriachuelo.it10.com.ar\/index.php\/wp-json\/wp\/v2\/types\/post"}],"author":[{"embeddable":true,"href":"http:\/\/fmriachuelo.it10.com.ar\/index.php\/wp-json\/wp\/v2\/users\/5"}],"replies":[{"embeddable":true,"href":"http:\/\/fmriachuelo.it10.com.ar\/index.php\/wp-json\/wp\/v2\/comments?post=8959"}],"version-history":[{"count":0,"href":"http:\/\/fmriachuelo.it10.com.ar\/index.php\/wp-json\/wp\/v2\/posts\/8959\/revisions"}],"wp:featuredmedia":[{"embeddable":true,"href":"http:\/\/fmriachuelo.it10.com.ar\/index.php\/wp-json\/wp\/v2\/media\/8960"}],"wp:attachment":[{"href":"http:\/\/fmriachuelo.it10.com.ar\/index.php\/wp-json\/wp\/v2\/media?parent=8959"}],"wp:term":[{"taxonomy":"category","embeddable":true,"href":"http:\/\/fmriachuelo.it10.com.ar\/index.php\/wp-json\/wp\/v2\/categories?post=8959"},{"taxonomy":"post_tag","embeddable":true,"href":"http:\/\/fmriachuelo.it10.com.ar\/index.php\/wp-json\/wp\/v2\/tags?post=8959"}],"curies":[{"name":"wp","href":"https:\/\/api.w.org\/{rel}","templated":true}]}}