{"id":894,"date":"2014-12-08T19:24:00","date_gmt":"2014-12-08T19:24:00","guid":{"rendered":"http:\/\/fmriachuelo.observatorioess.org.ar\/index.php\/2014\/12\/08\/uruguay-recibe-a-seis-presos-de-guantanamo\/"},"modified":"2025-03-17T12:01:40","modified_gmt":"2025-03-17T15:01:40","slug":"uruguay-recibe-a-seis-presos-de-guantanamo","status":"publish","type":"post","link":"http:\/\/fmriachuelo.it10.com.ar\/index.php\/2014\/12\/08\/uruguay-recibe-a-seis-presos-de-guantanamo\/","title":{"rendered":"URUGUAY RECIBE A SEIS PRESOS DE GUANT\u00c1NAMO"},"content":{"rendered":"<p><strong style=\"color: red;font-family: Verdana, sans-serif\"><span style=\"font-size: large\">HISTORIA DE LA INFAMIA<\/span><\/strong><\/p>\n<div style=\"clear: both;text-align: center\"><a href=\"http:\/\/2.bp.blogspot.com\/-vzm0AnM8J7E\/VIX6VytcYQI\/AAAAAAAAB18\/6K6a-aoFLi4\/s1600\/guantanamo.jpg\" style=\"clear: left;float: left;margin-bottom: 1em;margin-right: 1em\"><img decoding=\"async\" border=\"0\" src=\"http:\/\/2.bp.blogspot.com\/-vzm0AnM8J7E\/VIX6VytcYQI\/AAAAAAAAB18\/6K6a-aoFLi4\/s1600\/guantanamo.jpg\" \/><\/a><\/div>\n<p><span style=\"font-family: Verdana, sans-serif\">A finales del siglo XIX, en un momento de altas tensiones para la historia universal, y sobre todo la cubana, Estados Unidos (EE.UU.) instal\u00f3 en Cuba la Base Naval de Guant\u00e1namo, en el a\u00f1o de 1898. El pa\u00eds caribe\u00f1o se vio obligado a aceptar la instalaci\u00f3n, ya que EE.UU. amenazaba con desconocer la independencia y tomar el territorio por completo. <br \/>Cuba, bajo presi\u00f3n, firma un acuerdo bilateral, denominado la Enmienda Platt, que permiti\u00f3 la instalaci\u00f3n de Guant\u00e1namo a 920 kil\u00f3metros de La Habana. Para ese momento, Espa\u00f1a perd\u00eda parte de su \u00abpoder potencial\u00bb al concluir la Guerra hispano-estadounidense, que poco a poco que adquiriendo el pa\u00eds norteamericano.<\/span><br \/><span style=\"font-family: Verdana, sans-serif\">El penal de m\u00e1xima seguridad de la Bah\u00eda de Guant\u00e1namo desde ayer cuenta con seis inquilinos menos, seis presos de larga data contra los que nunca se presentaron cargos y que desde ahora vivir\u00e1n como refugiados en Uruguay.<\/span><br \/><a name='more'><\/a><span style=\"font-family: Verdana, sans-serif\">Desde enero de 2002, apenas unos meses despu\u00e9s de que el entonces presidente de Estados Unidos, George W. Bush, iniciara su guerra contra el terrorismo tras los atentados de las Torres Gemelas, 779 presos han pasado por las dependencias de Guant\u00e1namo.<br \/>El denominado Campo X-Ray, al que llegaron los primeros detenidos en aquel entonces, estaba compuesto por celdas de apenas un metro y medio cuadrado, pegadas las unas a las otras, y con el \u00fanico resguardo de un techo precario. Aunque apenas fue utilizado unos meses, all\u00ed los reos hac\u00edan sus necesidades sin ning\u00fan tipo de intimidad y sufr\u00edan las altas temperaturas del Caribe en unas condiciones infrahumanas, viviendo en unos habit\u00e1culos de los que s\u00f3lo sal\u00edan para ser trasladados a los barracones de interrogaci\u00f3n.<br \/>En la actualidad, esas dependencias siguen en pie, intocables, por las investigaciones que a\u00fan penden sobre las pr\u00e1cticas trufadas de tortura que los cuerpos de inteligencia estadounidenses llevaron a cabo all\u00ed y debido al escrutinio de la comunidad internacional y las asociaciones de derechos humanos.<br \/>Hoy, el grueso de los presos se divide entre los Campos V y VI, dos complejos que fueron construidos dentro de uno m\u00e1s grande denominado Delta y donde los detenidos, dependiendo de su comportamiento, pueden gozar de peores o mejores condiciones. Uno de los m\u00e9todos de protesta por su situaci\u00f3n han sido las sucesivas huelgas de hambre, decisi\u00f3n por la que se los confina a sus celdas individuales sin posibilidad de interactuar con otros presos y con limitado acceso a actividades de recreaci\u00f3n.<br \/>Aquellos que siguen las pautas del penal \u2013seg\u00fan explican los propios militares que dirigen la prisi\u00f3n\u2013 tienen la posibilidad de comer en un sal\u00f3n comunal, solicitar libros o pel\u00edculas y asistir a clases de manualidades o idiomas.<br \/>Los presos de m\u00e1xima seguridad, aquellos que ya fueron encausados por ser parte o cerebro de los atentados del 11-S o de otros atentados, est\u00e1n confinados en el Campo VII, un lugar secreto de la bah\u00eda al que la prensa no ha tenido acceso.<br \/>Con la transferencia de los seis presos que cambiar\u00e1n Guant\u00e1namo por Uruguay, el n\u00famero total de detenidos que a\u00fan se encuentran en las instalaciones asciende a 136, de los cuales 67 ya han recibido aprobaci\u00f3n para ser transferidos y 59 tienen sus casos en proceso de revisi\u00f3n. S\u00f3lo diez personas est\u00e1n siendo procesadas.<br \/>El cierre definitivo de la c\u00e1rcel fue una de las promesas que ha hecho Barack Obama desde su campa\u00f1a en 2008. Sin embargo, a dos a\u00f1os de finalizar su segundo mandato a\u00fan restan m\u00e1s de un centenar de presos en sus instalaciones. La mayor\u00eda del Partido Republicano se opone a clausurar la c\u00e1rcel, entre otras cosas porque rechazan que los terroristas que est\u00e1n siendo procesados sean llevados a prisiones en territorio estadounidense.<\/span><br \/><span style=\"color: #0b5394;font-family: Verdana;font-size: x-small\"><b>FUENTE: TELESUR, P\u00c1GINA 12<\/b><\/span><\/p>\n<div style=\"clear: both;text-align: center\"><a href=\"http:\/\/3.bp.blogspot.com\/-kvBQRJZ-Mww\/VIX67ZnK8nI\/AAAAAAAAB2E\/fZMWERzuooQ\/s1600\/COOP%2BRIACHIUELO%2BPRODUCCIONES.jpg\" style=\"clear: left;float: left;margin-bottom: 1em;margin-right: 1em\"><img loading=\"lazy\" decoding=\"async\" border=\"0\" src=\"http:\/\/3.bp.blogspot.com\/-kvBQRJZ-Mww\/VIX67ZnK8nI\/AAAAAAAAB2E\/fZMWERzuooQ\/s1600\/COOP%2BRIACHIUELO%2BPRODUCCIONES.jpg\" height=\"58\" width=\"200\" \/><\/a><\/div>\n","protected":false},"excerpt":{"rendered":"<p>HISTORIA DE LA INFAMIA A finales del siglo XIX, en un momento de altas tensiones para la historia universal, y sobre todo la cubana, Estados Unidos (EE.UU.) instal\u00f3 en Cuba la Base Naval de Guant\u00e1namo, en el a\u00f1o de 1898. El pa\u00eds caribe\u00f1o se vio obligado a aceptar la instalaci\u00f3n, ya que EE.UU. amenazaba con [&hellip;]<\/p>\n","protected":false},"author":4,"featured_media":0,"comment_status":"open","ping_status":"open","sticky":false,"template":"","format":"standard","meta":{"_monsterinsights_skip_tracking":false,"_monsterinsights_sitenote_active":false,"_monsterinsights_sitenote_note":"","_monsterinsights_sitenote_category":0,"jnews-multi-image_gallery":[],"jnews_single_post":{"format":"standard"},"jnews_primary_category":[],"_joinchat":[],"footnotes":""},"categories":[58],"tags":[70,167],"class_list":["post-894","post","type-post","status-publish","format-standard","hentry","category-noticiariachuelo","tag-de-la-patria-grande","tag-politica-internacional"],"_links":{"self":[{"href":"http:\/\/fmriachuelo.it10.com.ar\/index.php\/wp-json\/wp\/v2\/posts\/894","targetHints":{"allow":["GET"]}}],"collection":[{"href":"http:\/\/fmriachuelo.it10.com.ar\/index.php\/wp-json\/wp\/v2\/posts"}],"about":[{"href":"http:\/\/fmriachuelo.it10.com.ar\/index.php\/wp-json\/wp\/v2\/types\/post"}],"author":[{"embeddable":true,"href":"http:\/\/fmriachuelo.it10.com.ar\/index.php\/wp-json\/wp\/v2\/users\/4"}],"replies":[{"embeddable":true,"href":"http:\/\/fmriachuelo.it10.com.ar\/index.php\/wp-json\/wp\/v2\/comments?post=894"}],"version-history":[{"count":1,"href":"http:\/\/fmriachuelo.it10.com.ar\/index.php\/wp-json\/wp\/v2\/posts\/894\/revisions"}],"predecessor-version":[{"id":22013,"href":"http:\/\/fmriachuelo.it10.com.ar\/index.php\/wp-json\/wp\/v2\/posts\/894\/revisions\/22013"}],"wp:attachment":[{"href":"http:\/\/fmriachuelo.it10.com.ar\/index.php\/wp-json\/wp\/v2\/media?parent=894"}],"wp:term":[{"taxonomy":"category","embeddable":true,"href":"http:\/\/fmriachuelo.it10.com.ar\/index.php\/wp-json\/wp\/v2\/categories?post=894"},{"taxonomy":"post_tag","embeddable":true,"href":"http:\/\/fmriachuelo.it10.com.ar\/index.php\/wp-json\/wp\/v2\/tags?post=894"}],"curies":[{"name":"wp","href":"https:\/\/api.w.org\/{rel}","templated":true}]}}