{"id":8931,"date":"2019-02-01T03:05:57","date_gmt":"2019-02-01T03:05:57","guid":{"rendered":"http:\/\/fmriachuelo.com.ar\/?p=8931"},"modified":"2019-02-01T03:05:57","modified_gmt":"2019-02-01T03:05:57","slug":"crecen-los-ruidazos-en-avellaneda","status":"publish","type":"post","link":"http:\/\/fmriachuelo.it10.com.ar\/index.php\/2019\/02\/01\/crecen-los-ruidazos-en-avellaneda\/","title":{"rendered":"CRECEN LOS RUIDAZOS EN AVELLANEDA"},"content":{"rendered":"<div align=\"left\">\n<p dir=\"ltr\">[FM Riachuelo 1\/02\/2019] Este mi\u00e9rcoles en Huergo y Defensa, Dock Sud una vez m\u00e1s desde la mesa de organizaciones sociales de Avellandeda marcharon para exigir que el Gobierno pare con los tarifazos y exigir por la Ley de emergencia alimentaria.<\/p>\n<p dir=\"ltr\">La convocatoria fue a las siete de la tarde, en donde se reunieron distintas organizaciones populares y vecinxs de Avellaneda que deciden manifestarse para visivilizar el descontento que generan las pol\u00edticas del gobierno de Mauricio Macri.<\/p>\n<\/div>\n<div align=\"left\">\n<p dir=\"ltr\">FM Riachuelo estuvo presente en el lugar, el corresponsal popular Ariel Godoy\u00a0 convers\u00f3 con Federico de la\u00a0 Uni\u00f3n Solidaria de Trabajadores qui\u00e9n explic\u00f3\u00a0 \u00abeste corte se viene haciendo en el marco del descontento de la sociedad por el aumento de las tarifas de este gobierno neoliberal. Cada vez que aumentan una tarifa es una familia que pasa por debajo del indice de la pobreza\u00bb.<\/p>\n<p dir=\"ltr\">Humberto de la Corriente Clasista y Combativa (CCC)\u00a0 explic\u00f3 el motivo del ruidazo: \u00abestamos aca por todo lo que estan haciendo en el pa\u00eds: por los tarifazos, las f\u00e1bricas que cierran todos los d\u00edas, cada vez hay m\u00e1s desocupaci\u00f3n, pero tambi\u00e9n estamos luchando por la emergencia alimentaria y la emergencia social\u00bb.<\/p>\n<\/div>\n<div align=\"left\">\n<p dir=\"ltr\"><em><img loading=\"lazy\" decoding=\"async\" class=\"alignnone size-full wp-image-8932\" src=\"http:\/\/fmriachuelo.com.ar\/wp-content\/uploads\/2019\/02\/IMG-20190130-WA0015.jpg\" alt=\"\" width=\"1032\" height=\"581\" srcset=\"http:\/\/fmriachuelo.it10.com.ar\/wp-content\/uploads\/2019\/02\/IMG-20190130-WA0015.jpg 1032w, http:\/\/fmriachuelo.it10.com.ar\/wp-content\/uploads\/2019\/02\/IMG-20190130-WA0015-300x169.jpg 300w, http:\/\/fmriachuelo.it10.com.ar\/wp-content\/uploads\/2019\/02\/IMG-20190130-WA0015-1024x576.jpg 1024w, http:\/\/fmriachuelo.it10.com.ar\/wp-content\/uploads\/2019\/02\/IMG-20190130-WA0015-768x432.jpg 768w, http:\/\/fmriachuelo.it10.com.ar\/wp-content\/uploads\/2019\/02\/IMG-20190130-WA0015-750x422.jpg 750w\" sizes=\"auto, (max-width: 1032px) 100vw, 1032px\" \/><\/em><\/p>\n<\/div>\n<div align=\"left\">\n<p dir=\"ltr\">Romina de la organizaci\u00f3n Kalpa Wayna explic\u00f3 a FM Riachuelo la importancia de estar movilizados y en unidad: \u00ablos compa\u00f1eros estan sufriendo hambre, necesitamos la emergencia alimentar\u00eda. Tenemos que salir a protestar, no podemos quedarnos en nuestras casas porque la uni\u00f3n hace la fuerza\u00bb.<\/p>\n<\/div>\n","protected":false},"excerpt":{"rendered":"<p>[FM Riachuelo 1\/02\/2019] Este mi\u00e9rcoles en Huergo y Defensa, Dock Sud una vez m\u00e1s desde la mesa de organizaciones sociales de Avellandeda marcharon para exigir que el Gobierno pare con los tarifazos y exigir por la Ley de emergencia alimentaria. La convocatoria fue a las siete de la tarde, en donde se reunieron distintas organizaciones [&hellip;]<\/p>\n","protected":false},"author":5,"featured_media":8935,"comment_status":"open","ping_status":"open","sticky":false,"template":"","format":"standard","meta":{"_monsterinsights_skip_tracking":false,"_monsterinsights_sitenote_active":false,"_monsterinsights_sitenote_note":"","_monsterinsights_sitenote_category":0,"jnews-multi-image_gallery":[],"jnews_single_post":[],"jnews_primary_category":[],"_joinchat":[],"footnotes":""},"categories":[76,74,75],"tags":[],"class_list":["post-8931","post","type-post","status-publish","format-standard","has-post-thumbnail","hentry","category-salud-comunitaria","category-san-cayetano","category-trabajo"],"_links":{"self":[{"href":"http:\/\/fmriachuelo.it10.com.ar\/index.php\/wp-json\/wp\/v2\/posts\/8931","targetHints":{"allow":["GET"]}}],"collection":[{"href":"http:\/\/fmriachuelo.it10.com.ar\/index.php\/wp-json\/wp\/v2\/posts"}],"about":[{"href":"http:\/\/fmriachuelo.it10.com.ar\/index.php\/wp-json\/wp\/v2\/types\/post"}],"author":[{"embeddable":true,"href":"http:\/\/fmriachuelo.it10.com.ar\/index.php\/wp-json\/wp\/v2\/users\/5"}],"replies":[{"embeddable":true,"href":"http:\/\/fmriachuelo.it10.com.ar\/index.php\/wp-json\/wp\/v2\/comments?post=8931"}],"version-history":[{"count":0,"href":"http:\/\/fmriachuelo.it10.com.ar\/index.php\/wp-json\/wp\/v2\/posts\/8931\/revisions"}],"wp:featuredmedia":[{"embeddable":true,"href":"http:\/\/fmriachuelo.it10.com.ar\/index.php\/wp-json\/wp\/v2\/media\/8935"}],"wp:attachment":[{"href":"http:\/\/fmriachuelo.it10.com.ar\/index.php\/wp-json\/wp\/v2\/media?parent=8931"}],"wp:term":[{"taxonomy":"category","embeddable":true,"href":"http:\/\/fmriachuelo.it10.com.ar\/index.php\/wp-json\/wp\/v2\/categories?post=8931"},{"taxonomy":"post_tag","embeddable":true,"href":"http:\/\/fmriachuelo.it10.com.ar\/index.php\/wp-json\/wp\/v2\/tags?post=8931"}],"curies":[{"name":"wp","href":"https:\/\/api.w.org\/{rel}","templated":true}]}}