{"id":8921,"date":"2019-01-30T17:32:43","date_gmt":"2019-01-30T17:32:43","guid":{"rendered":"http:\/\/fmriachuelo.com.ar\/?p=8921"},"modified":"2019-01-30T17:32:43","modified_gmt":"2019-01-30T17:32:43","slug":"organizaciones-y-vecinos-recuperan-la-calesita-de-plaza-matheu","status":"publish","type":"post","link":"http:\/\/fmriachuelo.it10.com.ar\/index.php\/2019\/01\/30\/organizaciones-y-vecinos-recuperan-la-calesita-de-plaza-matheu\/","title":{"rendered":"ORGANIZACIONES Y VECINOS RECUPERAN LA CALESITA DE PLAZA MATHEU"},"content":{"rendered":"<p><strong>[FM Riachuelo 30\/01\/2019] Las organizaciones sociales como todos los martes y jueves estuvieron presentes en una nueva jornada de \u201cVacaciones en la Plaza\u201d y adem\u00e1s se organizaron para limpiar el espacio donde se encuentra \u00a0\u201cla Calesita\u201d de\u00a0 Plaza Matheu (Lamadrid e Irala) en La Boca, que se encuentra abandonada desde hace un a\u00f1o.<\/strong><\/p>\n<p>En la cuarta semana de \u201cVacaciones en la Plaza\u201d las organizaciones junto a los vecinos se reunieron para limpiar y dejar en condiciones el espacio de la calesita para recuperar el lugar de encuentro \u00a0para que lxs pibes puedan tener un lugar para seguir jugando.<img loading=\"lazy\" decoding=\"async\" class=\"alignnone size-full wp-image-8924\" src=\"http:\/\/fmriachuelo.com.ar\/wp-content\/uploads\/2019\/01\/WhatsApp-Image-2019-01-29-at-18.45.32.jpeg\" alt=\"\" width=\"1280\" height=\"854\" srcset=\"http:\/\/fmriachuelo.it10.com.ar\/wp-content\/uploads\/2019\/01\/WhatsApp-Image-2019-01-29-at-18.45.32.jpeg 1280w, http:\/\/fmriachuelo.it10.com.ar\/wp-content\/uploads\/2019\/01\/WhatsApp-Image-2019-01-29-at-18.45.32-300x200.jpeg 300w, http:\/\/fmriachuelo.it10.com.ar\/wp-content\/uploads\/2019\/01\/WhatsApp-Image-2019-01-29-at-18.45.32-1024x683.jpeg 1024w, http:\/\/fmriachuelo.it10.com.ar\/wp-content\/uploads\/2019\/01\/WhatsApp-Image-2019-01-29-at-18.45.32-768x512.jpeg 768w, http:\/\/fmriachuelo.it10.com.ar\/wp-content\/uploads\/2019\/01\/WhatsApp-Image-2019-01-29-at-18.45.32-750x500.jpeg 750w, http:\/\/fmriachuelo.it10.com.ar\/wp-content\/uploads\/2019\/01\/WhatsApp-Image-2019-01-29-at-18.45.32-1140x761.jpeg 1140w\" sizes=\"auto, (max-width: 1280px) 100vw, 1280px\" \/>Desde el programa \u201cRompe el Cerco Informativo\u201d se realiz\u00f3 un m\u00f3vil, para conversar con los compa\u00f1eros que participaron de la jornada de encuentro y merienda.<\/p>\n<p>Dialogaron con Mart\u00edn Vel\u00e1zquez, integrante de la Casa Popular el Patio y vecino del barrio que cont\u00f3 cu\u00e1l es el significado para lxs ni\u00f1xs de recuperar la calesita:<strong> <em>\u201cPude ver el proceso de construcci\u00f3n, el proceso de utilizaci\u00f3n y tambi\u00e9n el proceso de abandono, la din\u00e1mica que daba a los vecinos a nuestros pibes, nuestros hijos disfrutando de un lugar de esparcimiento de alegr\u00eda. Que puedan ellos disfrutarlo para nosotros es muy importante\u201d.<\/em><\/strong><\/p>\n<p>Tambi\u00e9n agreg\u00f3:<strong> <em>\u201cAhora el verlo abandonado, tirado, lleno de botellas, escombros, para nosotros era una tristeza muy grande. Por eso como vecinos y organizaciones sociales decidimos poner algo de acci\u00f3n en esto y empezar a limpiar el espacio, porque los chicos siguen jugando en el lugar y era muy posible que se puedan lastimar o herir\u00a0 entonces por eso decidimos hacer del lugar, espacio lo menos peligroso posible\u201d.<\/em><\/strong><\/p>\n<p>Las organizaciones vienen\u00a0 trabajando en juntar firmas, y en contactar organizaciones que puedan ayudar para poder reparar y darle nuevamente vida a la Calesita\u00a0 para\u00a0 seguir defendiendo los espacios p\u00fablicos.<\/p>\n","protected":false},"excerpt":{"rendered":"<p>[FM Riachuelo 30\/01\/2019] Las organizaciones sociales como todos los martes y jueves estuvieron presentes en una nueva jornada de \u201cVacaciones en la Plaza\u201d y adem\u00e1s se organizaron para limpiar el espacio donde se encuentra \u00a0\u201cla Calesita\u201d de\u00a0 Plaza Matheu (Lamadrid e Irala) en La Boca, que se encuentra abandonada desde hace un a\u00f1o. En la [&hellip;]<\/p>\n","protected":false},"author":5,"featured_media":8922,"comment_status":"open","ping_status":"open","sticky":false,"template":"","format":"standard","meta":{"_monsterinsights_skip_tracking":false,"_monsterinsights_sitenote_active":false,"_monsterinsights_sitenote_note":"","_monsterinsights_sitenote_category":0,"jnews-multi-image_gallery":[],"jnews_single_post":[],"jnews_primary_category":[],"_joinchat":[],"footnotes":""},"categories":[78,80,76],"tags":[],"class_list":["post-8921","post","type-post","status-publish","format-standard","has-post-thumbnail","hentry","category-economia-popular","category-educacion","category-salud-comunitaria"],"_links":{"self":[{"href":"http:\/\/fmriachuelo.it10.com.ar\/index.php\/wp-json\/wp\/v2\/posts\/8921","targetHints":{"allow":["GET"]}}],"collection":[{"href":"http:\/\/fmriachuelo.it10.com.ar\/index.php\/wp-json\/wp\/v2\/posts"}],"about":[{"href":"http:\/\/fmriachuelo.it10.com.ar\/index.php\/wp-json\/wp\/v2\/types\/post"}],"author":[{"embeddable":true,"href":"http:\/\/fmriachuelo.it10.com.ar\/index.php\/wp-json\/wp\/v2\/users\/5"}],"replies":[{"embeddable":true,"href":"http:\/\/fmriachuelo.it10.com.ar\/index.php\/wp-json\/wp\/v2\/comments?post=8921"}],"version-history":[{"count":0,"href":"http:\/\/fmriachuelo.it10.com.ar\/index.php\/wp-json\/wp\/v2\/posts\/8921\/revisions"}],"wp:featuredmedia":[{"embeddable":true,"href":"http:\/\/fmriachuelo.it10.com.ar\/index.php\/wp-json\/wp\/v2\/media\/8922"}],"wp:attachment":[{"href":"http:\/\/fmriachuelo.it10.com.ar\/index.php\/wp-json\/wp\/v2\/media?parent=8921"}],"wp:term":[{"taxonomy":"category","embeddable":true,"href":"http:\/\/fmriachuelo.it10.com.ar\/index.php\/wp-json\/wp\/v2\/categories?post=8921"},{"taxonomy":"post_tag","embeddable":true,"href":"http:\/\/fmriachuelo.it10.com.ar\/index.php\/wp-json\/wp\/v2\/tags?post=8921"}],"curies":[{"name":"wp","href":"https:\/\/api.w.org\/{rel}","templated":true}]}}