{"id":8918,"date":"2019-01-29T17:16:29","date_gmt":"2019-01-29T17:16:29","guid":{"rendered":"http:\/\/fmriachuelo.com.ar\/?p=8918"},"modified":"2019-01-29T17:16:29","modified_gmt":"2019-01-29T17:16:29","slug":"sabemos-que-la-forma-es-la-lucha-la-organizacion-y-salir-a-las-calles","status":"publish","type":"post","link":"http:\/\/fmriachuelo.it10.com.ar\/index.php\/2019\/01\/29\/sabemos-que-la-forma-es-la-lucha-la-organizacion-y-salir-a-las-calles\/","title":{"rendered":"\u00abSABEMOS QUE LA FORMA ES LA LUCHA LA ORGANIZACI\u00d3N Y SALIR A LAS CALLES\u00bb"},"content":{"rendered":"<p><strong>[FM Riachuelo 29\/01\/2019] En el d\u00eda de ayer, durante el programa \u201cRompe el Cerco Informativo\u201d entrevistamos a\u00a0Roxana Cainzos referente del merendero \u201cMadres en Lucha\u201cqui\u00e9n estuvo presente en la movilizaci\u00f3n del d\u00eda s\u00e1bado a diez \u00a0a\u00f1os de la desaparici\u00f3n y muerte de Luciano Arruga. \u00a0<\/strong><\/p>\n<p>El d\u00eda s\u00e1bado se realiz\u00f3 una movilizaci\u00f3n para exigir justicia por Luciano Arruga, el joven que fue atropellado en la Av. General Paz, luego de huir de la polic\u00eda bonaerense que lo torturaba por negarse a robar para ellos.<\/p>\n<p>La marcha empez\u00f3 en General Paz y Moscon\u00ed con la presencia de diversas Organizaciones Pol\u00edticas y Sociales, tambi\u00e9n de Derechos Humanos que acompa\u00f1aron y se solidarizaron con los familiares.<\/p>\n<p>Es por eso, que en RCI estuvo Roxana Cainzos, qui\u00e9n m\u00e1s que ella gran luchadora para contarnos la actividad en la que\u00a0 acompa\u00f1o a los familiares del gatillo f\u00e1cil en este nuevo aniversario de Luciano.<\/p>\n<p>Roxana expres\u00f3:<em><strong> \u201cDecidimos luchar y organizarnos y seguir pidiendo por los pibes, que se merecen una vida m\u00e1s digna y un pa\u00eds m\u00e1s libre, en el cual la polic\u00eda no los amedrente siempre con las causas armadas, el gatillo f\u00e1cil. Tambi\u00e9n agreg\u00f3, pedimos y peleamos porque no se haga la baja de imputabilidad, la doctrina como la de Chocobar, que ya la est\u00e1n implementando, y varias consignas\u201d.<\/strong><\/em><\/p>\n<p>Cainzos afirm\u00f3, <em><strong>\u201cSon momentos en los que nos encontramos, y nos abrazamos y nos damos aliento, y vemos que el camino es est\u00e9 el seguir la lucha y la organizaci\u00f3n, en todo sentido para poder terminar con esto que quieren hacer con nuestros pibes, que cada d\u00eda tratan de tenerlos metidos en las drogas para manejarlos mejor. M\u00e1s all\u00e1 de lo que ellos quieren implementar, que ya lo han implementado que si tienen sospecha de que el pibe les puede hacer da\u00f1o, les tiran porque si, y los matan y ya est\u00e1 naturalizado el gatillo f\u00e1cil. No podemos quedarnos en casa llorando a nuestros hijos, sino que tenemos que estar en las calles y no parar hasta que esto cambie, y pedir justicia por Luciano, por Nehu\u00e9n y por todos los pibes que mata la polic\u00eda d\u00eda a d\u00eda, eso es lo que m\u00e1s nos impulsa y lo que nos va a llevar a seguir luchando hasta el \u00faltimo d\u00eda de nuestras vidas\u201d.<\/strong><\/em><\/p>\n<p>El Joven Arruga, desapareci\u00f3 el 31 de enero del 2009, fue atropellado por la polic\u00eda bonaerense y luego desaparecido. Su familia lo busco durante cinco a\u00f1os, hasta que encontraron el cuerpo como NN en el cementerio de la Chacarita.<\/p>\n<p>La movilizaci\u00f3n exigiendo justicia en un nuevo aniversario\u00a0culmino en la Plaza 12 de Octubre, del partido de La Matanza.<\/p>\n<p>Para finalizar Roxana dijo:<strong> \u201cSabemos que la forma es est\u00e1, la lucha la organizaci\u00f3n y salir a las calles y cada una apoyarnos en los pedidos de justicia\u201d.<\/strong><\/p>\n<p>&nbsp;<\/p>\n<p>&nbsp;<\/p>\n<p>&nbsp;<\/p>\n<p>&nbsp;<\/p>\n","protected":false},"excerpt":{"rendered":"<p>[FM Riachuelo 29\/01\/2019] En el d\u00eda de ayer, durante el programa \u201cRompe el Cerco Informativo\u201d entrevistamos a\u00a0Roxana Cainzos referente del merendero \u201cMadres en Lucha\u201cqui\u00e9n estuvo presente en la movilizaci\u00f3n del d\u00eda s\u00e1bado a diez \u00a0a\u00f1os de la desaparici\u00f3n y muerte de Luciano Arruga. \u00a0 El d\u00eda s\u00e1bado se realiz\u00f3 una movilizaci\u00f3n para exigir justicia por [&hellip;]<\/p>\n","protected":false},"author":5,"featured_media":7097,"comment_status":"open","ping_status":"open","sticky":false,"template":"","format":"standard","meta":{"_monsterinsights_skip_tracking":false,"_monsterinsights_sitenote_active":false,"_monsterinsights_sitenote_note":"","_monsterinsights_sitenote_category":0,"jnews-multi-image_gallery":[],"jnews_single_post":[],"jnews_primary_category":[],"_joinchat":[],"footnotes":""},"categories":[78,80,76,77],"tags":[],"class_list":["post-8918","post","type-post","status-publish","format-standard","has-post-thumbnail","hentry","category-economia-popular","category-educacion","category-salud-comunitaria","category-soberania"],"_links":{"self":[{"href":"http:\/\/fmriachuelo.it10.com.ar\/index.php\/wp-json\/wp\/v2\/posts\/8918","targetHints":{"allow":["GET"]}}],"collection":[{"href":"http:\/\/fmriachuelo.it10.com.ar\/index.php\/wp-json\/wp\/v2\/posts"}],"about":[{"href":"http:\/\/fmriachuelo.it10.com.ar\/index.php\/wp-json\/wp\/v2\/types\/post"}],"author":[{"embeddable":true,"href":"http:\/\/fmriachuelo.it10.com.ar\/index.php\/wp-json\/wp\/v2\/users\/5"}],"replies":[{"embeddable":true,"href":"http:\/\/fmriachuelo.it10.com.ar\/index.php\/wp-json\/wp\/v2\/comments?post=8918"}],"version-history":[{"count":0,"href":"http:\/\/fmriachuelo.it10.com.ar\/index.php\/wp-json\/wp\/v2\/posts\/8918\/revisions"}],"wp:featuredmedia":[{"embeddable":true,"href":"http:\/\/fmriachuelo.it10.com.ar\/index.php\/wp-json\/wp\/v2\/media\/7097"}],"wp:attachment":[{"href":"http:\/\/fmriachuelo.it10.com.ar\/index.php\/wp-json\/wp\/v2\/media?parent=8918"}],"wp:term":[{"taxonomy":"category","embeddable":true,"href":"http:\/\/fmriachuelo.it10.com.ar\/index.php\/wp-json\/wp\/v2\/categories?post=8918"},{"taxonomy":"post_tag","embeddable":true,"href":"http:\/\/fmriachuelo.it10.com.ar\/index.php\/wp-json\/wp\/v2\/tags?post=8918"}],"curies":[{"name":"wp","href":"https:\/\/api.w.org\/{rel}","templated":true}]}}