{"id":8913,"date":"2019-01-26T17:14:23","date_gmt":"2019-01-26T17:14:23","guid":{"rendered":"http:\/\/fmriachuelo.com.ar\/?p=8913"},"modified":"2019-01-26T17:14:23","modified_gmt":"2019-01-26T17:14:23","slug":"juan-contreras-estamos-defendiendo-la-libertad-y-la-dignidad-de-america-latina","status":"publish","type":"post","link":"http:\/\/fmriachuelo.it10.com.ar\/index.php\/2019\/01\/26\/juan-contreras-estamos-defendiendo-la-libertad-y-la-dignidad-de-america-latina\/","title":{"rendered":"JUAN CONTRERAS: \u00abESTAMOS DEFENDIENDO LA LIBERTAD Y LA DIGNIDAD DE AM\u00c9RICA LATINA\u00bb"},"content":{"rendered":"<p><strong>[FM Riachuelo 26\/01\/2019] En una entrevista especial para el programa \u00a0Cazadores de Zonceras conversamos con Juan Contreras, referente de la Coordinadora Sim\u00f3n Bol\u00edvar de la parroquia 23 de Enero de Caracas. Contreras comparti\u00f3 su mirada sobre el nuevo intento golpista del imperialismo en el pa\u00eds y destac\u00f3\u00a0 la resistencia desde la organizaci\u00f3n popular. Y Convoc\u00f3 al Pueblo latinoamericano a profundizar una solidaridad activa con Venezuela y la Revoluci\u00f3n Bolivariana.<\/strong><\/p>\n<p>CZ: Muy preocupados por esta batalla que consideramos central para toda esta regi\u00f3n que se est\u00e1 dando ahora, nada m\u00e1s ni nada menos que en la Rep\u00fablica hermana de Venezuela. Se comunicaron telef\u00f3nicamente con Juan Contreras, referente de la Coordinadora Sim\u00f3n Bol\u00edvar del barrio 23 de enero de Caracas.<\/p>\n<p>CZ: Juan, Venezuela\u00a0 est\u00e1 siendo objeto de un conflicto que no es solamente venezolano, sino que all\u00ed se est\u00e1n jugando las distintas posturas y las distintas cuestiones a nivel mundial, decimos un conflicto geopol\u00edtico. <strong>\u00bfC\u00f3mo se est\u00e1 viviendo estos d\u00edas cr\u00edticos desde el popular barrio 23 de enero?<\/strong><\/p>\n<p>JC: Mira, lo primero que tenemos que decir, pues que aqu\u00ed hay un pueblo, hay una comunidad que est\u00e1 resistiendo. Hemos vivido estos \u00faltimos 6 a\u00f1os de proceso bolivariano bajo el acoso permanente de la contrarrevoluci\u00f3n, de la oligarqu\u00eda y por supuesto que del imperio norteamericano, que ha decidido bajar todo el dinero del mundo pues a los factores de la derecha para desestabilizar el proceso bolivariano. Estos \u00faltimos seis a\u00f1os hemos estado viviendo, pues lo que conocemos hoy como una categor\u00eda que se dice \u00abguerra no convencional\u00bb, pues hoy las guerras no son un ej\u00e9rcito desde all\u00e1 ni un ej\u00e9rcito desde ac\u00e1. Aunque no estamos viendo las balas, estamos viendo la guerra econ\u00f3mica que tambi\u00e9n nos est\u00e1 produciendo muertos porque la gente no consigue con qu\u00e9 comer, porque se esconden los alimentos, porque les ponen precios a los alimentos s\u00faper caros que nuestro pueblo no puede adquirir. Esa es la guerra econ\u00f3mica, la guerra financiera. Le han puesto precio a nuestra moneda. Sacan nuestra moneda a trav\u00e9s de la frontera, igual que nuestros alimentos. Est\u00e1 la guerra medi\u00e1tica de c\u00f3mo convencer al mundo que la Rep\u00fablica Bolivariana de Venezuela es un narco &#8211; estado. Las guerras a trav\u00e9s de las redes sociales todos los d\u00edas, cantidad de sandeses y mentiras para confundir y tratar de rendir a nuestro pueblo y para tratar de convencer a otros pueblos en el mundo que lo que est\u00e1 ocurriendo aqu\u00ed es que hay una dictadura, que hay un tirano que est\u00e1 matando y persiguiendo a la gente, cosa que no se le parece. Eso es la guerra no convencional. Lo que los gringos han denominado en estos \u00faltimos tiempos la guerra h\u00edbrida o como dicen los chinos, la guerra irrestricta, y la guerra es con todos los campos para tratar de rendir los pueblos.<\/p>\n<p>CZ: <strong>\u00bfY Para qu\u00e9 crees que pasa eso?<\/strong><\/p>\n<p>JC: Bueno su fin \u00faltimo es acabar con Estado &#8211; Naci\u00f3n y el Estado &#8211; Naci\u00f3n viene representado pues por el gobierno, el territorio, y nuestra poblaci\u00f3n, y ellos quieren doblegar. Y pudi\u00e9semos decir que es una combinaci\u00f3n t\u00e1ctica, no? De varios m\u00e9todos: el m\u00e9todo de\u00a0 Gene Sharp de 5 pasos de la dictadura a la democracia, y combinado con todos estos factores pues el tema econ\u00f3mico, financiero, de comunicaci\u00f3n, psicol\u00f3gico, bueno que se apunta en total a destruir al Estado. Es decir, si nosotros comparamos esto, nos damos cuenta que es la misma receta o el mismo formato que se ha hecho en Siria, que se ha hecho en Libia, que se hizo en Irak, bueno para tratar de salir como ellos dicen de gobiernos que no son adeptos a ellos, y cuyo \u00faltimo fin es apoderarse de nuestra riqueza. Venezuela es el pa\u00eds con las mayores reservas energ\u00e9ticas en el mundo. Somos el segundo pa\u00eds o el primer pa\u00eds en oro, tenemos una gran cantidad de minerales bien importantes en este momento para el tema de miner\u00eda. Es decir, Venezuela es apetitosa para ellos. En definitiva ellos est\u00e1n tratando en este lado de Sudam\u00e9rica convertirla tambi\u00e9n en una guerra. As\u00ed como hicieron en Irak, Libia pretenden apoderarse de los recursos, y el gobierno les afecta. Ellos quieren destruir el Estado &#8211; Naci\u00f3n y apoderarse de nuestros recursos. \u00bfQu\u00e9 estamos haciendo desde 23 de enero? Estamos resistiendo, hay un pueblo en movilizaci\u00f3n, hay un pueblo organizado, hay un pueblo que en estos momentos est\u00e1 participando de lo que Ch\u00e1vez cre\u00f3, que se llama la milicia popular. La gente que estuvo en la reserva o que no ha estado en la reserva, pero que est\u00e1 convencida, tiene convicciones, principios, constancia, moral y \u00e9tica para enfrentar esta remetida. Bueno, tenemos que prepararnos, el pueblo tiene que prepararse. C\u00f3mo nos agarra, bueno con el amor. Porque los revolucionarios, este pueblo de Bol\u00edvar, este pueblo de Ch\u00e1vez lo que tiene es amor. Amor para contagiar. Amor para seguir trabajando por la construcci\u00f3n de la Patria Grande. Porque lo decimos sin jactancia. Eso que sucedi\u00f3 hace 200 a\u00f1os y a Venezuela le toc\u00f3 llevar como vanguardia la independencia a otras naciones, esa cabeza que guiara para derrotar al imperio m\u00e1s grande de ese momento, que era el imperio espa\u00f1ol; hoy doscientos a\u00f1os de nuevo el pueblo de Bol\u00edvar est\u00e1 frente a la batalla. Y esto representa lo que Bol\u00edvar denomin\u00f3 en alg\u00fan momento la Am\u00e9rica Meridional. Que no es otra cosa que la Am\u00e9rica Latina y el Caribe, un bloque de naciones, construir una sola Naci\u00f3n. En ese camino estamos. Ese es el pecado que hemos cometido. El pecado de tratar de ser libres, soberanos, independientes, en un momento en que queremos que el mundo cambie. Y es una apuesta por un mundo mejor.<\/p>\n<p>CZ: Juan, desde aqu\u00ed, no sin dificultad porque hay una desinformaci\u00f3n muy fuerte que nos afecta a los que intentamos seguir los acontecimientos de Venezuela, uno lo que nota es esto que vos comentas. Que hay una decisi\u00f3n, una voluntad y un respaldo popular ampl\u00edsimo para defender el proceso que encabeza Maduro. Tambi\u00e9n en estas \u00faltimas horas desde que Guadi\u00f3 se autoproclam\u00f3 presidente qued\u00f3 sobre la mesa que los Estados Unidos se puso a la cabeza de intensificar y de profundizar esta guerra. Tampoco hubo una respuesta uniforme a lo largo del mundo. Parece que el mundo a posado los ojos sobre Venezuela. No todo el mundo se sum\u00f3\u00a0 a esta intentona de Estados Unidos. <strong>\u00bfC\u00f3mo lo ven ese escenario internacional ahora desde Venezuela?<\/strong><\/p>\n<p>JC: Particularmente, creemos que es muy positivo el hecho de que los pueblos de Am\u00e9rica Latina y el Caribe no se sumen, porque conocen la realidad, conocen lo que ahora est\u00e1 pasando en Venezuela. Y por supuesto que tiene que haber una reacci\u00f3n frente a un pueblo que en estos veinte a\u00f1os lo que ha venido es construyendo su futuro, mirando hacia adentro.\u00a0 Y yo creo que eso ha ido contagiando a una Am\u00e9rica Latina. Podemos decir que llevamos 2 d\u00e9cadas en avance, es decir que se contagi\u00f3. Despu\u00e9s de la revoluci\u00f3n bolivariana los pueblos de Am\u00e9rica Latina y el Caribe se contagiaron. Y creo que ese contagio, esa alegr\u00eda por construir lo nuestro, por buscar nuestras ra\u00edces de d\u00f3nde venimos, de Guaicaipuro, de nuestros ind\u00edgenas, de nuestra independencia , que es una independencia com\u00fan frente al gran imperio espa\u00f1ol para ese momento. Esa historia en com\u00fan hace que hoy vuelva a la mente de muchos pueblos. Y creo que el pueblo Latinoamericano ha despertado. Esa victoria que ayer obtuvimos en la OEA cuando muchos pueblos se negaron a reconocer a este hombre que se autoproclam\u00f3, bueno significa que hoy hay conciencia y que los gobiernos deben reaccionar. En todo caso, nuestro llamado ser\u00eda a esos diplom\u00e1ticos, les corresponde hacer la pol\u00edtica desde la diplomacia que est\u00e9n muy atentos a lo que pueda suceder, que lo est\u00e1n haciendo bien. Esa decisi\u00f3n es la decisi\u00f3n correcta de no reconocer a quien no ha sido elegido por una mayor\u00eda en Venezuela. Es decir, vemos con buenos ojos la decisi\u00f3n que ayer la OEA, m\u00e1s all\u00e1 de Almugre y de aquellos pueblos que se arrastran al imperio, tuvieron una digna posici\u00f3n frente al enemigo com\u00fan de Am\u00e9rica Latina y el Caribe, y me atrever\u00eda a decir del mundo, el imperialismo Yanki.<\/p>\n<p>CZ: Juan, del escenario internacional planteado recientemente, te llevo un poco a, como dice tu entra\u00f1able tambi\u00e9n compa\u00f1ero Lito Borello, la diplomacia de los pueblos ayer. El referente de DD.HH. de la CTEP y tambi\u00e9n de la Organizaci\u00f3n Los Pibes hizo p\u00fablica las declaraciones como un llamado a realizar una cumbre de organizaciones territoriales para hacer frente a esta nueva intentona golpista y a defender el territorio nuestroamericano.<\/p>\n<p>No s\u00e9 tuviste oportunidad de escucharlo y en todo caso comentarlo en el sentido de que puedas plantear desde los pueblos hermanos, desde las organizaciones de los pueblos hermanos de nuestra Am\u00e9rica, en qu\u00e9 podemos avanzar solidariamente, pero activamente en esta cr\u00edtica situaci\u00f3n que estamos viviendo.<\/p>\n<p>JC: Me parece que la iniciativa que ha tomado la organizaci\u00f3n de Los Pibes a trav\u00e9s de Lito y otros compa\u00f1eros y la decisi\u00f3n de construir esa instancia, esa diplomacia de los pueblos desde abajo, desde los sectores populares, desde la gente insurgente de nuestro pueblo, insurgente que viene haciendo esos cambios en definitiva, son los beneficiados de este proceso y son los que quieren cambiar la correlaci\u00f3n de fuerzas que hay hoy en Am\u00e9rica Latina. Ese pueblo insurgente que sigue batallando. Por supuesto que es una sabia decisi\u00f3n. \u00bfQu\u00e9 otras cosas hay que hacer? Bueno, yo creo que la movilizaci\u00f3n es un elemento positivo. Eso que se hizo el 23 de enero en Argentina, en Chile, en otros lugares, otras latitudes del continente latinoamericano y caribe\u00f1o de proteger las embajadas, de no permitir que la contrarrevoluci\u00f3n avance y agreda a nuestros hermanos es el camino, es la demostraci\u00f3n de la solidaridad de nuestros pueblos. Es el convencimiento de que es el mismo pueblo que est\u00e1 luchando. Nosotros desde ac\u00e1 decimos sin jactancia que en Venezuela se est\u00e1 jugando el destino de Am\u00e9rica Latina y del Caribe. Lo que hoy ocurra, va a repercutir para todos, para bien o para mal. Porque quieren frenar el desarrollo de nuestros pueblos, y al mismo pueblo que venimos batallando desde hace mucho tiempo. Y no podemos dejarnos arrebatar el triunfo del proceso bolivariano, ya que ser\u00eda un retroceso para toda la Am\u00e9rica Latina. Por eso digo, para bien o para mal, porque sabemos que est\u00e1n al acecho. Esa es una manera activa de demostrar la solidaridad, tienen que haber marchas, tienen que haber iniciativas en cada pa\u00eds, llegarse hasta donde est\u00e1 la sede de la ONU, llegarse hasta donde est\u00e1n las embajadas de los Yankis y decirle que el pueblo latinoamericano hoy est\u00e1 con el pueblo de Bol\u00edvar y Ch\u00e1vez, porque es el mismo pueblo, es la misma lucha. Son m\u00e1s de quinientos a\u00f1os que nuestro pueblo viene peleando por construir ese bloque de naciones del que nos hablaban nuestros libertadores, del que nos habl\u00f3 Bol\u00edvar. Es el mismo pueblo y la solidaridad tiene que estar presente, nos asiste la raz\u00f3n. Por eso es que estamos de pie. Vamos a morir como los \u00e1rboles, de pie, con fuerza, batallando, defendiendo la dignidad, no del pueblo venezolano, sino defendiendo la dignidad del pueblo latinoamericano y caribe\u00f1o por la construcci\u00f3n de un mundo mejor. Tenemos derecho a decidir nuestro destino. No es el imperio, no es la Uni\u00f3n Europea, no es el gobierno de Canad\u00e1 a los que nosotros les vamos a hacer caso. Vamos a tomar nuestras propias decisiones. El pueblo de Venezuela es independiente, hay autodeterminaci\u00f3n, el derecho internacional p\u00fablico lo determina. Nuestra independencia para nuestras naciones, nuestros estados y la autodeterminaci\u00f3n de nuestros pueblos. En este marco estamos defendiendo el derecho que nos hemos dado a ser libres en estos veinte a\u00f1os y a tomar el rumbo de nuestros libertadores. Concretamente aqu\u00ed venimos luchando desde hace muchos a\u00f1os, desde all\u00e1 de Guaicaipuro, desde all\u00e1 de Jos\u00e9 Leonardo Chirino que en 1554 se enfrent\u00f3 con la rebeli\u00f3n para construir la Rep\u00fablica y luego para abolir la esclavitud. Y luego en el Siglo XIX con los libertadores, con Bol\u00edvar, con Miranda, con Sucre, con San Mart\u00edn, es de esa liberaci\u00f3n que estamos hablando. Y aqu\u00ed concretamente con Ezequiel Zamora \u00abTierra y hombres libres\u00bb 1854. Y m\u00e1s recientemente nuestra historia contempor\u00e1nea, nuestras generaciones que se fueron en los &#8217;60, &#8217;70, &#8217;80, &#8217;90 a la guerrilla por la liberaci\u00f3n nacional y el socialismo. En el Caracazo se fueron m\u00e1s de 3 mil muertos que sembr\u00f3 el pueblo para enterrar definitivamente las recetas del Fondo Monetario Internacional. Y luego vinieron las sublevaciones c\u00edvico-militares de esa generaci\u00f3n de militares j\u00f3venes como el Comandante Hugo Ch\u00e1vez, 4 de febrero de 1992 &#8211; 27 de noviembre de 1992. De all\u00ed venimos caminando, de todas esas luchas. De ah\u00ed viene esa insurgencia, y hoy decimos No. Somos libres y vamos a defender el destino que ha tomado la mayor\u00eda del pueblo venezolano, y la mayor\u00eda del pueblo latinoamericano. La solidaridad activa, movilizaciones, y bueno, si fuese necesario, yo creo que la juventud, los compa\u00f1eros que deseen venir ac\u00e1 a apoyar directamente, si se atreviesen los Yankis a tocar tierra venezolana, bueno debemos venir a defender lo que hoy es el basti\u00f3n de la dignidad de Am\u00e9rica Latina y el Caribe.<\/p>\n<p>CZ: Nos interesaba conocer qu\u00e9 est\u00e1n discutiendo sobre algo que en largo plazo parece fundamental de resolver esta cuesti\u00f3n de c\u00f3mo revertir ese fen\u00f3meno de la guerra econ\u00f3mica que intenta miserabilizar al pueblo y desgastar el proceso desde ah\u00ed.<\/p>\n<p>JC: Bueno para eso tiene que existir la autosiembra. Hay espacios aqu\u00ed en la ciudad donde se viene sembrando a mill\u00f3n, pues todo lo que nos hace falta. El tomate, el pepino, los ali\u00f1os, todo eso que necesitamos a diario. Hay todo un proceso de construcci\u00f3n desde el barrio en las capitales. Y por supuesto que desde el campo tambi\u00e9n nuestros campesinos est\u00e1n dando. Nosotros desde la Coordinadora Sim\u00f3n Bol\u00edvar lo hemos planteado concretamente en los barrios. Desde las organizaciones donde hacemos vida, bueno vamos a construir brigadas internacionalistas. As\u00ed como fuimos en alg\u00fan momento en pleno per\u00edodo especial, la gente de la Coordinadora Sim\u00f3n Bol\u00edvar en el a\u00f1o &#8217;93 estuvimos trabajando en los campos cubanos . Pues podemos tambi\u00e9n recibir a las brigadas que vengan desde argentina, desde Ecuador, desde Cuba, desde Paraguay, desde Puerto Rico, desde cualquier latitud latinoamericana y caribe\u00f1a y desde el mundo, por supuesto que para trabajar en la siembra del pa\u00eds. Hay mucha propuesta y se viene trabajando desde abajo, pues desde la siembra, desde el campo mismo, nuestros campesinos, nuestra gente, nuestro pueblo. Porque ese es el camino, autoabastecernos nosotros mismos en un momento tan delicado. Y por supuesto, luego est\u00e1 tambi\u00e9n la acci\u00f3n del gobierno revolucionario con el tema de los planes. El gobierno ha tratado de 10 mil maneras de solventar con lo menos, la situaci\u00f3n que a cada familia, que a cada vecino le llegue pues por lo menos la bolsa de alimentos. Bueno ah\u00ed est\u00e1 la receta, es la sabidur\u00eda del pueblo. El pueblo sabe qu\u00e9 hacer y nuestro pueblo se ha convertido en h\u00e9roes y hero\u00ednas en estos 6 a\u00f1os resistiendo una arremetida bestial, tanto del imperio como de los gobiernos lacayos que en nuestra regi\u00f3n le apuestan a la oligarqu\u00eda parasitaria venezolana<br \/>\nNuestro eterno agradecimiento a ustedes, al pueblo latinoamericano en general, que en diferentes latitudes han estado pendientes estos d\u00edas de esta nueva escalada de la contrarrevoluci\u00f3n, siempre estaremos agradecidos. Y en homenaje a este agradecimiento nosotros les decimos que ni pa&#8217; &#8216;tras ni pa&#8217; coger impulso. Vamos a estar de frente, de pie defendiendo la dignidad del pueblo latinoamericano, y defendiendo la segunda y definitiva independencia de nuestros pueblos. \u00a1Hasta la victoria siempre, compa\u00f1eros!<\/p>\n<p>&nbsp;<\/p>\n<p>&nbsp;<\/p>\n<p>&nbsp;<\/p>\n","protected":false},"excerpt":{"rendered":"<p>[FM Riachuelo 26\/01\/2019] En una entrevista especial para el programa \u00a0Cazadores de Zonceras conversamos con Juan Contreras, referente de la Coordinadora Sim\u00f3n Bol\u00edvar de la parroquia 23 de Enero de Caracas. Contreras comparti\u00f3 su mirada sobre el nuevo intento golpista del imperialismo en el pa\u00eds y destac\u00f3\u00a0 la resistencia desde la organizaci\u00f3n popular. Y Convoc\u00f3 [&hellip;]<\/p>\n","protected":false},"author":5,"featured_media":8914,"comment_status":"open","ping_status":"open","sticky":false,"template":"","format":"standard","meta":{"_monsterinsights_skip_tracking":false,"_monsterinsights_sitenote_active":false,"_monsterinsights_sitenote_note":"","_monsterinsights_sitenote_category":0,"jnews-multi-image_gallery":[],"jnews_single_post":[],"jnews_primary_category":[],"_joinchat":[],"footnotes":""},"categories":[78,80,76,77],"tags":[],"class_list":["post-8913","post","type-post","status-publish","format-standard","has-post-thumbnail","hentry","category-economia-popular","category-educacion","category-salud-comunitaria","category-soberania"],"_links":{"self":[{"href":"http:\/\/fmriachuelo.it10.com.ar\/index.php\/wp-json\/wp\/v2\/posts\/8913","targetHints":{"allow":["GET"]}}],"collection":[{"href":"http:\/\/fmriachuelo.it10.com.ar\/index.php\/wp-json\/wp\/v2\/posts"}],"about":[{"href":"http:\/\/fmriachuelo.it10.com.ar\/index.php\/wp-json\/wp\/v2\/types\/post"}],"author":[{"embeddable":true,"href":"http:\/\/fmriachuelo.it10.com.ar\/index.php\/wp-json\/wp\/v2\/users\/5"}],"replies":[{"embeddable":true,"href":"http:\/\/fmriachuelo.it10.com.ar\/index.php\/wp-json\/wp\/v2\/comments?post=8913"}],"version-history":[{"count":0,"href":"http:\/\/fmriachuelo.it10.com.ar\/index.php\/wp-json\/wp\/v2\/posts\/8913\/revisions"}],"wp:featuredmedia":[{"embeddable":true,"href":"http:\/\/fmriachuelo.it10.com.ar\/index.php\/wp-json\/wp\/v2\/media\/8914"}],"wp:attachment":[{"href":"http:\/\/fmriachuelo.it10.com.ar\/index.php\/wp-json\/wp\/v2\/media?parent=8913"}],"wp:term":[{"taxonomy":"category","embeddable":true,"href":"http:\/\/fmriachuelo.it10.com.ar\/index.php\/wp-json\/wp\/v2\/categories?post=8913"},{"taxonomy":"post_tag","embeddable":true,"href":"http:\/\/fmriachuelo.it10.com.ar\/index.php\/wp-json\/wp\/v2\/tags?post=8913"}],"curies":[{"name":"wp","href":"https:\/\/api.w.org\/{rel}","templated":true}]}}