{"id":8911,"date":"2019-01-26T16:40:53","date_gmt":"2019-01-26T16:40:53","guid":{"rendered":"http:\/\/fmriachuelo.com.ar\/?p=8911"},"modified":"2019-01-26T16:40:53","modified_gmt":"2019-01-26T16:40:53","slug":"feriazos-vamos-a-volver-a-las-plazas","status":"publish","type":"post","link":"http:\/\/fmriachuelo.it10.com.ar\/index.php\/2019\/01\/26\/feriazos-vamos-a-volver-a-las-plazas\/","title":{"rendered":"FERIAZOS: VAMOS A VOLVER A LAS PLAZAS"},"content":{"rendered":"<p><strong>[FM Riachuelo 26\/01\/2019] En el d\u00eda de ayer, durante el programa \u201cRompe el Cerco Informativo\u201d entrevistamos a Gilda S\u00e1nchez Coordinadora general de los Feriazos \u00a0de la Uni\u00f3n de Trabajadores de la Tierra (UTT). A ra\u00edz de la medida que el gobierno de la Ciudad de Buenos Aires sostiene en prohibir los feriazos en las plazas porte\u00f1as.<\/strong><\/p>\n<p>La UTT mantuvo durante el a\u00f1o pasado varios feriazos \u00a0en distintas plazas, donde los peque\u00f1os productores vend\u00edan sus verduras a muy bajo precio ($10) para mostrar la problem\u00e1tica \u00a0y grave situaci\u00f3n que viven los trabajadores.<\/p>\n<p>Ante la decisi\u00f3n del gobierno de Larreta en erradicar a \u00a0partir del 2019 que sigan haciendo los feriazos en las plazas de la Ciudad, conversamos con Gilda para que nos cuente sobre el conflicto.<\/p>\n<p>Desde el\u00a0 Gobierno de la\u00a0 Ciudad con diferentes argumentos como que las plazas quedan \u201csucias\u201d luego de realizarse el feriazo, no les dan el permiso para que los peque\u00f1os productores sigan vendiendo sus verduras y contin\u00faen visibilizando las problem\u00e1ticas del sector.<\/p>\n<p>Gilda S\u00e1nchez, dijo:<em><strong> \u201cNosotros queremos eliminar los intermediarios, porque en la quinta te pagan dos pesos la verdura, y vas al mercado central y te pagan el triple, hay una diferencia enorme\u201d.<\/strong> <\/em><\/p>\n<p><strong>A la espera de una \u00a0pr\u00f3xima reuni\u00f3n que \u00a0prometieron desde el GCBA, los trabajadores esperan que se resuelva el conflicto, aunque igualmente van a volver a las plazas.<\/strong><\/p>\n","protected":false},"excerpt":{"rendered":"<p>[FM Riachuelo 26\/01\/2019] En el d\u00eda de ayer, durante el programa \u201cRompe el Cerco Informativo\u201d entrevistamos a Gilda S\u00e1nchez Coordinadora general de los Feriazos \u00a0de la Uni\u00f3n de Trabajadores de la Tierra (UTT). A ra\u00edz de la medida que el gobierno de la Ciudad de Buenos Aires sostiene en prohibir los feriazos en las plazas [&hellip;]<\/p>\n","protected":false},"author":5,"featured_media":8209,"comment_status":"open","ping_status":"open","sticky":false,"template":"","format":"standard","meta":{"_monsterinsights_skip_tracking":false,"_monsterinsights_sitenote_active":false,"_monsterinsights_sitenote_note":"","_monsterinsights_sitenote_category":0,"jnews-multi-image_gallery":[],"jnews_single_post":[],"jnews_primary_category":[],"_joinchat":[],"footnotes":""},"categories":[78,76,74,75],"tags":[],"class_list":["post-8911","post","type-post","status-publish","format-standard","has-post-thumbnail","hentry","category-economia-popular","category-salud-comunitaria","category-san-cayetano","category-trabajo"],"_links":{"self":[{"href":"http:\/\/fmriachuelo.it10.com.ar\/index.php\/wp-json\/wp\/v2\/posts\/8911","targetHints":{"allow":["GET"]}}],"collection":[{"href":"http:\/\/fmriachuelo.it10.com.ar\/index.php\/wp-json\/wp\/v2\/posts"}],"about":[{"href":"http:\/\/fmriachuelo.it10.com.ar\/index.php\/wp-json\/wp\/v2\/types\/post"}],"author":[{"embeddable":true,"href":"http:\/\/fmriachuelo.it10.com.ar\/index.php\/wp-json\/wp\/v2\/users\/5"}],"replies":[{"embeddable":true,"href":"http:\/\/fmriachuelo.it10.com.ar\/index.php\/wp-json\/wp\/v2\/comments?post=8911"}],"version-history":[{"count":0,"href":"http:\/\/fmriachuelo.it10.com.ar\/index.php\/wp-json\/wp\/v2\/posts\/8911\/revisions"}],"wp:featuredmedia":[{"embeddable":true,"href":"http:\/\/fmriachuelo.it10.com.ar\/index.php\/wp-json\/"}],"wp:attachment":[{"href":"http:\/\/fmriachuelo.it10.com.ar\/index.php\/wp-json\/wp\/v2\/media?parent=8911"}],"wp:term":[{"taxonomy":"category","embeddable":true,"href":"http:\/\/fmriachuelo.it10.com.ar\/index.php\/wp-json\/wp\/v2\/categories?post=8911"},{"taxonomy":"post_tag","embeddable":true,"href":"http:\/\/fmriachuelo.it10.com.ar\/index.php\/wp-json\/wp\/v2\/tags?post=8911"}],"curies":[{"name":"wp","href":"https:\/\/api.w.org\/{rel}","templated":true}]}}