{"id":8908,"date":"2019-01-24T22:46:36","date_gmt":"2019-01-24T22:46:36","guid":{"rendered":"http:\/\/fmriachuelo.com.ar\/?p=8908"},"modified":"2019-01-24T22:46:36","modified_gmt":"2019-01-24T22:46:36","slug":"lito-borello-sobre-venezuela-hay-que-convocar-a-una-cumbre-de-urgencia-de-organizaciones-populares","status":"publish","type":"post","link":"http:\/\/fmriachuelo.it10.com.ar\/index.php\/2019\/01\/24\/lito-borello-sobre-venezuela-hay-que-convocar-a-una-cumbre-de-urgencia-de-organizaciones-populares\/","title":{"rendered":"LITO BORELLO SOBRE VENEZUELA: \u00abHAY QUE CONVOCAR A UNA CUMBRE DE URGENCIA DE ORGANIZACIONES POPULARES\u00bb"},"content":{"rendered":"<p><strong>[FM Riachuelo 24\/01\/2019]Hoy en \u201cRompe el Cerco Informativo\u201d conversamos con el Secretario de DD.HH de la CTEP, Lito Borello, sobre la situaci\u00f3n pol\u00edtica y social de Venezuela en medio de la injerencia norteamericana sobre el gobierno bolivariano, a cargo del presidente electo Nicol\u00e1s Maduro.<\/strong><\/p>\n<p>El d\u00eda 23 de enero, Juan Guaido, l\u00edder parlamentario de la oposici\u00f3n, jur\u00f3 como Presidente Interino encargado de Venezuela. Esto representa una escalada a nivel internacional del conflicto, ya que a las pocas horas, diversos mandatarios del mundo salieron a proclamar su posici\u00f3n frente a la situaci\u00f3n pol\u00edtica que se est\u00e1 desarrollando. El presidente de Rusia, China, Bolivia, Uruguay, Turqu\u00eda, M\u00e9xico y Cuba, son algunos de los mandatarios\u00a0 que expresaron su apoyo a Nicol\u00e1s Maduro y calificaron de inconstitucional la autoproclamaci\u00f3n del l\u00edder opositor.<\/p>\n<p>Lito Borello, Secretario de Derechos Humanos de la Confederaci\u00f3n de Trabajadores de la Econom\u00eda Popular, expres\u00f3 su apoyo al gobierno bolivariano de Nicol\u00e1s Maduro:\u201d<strong><em>La solidaridad no es s\u00f3lo con el pueblo de Venezuela y el proceso bolivariano, es con la defensa del territorio nuestro americano, de la soberan\u00eda y la autodeterminaci\u00f3n de nuestros pueblos<\/em><\/strong>\u00ab.<\/p>\n<p>El referente social pidi\u00f3 adem\u00e1s una convocatoria \u00a0urgente <em>\u00bb <strong>a una cumbre de organizaciones sociales y territoriales, para vertebrar una red que permita construir una diplomacia de los pueblos<\/strong><\/em>\u00ab.Y agreg\u00f3: \u00ab<strong>N<em>o nos limitemos a la diplomacia protocolar de los estados, somos nosotros los actores que construimos las patria todos los d\u00edas, los que necesitamos tomar cartas en el asunto con lo que est\u00e1 pasando. Hay que debatir las medidas de acci\u00f3n en el pr\u00f3ximo tiempo inmediato y tener una acci\u00f3n concreta contra el enemigo que intenta batallar los derechos de nuestro pueblo<\/em><\/strong>\u00ab.<\/p>\n<p>Entre tanto, el mundo permanece atento frente a la situaci\u00f3n que se vive d\u00eda a d\u00eda en el pa\u00eds latinoamericano, en el marco de un posible golpe de Estado de la derecha.<\/p>\n<p><strong><span style=\"color: #ff0000\"><a href=\"https:\/\/radiocut.fm\/audiocut\/lito-borello-sobre-venezuelahay-que-convocar-a-una-cumbre-de-urgencia-de-organizaciones-populares\/\" target=\"_blank\" rel=\"noopener\">Escucha la entrevista ac\u00e1<\/a><\/span><\/strong><\/p>\n<p>&nbsp;<\/p>\n","protected":false},"excerpt":{"rendered":"<p>[FM Riachuelo 24\/01\/2019]Hoy en \u201cRompe el Cerco Informativo\u201d conversamos con el Secretario de DD.HH de la CTEP, Lito Borello, sobre la situaci\u00f3n pol\u00edtica y social de Venezuela en medio de la injerencia norteamericana sobre el gobierno bolivariano, a cargo del presidente electo Nicol\u00e1s Maduro. El d\u00eda 23 de enero, Juan Guaido, l\u00edder parlamentario de la [&hellip;]<\/p>\n","protected":false},"author":5,"featured_media":8375,"comment_status":"open","ping_status":"open","sticky":false,"template":"","format":"standard","meta":{"_monsterinsights_skip_tracking":false,"_monsterinsights_sitenote_active":false,"_monsterinsights_sitenote_note":"","_monsterinsights_sitenote_category":0,"jnews-multi-image_gallery":[],"jnews_single_post":[],"jnews_primary_category":[],"_joinchat":[],"footnotes":""},"categories":[79,76],"tags":[],"class_list":["post-8908","post","type-post","status-publish","format-standard","has-post-thumbnail","hentry","category-nadie-se-salva-solo","category-salud-comunitaria"],"_links":{"self":[{"href":"http:\/\/fmriachuelo.it10.com.ar\/index.php\/wp-json\/wp\/v2\/posts\/8908","targetHints":{"allow":["GET"]}}],"collection":[{"href":"http:\/\/fmriachuelo.it10.com.ar\/index.php\/wp-json\/wp\/v2\/posts"}],"about":[{"href":"http:\/\/fmriachuelo.it10.com.ar\/index.php\/wp-json\/wp\/v2\/types\/post"}],"author":[{"embeddable":true,"href":"http:\/\/fmriachuelo.it10.com.ar\/index.php\/wp-json\/wp\/v2\/users\/5"}],"replies":[{"embeddable":true,"href":"http:\/\/fmriachuelo.it10.com.ar\/index.php\/wp-json\/wp\/v2\/comments?post=8908"}],"version-history":[{"count":0,"href":"http:\/\/fmriachuelo.it10.com.ar\/index.php\/wp-json\/wp\/v2\/posts\/8908\/revisions"}],"wp:featuredmedia":[{"embeddable":true,"href":"http:\/\/fmriachuelo.it10.com.ar\/index.php\/wp-json\/"}],"wp:attachment":[{"href":"http:\/\/fmriachuelo.it10.com.ar\/index.php\/wp-json\/wp\/v2\/media?parent=8908"}],"wp:term":[{"taxonomy":"category","embeddable":true,"href":"http:\/\/fmriachuelo.it10.com.ar\/index.php\/wp-json\/wp\/v2\/categories?post=8908"},{"taxonomy":"post_tag","embeddable":true,"href":"http:\/\/fmriachuelo.it10.com.ar\/index.php\/wp-json\/wp\/v2\/tags?post=8908"}],"curies":[{"name":"wp","href":"https:\/\/api.w.org\/{rel}","templated":true}]}}