{"id":890,"date":"2014-12-09T10:30:00","date_gmt":"2014-12-09T10:30:00","guid":{"rendered":"http:\/\/fmriachuelo.observatorioess.org.ar\/index.php\/2014\/12\/09\/gobierno-brasileno-lanza-portal-en-internet-con-memoria-de-la-dictadura\/"},"modified":"2025-03-17T12:04:07","modified_gmt":"2025-03-17T15:04:07","slug":"gobierno-brasileno-lanza-portal-en-internet-con-memoria-de-la-dictadura","status":"publish","type":"post","link":"http:\/\/fmriachuelo.it10.com.ar\/index.php\/2014\/12\/09\/gobierno-brasileno-lanza-portal-en-internet-con-memoria-de-la-dictadura\/","title":{"rendered":"GOBIERNO BRASILE\u00d1O LANZA PORTAL EN INTERNET CON MEMORIA DE LA DICTADURA"},"content":{"rendered":"<p><b style=\"color: red;font-family: Verdana, sans-serif\"><span style=\"font-size: large\">BRASIL: LAS POL\u00cdTICAS DE LA MEMORIA<\/span><\/b><\/p>\n<div style=\"clear: both;text-align: left\"><a href=\"https:\/\/images-blogger-opensocial.googleusercontent.com\/gadgets\/proxy?url=http%3A%2F%2F2.bp.blogspot.com%2F-Cw2w9QDyKck%2FVIYeFmqtdoI%2FAAAAAAAAB20%2F4stjWRXTzy8%2Fs1600%2Fbrasil-dictadura-e1417814605537.jpg&amp;container=blogger&amp;gadget=a&amp;rewriteMime=image%2F*\" style=\"clear: left;float: left;margin-bottom: 1em;margin-right: 1em;text-align: left\"><img loading=\"lazy\" decoding=\"async\" border=\"0\" height=\"119\" src=\"https:\/\/images-blogger-opensocial.googleusercontent.com\/gadgets\/proxy?url=http%3A%2F%2F2.bp.blogspot.com%2F-Cw2w9QDyKck%2FVIYeFmqtdoI%2FAAAAAAAAB20%2F4stjWRXTzy8%2Fs1600%2Fbrasil-dictadura-e1417814605537.jpg&amp;container=blogger&amp;gadget=a&amp;rewriteMime=image%2F*\" width=\"200\" \/><\/a><\/div>\n<p><span style=\"font-family: Verdana, sans-serif\">El gobierno brasile\u00f1o lanz\u00f3  este 5 de diciembre un portal en internet con un acervo de informaci\u00f3n, im\u00e1genes y documentales sobre la dictadura militar (1964-1985) con miras a rescatar la memoria de ese periodo.<\/span><br \/><span style=\"font-family: Verdana, sans-serif\">El portal cuenta con contenidos interactivos y permite a internautas bajar testimonios sobre el r\u00e9gimen militar, as\u00ed como tiene un \u00e1rea destinada a profesores con planes de estudio y materiales de ense\u00f1anza.<\/span><span style=\"font-family: Verdana, sans-serif\"><\/span><br \/><span style=\"font-family: Verdana, sans-serif\"><\/span><br \/><a name='more'><\/a><span style=\"font-family: Verdana, sans-serif\"><\/span><\/p>\n<div style=\"text-align: left\"><span style=\"font-family: Verdana, sans-serif\">Denominado \u00abMemorias de la Dictadura\u00bb, el sitio fue creado por iniciativa de la secretar\u00eda de Derechos Humanos de la Presidencia y de la organizaci\u00f3n no gubernamental Instituto Vladimir Herzog, y busca divulgar la historia de Brasil en los 21 a\u00f1os que reg\u00edmenes castrenses.<\/span><\/div>\n<p><span style=\"font-family: Verdana, sans-serif\"><\/span><\/p>\n<div style=\"text-align: left\"><span style=\"font-family: Verdana, sans-serif\">Al intervenir en el lanzamiento de este portal digital, la secretaria de Pol\u00edticas para las Mujeres de la Presidencia, Eleonora Menicucci, quien fue presa y torturada durante ese periodo, destac\u00f3 que este sitio constituye un instrumento vivo y concreto para que la memoria no se apague.<\/span><\/div>\n<p><span style=\"font-family: Verdana, sans-serif\"><\/span><\/p>\n<div style=\"text-align: left\"><span style=\"font-family: Verdana, sans-serif\">\u00abCuando la memoria se apaga, se apaga la historia de una generaci\u00f3n y de un pa\u00eds, y muchos no est\u00e1n aqu\u00ed para contar esa historia\u00bb, asever\u00f3 al manifestar que los materiales exhibidos permitir\u00e1n a las personas tener una idea de lo ocurrido en la \u00e9poca y aprender a evitar la repetici\u00f3n de este tipo de episodios.<\/span><\/div>\n<p><span style=\"font-family: Verdana, sans-serif\"><\/span><\/p>\n<div style=\"text-align: left\"><span style=\"font-family: Verdana, sans-serif\">La titular de la secretaria de Derechos Humanos, Ideli Salvatti, dijo por su parte que esta p\u00e1gina digital servir\u00e1 para refrescar la memoria a algunos y a otros a conocer el significado de la dictadura.<\/span><\/div>\n<p><span style=\"font-family: Verdana, sans-serif\"><\/p>\n<div style=\"text-align: left\">La presentaci\u00f3n se registra cuando restan cinco d\u00edas de la divulgaci\u00f3n del informe final de la Comisi\u00f3n Nacional de la Verdad, creada para indagar las violaciones de los derechos humanos ocurridas durante los reg\u00edmenes castrenses.<\/div>\n<p><span style=\"color: #0b5394;font-size: x-small\"><\/p>\n<div style=\"text-align: left\"><span style=\"color: #0b5394;font-size: x-small\"><b>FUENTE: PRENSA LATINA, PORTAL DEL SUR<\/b><\/span><a href=\"http:\/\/1.bp.blogspot.com\/-s64G8La-j9g\/VIYBSKdg3uI\/AAAAAAAAB2o\/3md_TU9Link\/s1600\/COOP%2BRIACHIUELO%2BPRODUCCIONES.jpg\" style=\"clear: left;margin-bottom: 1em;margin-right: 1em;text-align: center\"><img loading=\"lazy\" decoding=\"async\" border=\"0\" height=\"58\" src=\"https:\/\/images-blogger-opensocial.googleusercontent.com\/gadgets\/proxy?url=http%3A%2F%2F1.bp.blogspot.com%2F-s64G8La-j9g%2FVIYBSKdg3uI%2FAAAAAAAAB2o%2F3md_TU9Link%2Fs1600%2FCOOP%252BRIACHIUELO%252BPRODUCCIONES.jpg&amp;container=blogger&amp;gadget=a&amp;rewriteMime=image%2F*\" width=\"200\" \/><\/a><\/div>\n<p><\/span><\/span><\/p>\n","protected":false},"excerpt":{"rendered":"<p>BRASIL: LAS POL\u00cdTICAS DE LA MEMORIA El gobierno brasile\u00f1o lanz\u00f3 este 5 de diciembre un portal en internet con un acervo de informaci\u00f3n, im\u00e1genes y documentales sobre la dictadura militar (1964-1985) con miras a rescatar la memoria de ese periodo.El portal cuenta con contenidos interactivos y permite a internautas bajar testimonios sobre el r\u00e9gimen militar, [&hellip;]<\/p>\n","protected":false},"author":4,"featured_media":0,"comment_status":"open","ping_status":"open","sticky":false,"template":"","format":"standard","meta":{"_monsterinsights_skip_tracking":false,"_monsterinsights_sitenote_active":false,"_monsterinsights_sitenote_note":"","_monsterinsights_sitenote_category":0,"jnews-multi-image_gallery":[],"jnews_single_post":{"format":"standard"},"jnews_primary_category":[],"_joinchat":[],"footnotes":""},"categories":[58],"tags":[70,119],"class_list":["post-890","post","type-post","status-publish","format-standard","hentry","category-noticiariachuelo","tag-de-la-patria-grande","tag-derechos-humanos"],"_links":{"self":[{"href":"http:\/\/fmriachuelo.it10.com.ar\/index.php\/wp-json\/wp\/v2\/posts\/890","targetHints":{"allow":["GET"]}}],"collection":[{"href":"http:\/\/fmriachuelo.it10.com.ar\/index.php\/wp-json\/wp\/v2\/posts"}],"about":[{"href":"http:\/\/fmriachuelo.it10.com.ar\/index.php\/wp-json\/wp\/v2\/types\/post"}],"author":[{"embeddable":true,"href":"http:\/\/fmriachuelo.it10.com.ar\/index.php\/wp-json\/wp\/v2\/users\/4"}],"replies":[{"embeddable":true,"href":"http:\/\/fmriachuelo.it10.com.ar\/index.php\/wp-json\/wp\/v2\/comments?post=890"}],"version-history":[{"count":1,"href":"http:\/\/fmriachuelo.it10.com.ar\/index.php\/wp-json\/wp\/v2\/posts\/890\/revisions"}],"predecessor-version":[{"id":22017,"href":"http:\/\/fmriachuelo.it10.com.ar\/index.php\/wp-json\/wp\/v2\/posts\/890\/revisions\/22017"}],"wp:attachment":[{"href":"http:\/\/fmriachuelo.it10.com.ar\/index.php\/wp-json\/wp\/v2\/media?parent=890"}],"wp:term":[{"taxonomy":"category","embeddable":true,"href":"http:\/\/fmriachuelo.it10.com.ar\/index.php\/wp-json\/wp\/v2\/categories?post=890"},{"taxonomy":"post_tag","embeddable":true,"href":"http:\/\/fmriachuelo.it10.com.ar\/index.php\/wp-json\/wp\/v2\/tags?post=890"}],"curies":[{"name":"wp","href":"https:\/\/api.w.org\/{rel}","templated":true}]}}