{"id":889,"date":"2014-12-09T11:00:00","date_gmt":"2014-12-09T11:00:00","guid":{"rendered":"http:\/\/fmriachuelo.observatorioess.org.ar\/index.php\/2014\/12\/09\/300-jovenes-y-adultos-estudiantes-del-paebyt-reciben-su-certificado-de-estudios-primarios\/"},"modified":"2025-03-17T12:04:48","modified_gmt":"2025-03-17T15:04:48","slug":"300-jovenes-y-adultos-estudiantes-del-paebyt-reciben-su-certificado-de-estudios-primarios","status":"publish","type":"post","link":"http:\/\/fmriachuelo.it10.com.ar\/index.php\/2014\/12\/09\/300-jovenes-y-adultos-estudiantes-del-paebyt-reciben-su-certificado-de-estudios-primarios\/","title":{"rendered":"300 J\u00d3VENES Y ADULTOS ESTUDIANTES DEL PAEBYT RECIBEN SU CERTIFICADO DE ESTUDIOS PRIMARIOS"},"content":{"rendered":"<div style=\"margin-bottom: 0.0001pt\"><span style=\"font-family: Verdana, sans-serif\">PROGRAMA SOBREVIVIENTE POR LA VOLUNTAD INCLAUDICABLE DE SUS DOCENTES.<\/span><br \/><span style=\"font-family: Verdana, sans-serif\"><b><span style=\"color: red;font-size: large\">29 A\u00d1OS DE EDUCACI\u00d3N P\u00daBLICA Y POPULAR<\/span><\/b><\/span><\/div>\n<div style=\"margin-bottom: 0.0001pt\"><a href=\"http:\/\/2.bp.blogspot.com\/-uBxAJ-8DxaI\/VIaOHKuxpkI\/AAAAAAAAB3k\/1wYOi7ZlIz8\/s1600\/PAEBYT.jpg\" style=\"clear: left;float: left;margin-bottom: 1em;margin-right: 1em\"><img loading=\"lazy\" decoding=\"async\" border=\"0\" src=\"http:\/\/2.bp.blogspot.com\/-uBxAJ-8DxaI\/VIaOHKuxpkI\/AAAAAAAAB3k\/1wYOi7ZlIz8\/s1600\/PAEBYT.jpg\" height=\"240\" width=\"320\" \/><\/a><span style=\"font-family: Verdana, sans-serif\">El Programa de Alfabetizaci\u00f3n, Educaci\u00f3n B\u00e1sica y Trabajo (PAEByT) del \u00c1rea de Educaci\u00f3n del Adulto y del Adolescente del Ministerio de Educaci\u00f3n de la Ciudad entregar\u00e1 los Certificados de terminalidad de Estudios Primarios y Cursos de Capacitaci\u00f3n Laboral 2014 a 300 estudiantes.<\/span><\/div>\n<div style=\"margin-bottom: 0.0001pt\"><span style=\"font-family: Verdana, sans-serif\">El acto se realizar\u00e1 este jueves 11 de diciembre de 2014 desde las 15 hs. en el&nbsp; Auditorio de FOETRA, Hip\u00f3lito Irigoyen 3171. Participar\u00e1 la comunidad educativa, referentes comunitarios de cada instituci\u00f3n y los estudiantes de todos los centros.<\/span><\/div>\n<div style=\"margin-bottom: 0.0001pt\"><span style=\"font-family: Verdana, sans-serif\"><b>CONTACTO:<\/b><\/span><\/div>\n<div style=\"margin-bottom: 0.0001pt\"><span style=\"font-family: Verdana, sans-serif\">Coordinadora General: F\u00e1tima Cabera de Rice: 15-5035-9401<\/span><span style=\"font-family: Verdana, sans-serif\">&nbsp;<\/span><\/div>\n<div style=\"margin-bottom: 0.0001pt\"><span style=\"font-family: Verdana, sans-serif\"><\/span><\/div>\n<p><a name='more'><\/a><span style=\"font-family: Verdana, sans-serif\">Desde hace 29 a\u00f1os el PAEBYT trabaja en la alfabetizaci\u00f3n, la terminalidad de estudios primarios, cursos de capacitaci\u00f3n laboral y talleres de arte y comunicaci\u00f3n. El Programa funciona en 70 centros distribuidos por toda la ciudad en espacios de diversas instituciones p\u00fablicas y organizaciones comunitarias.<\/span><\/p>\n<div style=\"margin-bottom: 0.0001pt\"><span style=\"font-family: Verdana, sans-serif\">Anualmente asisten al PAEByT cerca de 1200 estudiantes mayores de 14 a\u00f1os. Cada a\u00f1o egresan un promedio de 300 estudiantes. Muchos de ellos\/as pueden luego continuar sus estudios de Educaci\u00f3n Media. Un 70 % de los estudiantes son j\u00f3venes que han quedado fuera del sistema educativo formal. Participando del PAEByT pueden volver a insertarse en el mismo y en la comunidad. De las personas adultas, la mayor\u00eda son mujeres con hijos que hacen un gran esfuerzo para continuar sus estudios. El objetivo principal es defender el derecho a la educaci\u00f3n y que todos\/as puedan ejercerlo ya que se puede ingresar en cualquier momento del a\u00f1o.<\/span><\/div>\n<div style=\"margin-bottom: 0.0001pt\"><span style=\"font-family: Verdana, sans-serif\">Tambi\u00e9n hay promociones adelantadas en distintos momentos del a\u00f1o para quienes hayan completado su proceso educativo.<\/span><\/div>\n<div style=\"margin-bottom: 0.0001pt\"><span style=\"font-family: Verdana, sans-serif\">El PAEByT trabaja con una amplia red de organizaciones populares y otros programas del estado nacional y de la ciudad. As\u00ed tiene la posibilidad de llegar a los barrios vulnerados de la Ciudad de Buenos Aires ofreciendo distintos turnos en bloques de 4 horas diarias para facilitar la cursada de j\u00f3venes y adultos. Adem\u00e1s, los educadores\/as tienen capacitaciones en servicio durante todo el a\u00f1o.<\/span><\/div>\n<div style=\"margin-bottom: 0.0001pt\"><span style=\"font-family: Verdana, sans-serif\">Sede central Paebyt: Esc. Media N\u00ba 3<\/span><\/div>\n<div style=\"margin-bottom: 0.0001pt\"><span style=\"font-family: Verdana, sans-serif\">W. Villafa\u00f1e y Palos s\/n\u00ba 2\u00ba piso La Boca<\/span><\/div>\n<p><\/p>\n<div style=\"margin-bottom: 0.0001pt\"><span style=\"font-family: Verdana, sans-serif\">Tel.4300-7915 &#8211; paebyt@gmail.com<\/span><span style=\"font-size: 12pt\"><\/span><\/div>\n","protected":false},"excerpt":{"rendered":"<p>PROGRAMA SOBREVIVIENTE POR LA VOLUNTAD INCLAUDICABLE DE SUS DOCENTES.29 A\u00d1OS DE EDUCACI\u00d3N P\u00daBLICA Y POPULAR El Programa de Alfabetizaci\u00f3n, Educaci\u00f3n B\u00e1sica y Trabajo (PAEByT) del \u00c1rea de Educaci\u00f3n del Adulto y del Adolescente del Ministerio de Educaci\u00f3n de la Ciudad entregar\u00e1 los Certificados de terminalidad de Estudios Primarios y Cursos de Capacitaci\u00f3n Laboral 2014 a [&hellip;]<\/p>\n","protected":false},"author":4,"featured_media":0,"comment_status":"open","ping_status":"open","sticky":false,"template":"","format":"standard","meta":{"_monsterinsights_skip_tracking":false,"_monsterinsights_sitenote_active":false,"_monsterinsights_sitenote_note":"","_monsterinsights_sitenote_category":0,"jnews-multi-image_gallery":[],"jnews_single_post":{"format":"standard"},"jnews_primary_category":[],"_joinchat":[],"footnotes":""},"categories":[58],"tags":[149],"class_list":["post-889","post","type-post","status-publish","format-standard","hentry","category-noticiariachuelo","tag-educacion-popular"],"_links":{"self":[{"href":"http:\/\/fmriachuelo.it10.com.ar\/index.php\/wp-json\/wp\/v2\/posts\/889","targetHints":{"allow":["GET"]}}],"collection":[{"href":"http:\/\/fmriachuelo.it10.com.ar\/index.php\/wp-json\/wp\/v2\/posts"}],"about":[{"href":"http:\/\/fmriachuelo.it10.com.ar\/index.php\/wp-json\/wp\/v2\/types\/post"}],"author":[{"embeddable":true,"href":"http:\/\/fmriachuelo.it10.com.ar\/index.php\/wp-json\/wp\/v2\/users\/4"}],"replies":[{"embeddable":true,"href":"http:\/\/fmriachuelo.it10.com.ar\/index.php\/wp-json\/wp\/v2\/comments?post=889"}],"version-history":[{"count":1,"href":"http:\/\/fmriachuelo.it10.com.ar\/index.php\/wp-json\/wp\/v2\/posts\/889\/revisions"}],"predecessor-version":[{"id":22018,"href":"http:\/\/fmriachuelo.it10.com.ar\/index.php\/wp-json\/wp\/v2\/posts\/889\/revisions\/22018"}],"wp:attachment":[{"href":"http:\/\/fmriachuelo.it10.com.ar\/index.php\/wp-json\/wp\/v2\/media?parent=889"}],"wp:term":[{"taxonomy":"category","embeddable":true,"href":"http:\/\/fmriachuelo.it10.com.ar\/index.php\/wp-json\/wp\/v2\/categories?post=889"},{"taxonomy":"post_tag","embeddable":true,"href":"http:\/\/fmriachuelo.it10.com.ar\/index.php\/wp-json\/wp\/v2\/tags?post=889"}],"curies":[{"name":"wp","href":"https:\/\/api.w.org\/{rel}","templated":true}]}}