{"id":8886,"date":"2019-01-21T16:38:57","date_gmt":"2019-01-21T16:38:57","guid":{"rendered":"http:\/\/fmriachuelo.com.ar\/?p=8886"},"modified":"2019-01-21T16:38:57","modified_gmt":"2019-01-21T16:38:57","slug":"homenaje-a-eduardo-puebla-para-seguir-en-la-lucha-por-una-vida-digna","status":"publish","type":"post","link":"http:\/\/fmriachuelo.it10.com.ar\/index.php\/2019\/01\/21\/homenaje-a-eduardo-puebla-para-seguir-en-la-lucha-por-una-vida-digna\/","title":{"rendered":"HOMENAJE A EDUARDO PUEBLA: PARA SEGUIR EN LA LUCHA POR UNA VIDA DIGNA"},"content":{"rendered":"<p><strong>[FM Riachuelo 21\/01\/2019] Durante la tarde del domingo \u00a0se llev\u00f3 a cabo un homenaje a Eduardo Puebla\u00a0 en el Partido de San Mart\u00edn. Hist\u00f3rico compa\u00f1ero del movimiento peronista y fundador de la OLP (Organizaci\u00f3n Libres del Pueblo). La consigna que predomino en aquel encuentro por parte de todos sus participantes fue: \u00a1Justicia por Rodolfo Orellana!, compa\u00f1eros asesinado por la polic\u00eda en noviembre del a\u00f1o pasado. \u00a0<\/strong><\/p>\n<p>La actividad se llevo a desarrollo en la plaza San Mart\u00edn donde hubo\u00a0 una radio abierta y feria de la Econom\u00eda Popular, donde se\u00a0 exhib\u00eda el fruto del trabajo territorial de la OLP en los barrios. <em>\u201cLa actividad de hoy busca demostrar que hemos logrado los objetivos que en aquella \u00e9poca con Eduardo planific\u00e1bamos, en el a\u00f1o 2002\/2003 que se luchaba por conseguir trabajo en ese momento de emergencia econ\u00f3mica. As\u00ed que lo recordamos desde esa forma, construyendo una feria de la Econom\u00eda Popular. Ac\u00e1 en San Mart\u00edn en la plaza San Mart\u00edn cada compa\u00f1ero viene contento a mostrar lo que logra organiz\u00e1ndose en el barrio. Hoy lo que vemos es el fruto de mucho tiempo de trabajo. M\u00e1s que tristes estamos de fiesta, y ese el homenaje que le hacemos a Eduardo.\u201d<\/em> nos dec\u00eda Pablo Puebla.<\/p>\n<p><img loading=\"lazy\" decoding=\"async\" class=\"aligncenter wp-image-8888 \" src=\"http:\/\/fmriachuelo.com.ar\/wp-content\/uploads\/2019\/01\/WhatsApp-Image-2019-01-21-at-13.34.02-2-300x169.jpeg\" alt=\"\" width=\"485\" height=\"273\" srcset=\"http:\/\/fmriachuelo.it10.com.ar\/wp-content\/uploads\/2019\/01\/WhatsApp-Image-2019-01-21-at-13.34.02-2-300x169.jpeg 300w, http:\/\/fmriachuelo.it10.com.ar\/wp-content\/uploads\/2019\/01\/WhatsApp-Image-2019-01-21-at-13.34.02-2-1024x576.jpeg 1024w, http:\/\/fmriachuelo.it10.com.ar\/wp-content\/uploads\/2019\/01\/WhatsApp-Image-2019-01-21-at-13.34.02-2-768x432.jpeg 768w, http:\/\/fmriachuelo.it10.com.ar\/wp-content\/uploads\/2019\/01\/WhatsApp-Image-2019-01-21-at-13.34.02-2-750x422.jpeg 750w, http:\/\/fmriachuelo.it10.com.ar\/wp-content\/uploads\/2019\/01\/WhatsApp-Image-2019-01-21-at-13.34.02-2-1140x641.jpeg 1140w, http:\/\/fmriachuelo.it10.com.ar\/wp-content\/uploads\/2019\/01\/WhatsApp-Image-2019-01-21-at-13.34.02-2.jpeg 1280w\" sizes=\"auto, (max-width: 485px) 100vw, 485px\" \/><\/p>\n<p>En aquella jornada de homenaje el Pelado Pard\u00eda, referente de la OLP reflexion\u00f3 respecto del rol que la organizaci\u00f3n popular en la realidad y dijo que era el deber de una organizaci\u00f3n generar experiencias que en alg\u00fan momento sean pol\u00edticas estatales para garantizar los derechos del pueblo: <em>\u201cEsa es una de las ideas que hace tiempo venimos planteando en la organizaci\u00f3n, desde el sentido de ir construyendo para lograr normas que nos permitan a organizaciones del barrio el control administrativo y la atenci\u00f3n a las problem\u00e1ticas.\u201d<\/em><\/p>\n<p>Por la radio abierta, tambi\u00e9n se acerc\u00f3 el Director de la revista Res\u00famen Latinoamericano, Carlos Aznarez que expres\u00f3: <em>\u201cEl marco internacional est\u00e1 complicad\u00edsimo, como as\u00ed tambi\u00e9n lo est\u00e1 el pa\u00eds. Pero es importante destacar que a pesar de los gobiernos facistas que acontecen en la regi\u00f3n todav\u00eda tenemos algunos bolsones de resistencia fuerte. Frente a la ofensiva imperialista los pueblos siguen luchando. Hay luchas en toda Latinoam\u00e9rica que es est\u00e1n demostrando que no van a poder con nosotros, que no nos han vencido y que en cada uno de los pa\u00edses hay personas dispuestas a luchar. Para serles sincero estamos en una situaci\u00f3n dif\u00edcil, pero estamos dispuestos a salir de ella luchando en la calle.\u201d<\/em><\/p>\n<p><img loading=\"lazy\" decoding=\"async\" class=\"wp-image-8889 size-large aligncenter\" src=\"http:\/\/fmriachuelo.com.ar\/wp-content\/uploads\/2019\/01\/WhatsApp-Image-2019-01-21-at-13.34.02-1-1024x576.jpeg\" alt=\"\" width=\"640\" height=\"360\" srcset=\"http:\/\/fmriachuelo.it10.com.ar\/wp-content\/uploads\/2019\/01\/WhatsApp-Image-2019-01-21-at-13.34.02-1-1024x576.jpeg 1024w, http:\/\/fmriachuelo.it10.com.ar\/wp-content\/uploads\/2019\/01\/WhatsApp-Image-2019-01-21-at-13.34.02-1-300x169.jpeg 300w, http:\/\/fmriachuelo.it10.com.ar\/wp-content\/uploads\/2019\/01\/WhatsApp-Image-2019-01-21-at-13.34.02-1-768x432.jpeg 768w, http:\/\/fmriachuelo.it10.com.ar\/wp-content\/uploads\/2019\/01\/WhatsApp-Image-2019-01-21-at-13.34.02-1-750x422.jpeg 750w, http:\/\/fmriachuelo.it10.com.ar\/wp-content\/uploads\/2019\/01\/WhatsApp-Image-2019-01-21-at-13.34.02-1-1140x641.jpeg 1140w, http:\/\/fmriachuelo.it10.com.ar\/wp-content\/uploads\/2019\/01\/WhatsApp-Image-2019-01-21-at-13.34.02-1.jpeg 1280w\" sizes=\"auto, (max-width: 640px) 100vw, 640px\" \/><\/p>\n<p>La lucha del compa\u00f1ero Eduardo Puebla por construir Econom\u00eda Popular logr\u00f3 extenderse a distintas regiones del pa\u00eds, y dieron la oportunidad de que Natalia, una compa\u00f1era de Malvinas Argentinas pudiera estar en dicha convocatoria afirmando que: <strong><em>\u201cEl sistema nos quiere dejar afuera, y lo que hace la Econom\u00eda popular es darnos la posibilidad de tener la dignidad de aprender un oficio y seguir en la lucha por una vida digna.\u201d<\/em><\/strong><\/p>\n","protected":false},"excerpt":{"rendered":"<p>[FM Riachuelo 21\/01\/2019] Durante la tarde del domingo \u00a0se llev\u00f3 a cabo un homenaje a Eduardo Puebla\u00a0 en el Partido de San Mart\u00edn. Hist\u00f3rico compa\u00f1ero del movimiento peronista y fundador de la OLP (Organizaci\u00f3n Libres del Pueblo). La consigna que predomino en aquel encuentro por parte de todos sus participantes fue: \u00a1Justicia por Rodolfo Orellana!, [&hellip;]<\/p>\n","protected":false},"author":5,"featured_media":8887,"comment_status":"open","ping_status":"open","sticky":false,"template":"","format":"standard","meta":{"_monsterinsights_skip_tracking":false,"_monsterinsights_sitenote_active":false,"_monsterinsights_sitenote_note":"","_monsterinsights_sitenote_category":0,"jnews-multi-image_gallery":[],"jnews_single_post":[],"jnews_primary_category":[],"_joinchat":[],"footnotes":""},"categories":[80,76],"tags":[],"class_list":["post-8886","post","type-post","status-publish","format-standard","has-post-thumbnail","hentry","category-educacion","category-salud-comunitaria"],"_links":{"self":[{"href":"http:\/\/fmriachuelo.it10.com.ar\/index.php\/wp-json\/wp\/v2\/posts\/8886","targetHints":{"allow":["GET"]}}],"collection":[{"href":"http:\/\/fmriachuelo.it10.com.ar\/index.php\/wp-json\/wp\/v2\/posts"}],"about":[{"href":"http:\/\/fmriachuelo.it10.com.ar\/index.php\/wp-json\/wp\/v2\/types\/post"}],"author":[{"embeddable":true,"href":"http:\/\/fmriachuelo.it10.com.ar\/index.php\/wp-json\/wp\/v2\/users\/5"}],"replies":[{"embeddable":true,"href":"http:\/\/fmriachuelo.it10.com.ar\/index.php\/wp-json\/wp\/v2\/comments?post=8886"}],"version-history":[{"count":0,"href":"http:\/\/fmriachuelo.it10.com.ar\/index.php\/wp-json\/wp\/v2\/posts\/8886\/revisions"}],"wp:featuredmedia":[{"embeddable":true,"href":"http:\/\/fmriachuelo.it10.com.ar\/index.php\/wp-json\/wp\/v2\/media\/8887"}],"wp:attachment":[{"href":"http:\/\/fmriachuelo.it10.com.ar\/index.php\/wp-json\/wp\/v2\/media?parent=8886"}],"wp:term":[{"taxonomy":"category","embeddable":true,"href":"http:\/\/fmriachuelo.it10.com.ar\/index.php\/wp-json\/wp\/v2\/categories?post=8886"},{"taxonomy":"post_tag","embeddable":true,"href":"http:\/\/fmriachuelo.it10.com.ar\/index.php\/wp-json\/wp\/v2\/tags?post=8886"}],"curies":[{"name":"wp","href":"https:\/\/api.w.org\/{rel}","templated":true}]}}