{"id":888,"date":"2014-12-09T12:00:00","date_gmt":"2014-12-09T12:00:00","guid":{"rendered":"http:\/\/fmriachuelo.observatorioess.org.ar\/index.php\/2014\/12\/09\/convenio-de-cooperacion-colaboracion-y-asistencia-tecnica-entre-la-secretaria-nacional-de-acceso-al-habitat-y-los-trabajadors-de-la-economia-popular\/"},"modified":"2025-03-17T12:06:30","modified_gmt":"2025-03-17T15:06:30","slug":"convenio-de-cooperacion-colaboracion-y-asistencia-tecnica-entre-la-secretaria-nacional-de-acceso-al-habitat-y-los-trabajadors-de-la-economia-popular","status":"publish","type":"post","link":"http:\/\/fmriachuelo.it10.com.ar\/index.php\/2014\/12\/09\/convenio-de-cooperacion-colaboracion-y-asistencia-tecnica-entre-la-secretaria-nacional-de-acceso-al-habitat-y-los-trabajadors-de-la-economia-popular\/","title":{"rendered":"CONVENIO DE COOPERACI\u00d3N, COLABORACI\u00d3N Y ASISTENCIA T\u00c9CNICA ENTRE LA SECRETARIA NACIONAL DE ACCESO AL H\u00c1BITAT Y LOS TRABAJADORS DE LA ECONOM\u00cdA POPULAR"},"content":{"rendered":"<div style=\"margin-bottom: 0.0001pt\"><span style=\"color: red;font-family: Verdana, sans-serif;font-size: large\"><b>ORGANIZACIONES POPULARES EN LA CONSTRUCCI\u00d3N DE POL\u00cdTICAS P\u00daBLICAS<\/b><\/span><br \/><span style=\"font-family: Verdana, sans-serif\"><b>[FMR Martes 9\/12\/14] A partir de las 10 hs. de la ma\u00f1ana comienza el segundo encuentro de Techo y Tierra organizado por la Secretaria de H\u00e1bitat y Vivienda Popular de la Confederaci\u00f3n de Trabajadores de la Econom\u00eda Popular (CTEP).<\/b><\/span><\/div>\n<div style=\"margin-bottom: 0.0001pt\"><span style=\"font-family: Verdana, sans-serif\"><b>Participar\u00e1 de la misma el titular de la recientemente&nbsp;creada Secretar\u00eda&nbsp;Nacional de&nbsp;Acceso al H\u00e1bitat Rub\u00e9n Pascolini.<\/b><\/span><\/div>\n<div style=\"margin-bottom: 0.0001pt\"><span style=\"font-family: Verdana, sans-serif\">El encuentro ser desarrollar\u00e1 hoy y ma\u00f1ana en la sede Nacional de la CTEP, Pedro Echag\u00fce 1265 del barrio de Constituci\u00f3n.<\/span><\/div>\n<div style=\"margin-bottom: 0.0001pt\"><span style=\"font-family: Verdana, sans-serif\">Se firmar\u00e1 un Convenio de Cooperaci\u00f3n y Colaboraci\u00f3n.<\/span><\/div>\n<div style=\"margin-bottom: 0.0001pt\"><span style=\"font-family: Verdana, sans-serif\">Adem\u00e1s se realizar\u00e1n debates entre las distintas organizaciones de la CTEP, con la participaci\u00f3n de la Federaci\u00f3n Uruguaya de Contrucci\u00f3n de Viviendas por Ayuda Mutua (FUCVAM) se\u00f1era en la&nbsp;construcci\u00f3n&nbsp;de&nbsp;viviendas populares. De este modo se&nbsp;planificar\u00e1n las&nbsp;acciones y pol\u00edticas p\u00fablicas para el pr\u00f3ximo a\u00f1o.<\/span><\/div>\n","protected":false},"excerpt":{"rendered":"<p>ORGANIZACIONES POPULARES EN LA CONSTRUCCI\u00d3N DE POL\u00cdTICAS P\u00daBLICAS[FMR Martes 9\/12\/14] A partir de las 10 hs. de la ma\u00f1ana comienza el segundo encuentro de Techo y Tierra organizado por la Secretaria de H\u00e1bitat y Vivienda Popular de la Confederaci\u00f3n de Trabajadores de la Econom\u00eda Popular (CTEP). Participar\u00e1 de la misma el titular de la recientemente&nbsp;creada [&hellip;]<\/p>\n","protected":false},"author":4,"featured_media":0,"comment_status":"open","ping_status":"open","sticky":false,"template":"","format":"standard","meta":{"_monsterinsights_skip_tracking":false,"_monsterinsights_sitenote_active":false,"_monsterinsights_sitenote_note":"","_monsterinsights_sitenote_category":0,"jnews-multi-image_gallery":[],"jnews_single_post":{"format":"standard"},"jnews_primary_category":[],"_joinchat":[],"footnotes":""},"categories":[58],"tags":[64,86,156],"class_list":["post-888","post","type-post","status-publish","format-standard","hentry","category-noticiariachuelo","tag-economia-popular","tag-noti-ctep","tag-tierra-techo-y-trabajo"],"_links":{"self":[{"href":"http:\/\/fmriachuelo.it10.com.ar\/index.php\/wp-json\/wp\/v2\/posts\/888","targetHints":{"allow":["GET"]}}],"collection":[{"href":"http:\/\/fmriachuelo.it10.com.ar\/index.php\/wp-json\/wp\/v2\/posts"}],"about":[{"href":"http:\/\/fmriachuelo.it10.com.ar\/index.php\/wp-json\/wp\/v2\/types\/post"}],"author":[{"embeddable":true,"href":"http:\/\/fmriachuelo.it10.com.ar\/index.php\/wp-json\/wp\/v2\/users\/4"}],"replies":[{"embeddable":true,"href":"http:\/\/fmriachuelo.it10.com.ar\/index.php\/wp-json\/wp\/v2\/comments?post=888"}],"version-history":[{"count":1,"href":"http:\/\/fmriachuelo.it10.com.ar\/index.php\/wp-json\/wp\/v2\/posts\/888\/revisions"}],"predecessor-version":[{"id":22019,"href":"http:\/\/fmriachuelo.it10.com.ar\/index.php\/wp-json\/wp\/v2\/posts\/888\/revisions\/22019"}],"wp:attachment":[{"href":"http:\/\/fmriachuelo.it10.com.ar\/index.php\/wp-json\/wp\/v2\/media?parent=888"}],"wp:term":[{"taxonomy":"category","embeddable":true,"href":"http:\/\/fmriachuelo.it10.com.ar\/index.php\/wp-json\/wp\/v2\/categories?post=888"},{"taxonomy":"post_tag","embeddable":true,"href":"http:\/\/fmriachuelo.it10.com.ar\/index.php\/wp-json\/wp\/v2\/tags?post=888"}],"curies":[{"name":"wp","href":"https:\/\/api.w.org\/{rel}","templated":true}]}}