{"id":8879,"date":"2019-01-18T18:11:40","date_gmt":"2019-01-18T18:11:40","guid":{"rendered":"http:\/\/fmriachuelo.com.ar\/?p=8879"},"modified":"2019-01-18T18:11:40","modified_gmt":"2019-01-18T18:11:40","slug":"la-causa-es-el-capitalismo-que-pone-en-peligro-al-planeta","status":"publish","type":"post","link":"http:\/\/fmriachuelo.it10.com.ar\/index.php\/2019\/01\/18\/la-causa-es-el-capitalismo-que-pone-en-peligro-al-planeta\/","title":{"rendered":"\u00abLA CAUSA ES EL CAPITALISMO QUE PONE EN PELIGRO AL PLANETA\u00bb"},"content":{"rendered":"<p><strong>[FM Riachuelo 18\/01\/2019] En el d\u00eda de ayer, durante el programa \u201cRompe el Cerco Informativo\u201d entrevistamos a Lito Borello, Secretario General de Derechos Humanos de la Confederaci\u00f3n de Trabajadores de la Econom\u00eda Popular, para conversar sobre la situaci\u00f3n de emergencia que viven en el norte y litoral del pa\u00eds por las inundaciones de las \u00faltimas semanas.<\/strong><\/p>\n<p><strong>De acuerdo a un comunicado que se emiti\u00f3 desde el Triunvirato de San Cayetano formado por la CTEP, la Corriente Clasista y Combativa y Barrios de Pie, en donde exigen una medida excepcional para los afectados. <\/strong><\/p>\n<p><strong>El Secretario General de DDHH de la CTEP profundizo sobre el grave momento que est\u00e1n viviendo y analiz\u00f3 las causas, en donde alerta que el capitalismo es la principal causa que pone en peligro al planeta en las \u00faltimas d\u00e9cadas. <\/strong><\/p>\n<p><strong>Lito expres\u00f3: \u201cSigue habiendo un gobierno sordo al sufrimiento de los sectores m\u00e1s populares, sigue habiendo una gran negaci\u00f3n de la situaci\u00f3n que est\u00e1n generando las pol\u00edticas nacionales a los sectores m\u00e1s humildes, a los sectores trabajador\u201d.<\/strong><\/p>\n<p><strong>Tambi\u00e9n agrego \u201cTodos los d\u00edas se agrava la situaci\u00f3n en los sectores m\u00e1s humildes, producto de estas pol\u00edticas que est\u00e1n generando desigualdades insoportables, hasta cuestionan si esto realmente es democracia\u201d. \u00a0<\/strong><\/p>\n<p><strong>Para finalizar sostuvo:\u201dCreo que estamos viviendo ya la antesala de una situaci\u00f3n que requiere que los movimientos populares tomemos las tem\u00e1ticas medio ambientales, porque la crisis que hay es una crisis integral, no solamente que pone en riesgo la humanidad sino el planeta\u201d. \u00a0<\/strong><\/p>\n<p><strong>\u00a0<\/strong><\/p>\n<p><strong>\u00a0<\/strong><\/p>\n<p><strong>\u00a0<\/strong><\/p>\n","protected":false},"excerpt":{"rendered":"<p>[FM Riachuelo 18\/01\/2019] En el d\u00eda de ayer, durante el programa \u201cRompe el Cerco Informativo\u201d entrevistamos a Lito Borello, Secretario General de Derechos Humanos de la Confederaci\u00f3n de Trabajadores de la Econom\u00eda Popular, para conversar sobre la situaci\u00f3n de emergencia que viven en el norte y litoral del pa\u00eds por las inundaciones de las \u00faltimas [&hellip;]<\/p>\n","protected":false},"author":5,"featured_media":7774,"comment_status":"open","ping_status":"open","sticky":false,"template":"","format":"standard","meta":{"_monsterinsights_skip_tracking":false,"_monsterinsights_sitenote_active":false,"_monsterinsights_sitenote_note":"","_monsterinsights_sitenote_category":0,"jnews-multi-image_gallery":[],"jnews_single_post":[],"jnews_primary_category":[],"_joinchat":[],"footnotes":""},"categories":[78,80,76],"tags":[],"class_list":["post-8879","post","type-post","status-publish","format-standard","has-post-thumbnail","hentry","category-economia-popular","category-educacion","category-salud-comunitaria"],"_links":{"self":[{"href":"http:\/\/fmriachuelo.it10.com.ar\/index.php\/wp-json\/wp\/v2\/posts\/8879","targetHints":{"allow":["GET"]}}],"collection":[{"href":"http:\/\/fmriachuelo.it10.com.ar\/index.php\/wp-json\/wp\/v2\/posts"}],"about":[{"href":"http:\/\/fmriachuelo.it10.com.ar\/index.php\/wp-json\/wp\/v2\/types\/post"}],"author":[{"embeddable":true,"href":"http:\/\/fmriachuelo.it10.com.ar\/index.php\/wp-json\/wp\/v2\/users\/5"}],"replies":[{"embeddable":true,"href":"http:\/\/fmriachuelo.it10.com.ar\/index.php\/wp-json\/wp\/v2\/comments?post=8879"}],"version-history":[{"count":0,"href":"http:\/\/fmriachuelo.it10.com.ar\/index.php\/wp-json\/wp\/v2\/posts\/8879\/revisions"}],"wp:featuredmedia":[{"embeddable":true,"href":"http:\/\/fmriachuelo.it10.com.ar\/index.php\/wp-json\/wp\/v2\/media\/7774"}],"wp:attachment":[{"href":"http:\/\/fmriachuelo.it10.com.ar\/index.php\/wp-json\/wp\/v2\/media?parent=8879"}],"wp:term":[{"taxonomy":"category","embeddable":true,"href":"http:\/\/fmriachuelo.it10.com.ar\/index.php\/wp-json\/wp\/v2\/categories?post=8879"},{"taxonomy":"post_tag","embeddable":true,"href":"http:\/\/fmriachuelo.it10.com.ar\/index.php\/wp-json\/wp\/v2\/tags?post=8879"}],"curies":[{"name":"wp","href":"https:\/\/api.w.org\/{rel}","templated":true}]}}