{"id":8875,"date":"2019-01-17T15:11:21","date_gmt":"2019-01-17T15:11:21","guid":{"rendered":"http:\/\/fmriachuelo.com.ar\/?p=8875"},"modified":"2019-01-17T15:11:21","modified_gmt":"2019-01-17T15:11:21","slug":"trabajadores-acampan-frente-a-las-oficinas-de-color-pool-s-a-en-reclamo-por-los-despidos","status":"publish","type":"post","link":"http:\/\/fmriachuelo.it10.com.ar\/index.php\/2019\/01\/17\/trabajadores-acampan-frente-a-las-oficinas-de-color-pool-s-a-en-reclamo-por-los-despidos\/","title":{"rendered":"TRABAJADORES ACAMPAN FRENTE A LAS OFICINAS DE COLOR POOL S.A EN RECLAMO POR LOS DESPIDOS"},"content":{"rendered":"<p><strong>[FM Riachuelo 17\/01\/2019] <\/strong>Ayer en el programa \u201cRomper el Cerco Informativo\u201d, hablamos con lxs trabajadorxs de Color Pool S.A. quienes est\u00e1n afrontando un conflicto luego de que la empresa cerrara su planta ubicada en Pilar, despidiendo a lxs 60 trabajadorxs que all\u00ed desarrollan sus actividades.<\/p>\n<p>Frente a esto los trabajadores se organizan y llevan adelante un acampe frente a las oficinas comerciales ubicadas en \u00a0la calle Galicia y Boyaca, barrio de La Paternal. El delegado, Mario Vino, explica a RCI que luego de haber pasado un mes sin cobrar, optaron por esta medida de fuerza. \u00a0Y agrego que si bien el rubro esta complicado, la decisi\u00f3n de cerrar fue abrupta. Dice Vino: \u201cellos (la empresa) <em>dicen no poseer el dinero para pagar la deuda que tienen con nosotros y las indemnizaciones muchos menos. Nos debe un mes de trabajo, aguinaldo, vacaciones y ahora la indemnizaci\u00f3n por despido<\/em>\u201d. Algunos de los empleados tienen 25 a\u00f1os de antig\u00fcedad. El acampe ser\u00e1 por tiempo indeterminado hasta regular la situaci\u00f3n y se solicita el apoyo de organizaciones y vecinxs que quieran sumarse.<\/p>\n<p>Se destaca que ante la incertidumbre, lxs trabajadorxs se organizan para luchar por sus derechos con el apoyo de distintas organizaciones vecinales, repitiendo la experiencia que tantas veces ha vivido el pueblo: ante la desidia empresarial, la respuesta es lucha y organizaci\u00f3n.<\/p>\n","protected":false},"excerpt":{"rendered":"<p>[FM Riachuelo 17\/01\/2019] Ayer en el programa \u201cRomper el Cerco Informativo\u201d, hablamos con lxs trabajadorxs de Color Pool S.A. quienes est\u00e1n afrontando un conflicto luego de que la empresa cerrara su planta ubicada en Pilar, despidiendo a lxs 60 trabajadorxs que all\u00ed desarrollan sus actividades. Frente a esto los trabajadores se organizan y llevan adelante [&hellip;]<\/p>\n","protected":false},"author":5,"featured_media":8878,"comment_status":"open","ping_status":"open","sticky":false,"template":"","format":"standard","meta":{"_monsterinsights_skip_tracking":false,"_monsterinsights_sitenote_active":false,"_monsterinsights_sitenote_note":"","_monsterinsights_sitenote_category":0,"jnews-multi-image_gallery":[],"jnews_single_post":[],"jnews_primary_category":[],"_joinchat":[],"footnotes":""},"categories":[78,76,75],"tags":[],"class_list":["post-8875","post","type-post","status-publish","format-standard","has-post-thumbnail","hentry","category-economia-popular","category-salud-comunitaria","category-trabajo"],"_links":{"self":[{"href":"http:\/\/fmriachuelo.it10.com.ar\/index.php\/wp-json\/wp\/v2\/posts\/8875","targetHints":{"allow":["GET"]}}],"collection":[{"href":"http:\/\/fmriachuelo.it10.com.ar\/index.php\/wp-json\/wp\/v2\/posts"}],"about":[{"href":"http:\/\/fmriachuelo.it10.com.ar\/index.php\/wp-json\/wp\/v2\/types\/post"}],"author":[{"embeddable":true,"href":"http:\/\/fmriachuelo.it10.com.ar\/index.php\/wp-json\/wp\/v2\/users\/5"}],"replies":[{"embeddable":true,"href":"http:\/\/fmriachuelo.it10.com.ar\/index.php\/wp-json\/wp\/v2\/comments?post=8875"}],"version-history":[{"count":0,"href":"http:\/\/fmriachuelo.it10.com.ar\/index.php\/wp-json\/wp\/v2\/posts\/8875\/revisions"}],"wp:featuredmedia":[{"embeddable":true,"href":"http:\/\/fmriachuelo.it10.com.ar\/index.php\/wp-json\/wp\/v2\/media\/8878"}],"wp:attachment":[{"href":"http:\/\/fmriachuelo.it10.com.ar\/index.php\/wp-json\/wp\/v2\/media?parent=8875"}],"wp:term":[{"taxonomy":"category","embeddable":true,"href":"http:\/\/fmriachuelo.it10.com.ar\/index.php\/wp-json\/wp\/v2\/categories?post=8875"},{"taxonomy":"post_tag","embeddable":true,"href":"http:\/\/fmriachuelo.it10.com.ar\/index.php\/wp-json\/wp\/v2\/tags?post=8875"}],"curies":[{"name":"wp","href":"https:\/\/api.w.org\/{rel}","templated":true}]}}