{"id":887,"date":"2014-12-09T12:07:00","date_gmt":"2014-12-09T12:07:00","guid":{"rendered":"http:\/\/fmriachuelo.observatorioess.org.ar\/index.php\/2014\/12\/09\/parque-indoamericano-denuncia-del-cels-por-las-muertes-en-la-represion\/"},"modified":"2025-03-17T12:07:04","modified_gmt":"2025-03-17T15:07:04","slug":"parque-indoamericano-denuncia-del-cels-por-las-muertes-en-la-represion","status":"publish","type":"post","link":"http:\/\/fmriachuelo.it10.com.ar\/index.php\/2014\/12\/09\/parque-indoamericano-denuncia-del-cels-por-las-muertes-en-la-represion\/","title":{"rendered":"PARQUE INDOAMERICANO: DENUNCIA DEL CELS POR LAS MUERTES EN LA REPRESION"},"content":{"rendered":"<p><span style=\"color: red;font-family: Verdana, sans-serif;font-size: large\"><b>IMPUNIDA<span style=\"font-size: large\">D<\/span> <\/b><\/span><\/p>\n<div style=\"clear: both;text-align: center\"><a href=\"http:\/\/2.bp.blogspot.com\/-8RFhG5vJ-Es\/VIblmGLqsEI\/AAAAAAAAB4E\/X_l3CKlQaJI\/s1600\/INDOAMERICANO.jpg\" style=\"clear: left;float: left;margin-bottom: 1em;margin-right: 1em\"><img decoding=\"async\" border=\"0\" src=\"http:\/\/2.bp.blogspot.com\/-8RFhG5vJ-Es\/VIblmGLqsEI\/AAAAAAAAB4E\/X_l3CKlQaJI\/s1600\/INDOAMERICANO.jpg\" \/><\/a><\/div>\n<p><span style=\"font-family: Verdana, sans-serif\">A cuatro a\u00f1os de la represi\u00f3n contra centenares de personas que participaron en la toma del Parque Indoamericano, el Centro de Estudios Legales y Sociales (CELS) denunci\u00f3 que sigue la impunidad por el \u201caccionar violento\u201d de la Polic\u00eda Federal y la Polic\u00eda Metropolitana, durante el operativo conjunto que termin\u00f3 con la muerte de dos de las tres personas fallecidas, adem\u00e1s de las \u201cgraves heridas con balas de plomo\u201d que sufrieron otros cinco vecinos. El CELS se\u00f1al\u00f3 que sigue sin respuesta de la Justicia la apelaci\u00f3n al fallo que absolvi\u00f3 por falta de pruebas a 41 agentes de las dos fuerzas de seguridad, se\u00f1alados como presuntos autores de los homicidios de Rossemary Chura Pu\u00f1a y Bernardo Salgueiro. Durante el conflicto tambi\u00e9n fue asesinado Emiliano Canaviri Alvarez, pero en su caso no hubo datos ciertos sobre los posibles autores. En cambio, la Sala I de la C\u00e1mara del Crimen que absolvi\u00f3 a los 41 polic\u00edas procesados admiti\u00f3, sin embargo, que las muertes de Chura Pu\u00f1a y Salgueiro \u201cs\u00f3lo pod\u00edan explicarse como resultado del accionar de las fuerzas de seguridad\u201d.<\/span><br \/><a name='more'><\/a><span style=\"font-family: Verdana, sans-serif\"><br \/>El CELS puntualiz\u00f3 que la toma del Indoamericano y la que este a\u00f1o se produjo en el barrio Papa Francisco, tambi\u00e9n desalojado por la fuerza, visibilizaron \u201cla vulnerabilidad de las familias que alquilan (viviendas) en las villas de la ciudad, la imposibilidad del acceso a un h\u00e1bitat digno y la respuesta violenta del Estado ante estos conflictos sociales\u201d. Al dimensionar el problema, se se\u00f1al\u00f3 que las investigaciones m\u00e1s recientes coinciden en que \u201chay medio mill\u00f3n de ciudadanos en situaci\u00f3n de d\u00e9ficit habitacional en la ciudad de Buenos Aires\u201d, en particular en \u201cla zona sur (que) presenta los mayores \u00edndices de precariedad en la construcci\u00f3n y de falta de acceso al agua de red y cloacas\u201d.<\/p>\n<p>La toma del Indoamericano comenz\u00f3 el 3 de diciembre de 2010, pero la represi\u00f3n se produjo entre el 7 y el 8 de ese mes, luego de que la jueza Cristina Nazar ordenara el desalojo del predio, tarea a cargo de las polic\u00edas Federal y Metropolitana. El CELS recalc\u00f3 que este tipo de acciones represivas tuvo su continuidad, en 2014, en el caso del barrio Papa Francisco, donde \u201cnuevamente un operativo conjunto de las fuerzas de seguridad de la Ciudad y de la Naci\u00f3n mostr\u00f3 altos niveles de violencia contra las familias\u201d que hab\u00edan ocupado un predio lindero a la Villa 20, muy cerca, adem\u00e1s, del lugar donde se encuentra el Indoamericano.<\/p>\n<p>El CELS sostuvo que \u201cla impunidad de la represi\u00f3n contrasta con la criminalizaci\u00f3n de referentes sociales a los que se intenta responsabilizar por los conflictos\u201d. Se hizo menci\u00f3n a los \u201cconstantes obst\u00e1culos para frenar\u201d la causa contra los 41 agentes de la Federal y de la Metropolitana, absueltos por decisi\u00f3n de la Sala I de la C\u00e1mara del Crimen, aunque los mismos jueces \u201cconsideran que los homicidios (de dos de las v\u00edctimas) fueron cometidos por polic\u00edas\u201d. En el informe se recalc\u00f3 que \u201cni siquiera los jefes\u201d del operativo fueron sancionados \u201cpor haber incumplido obligaciones funcionales\u201d a la hora de realizar un operativo de desalojo de personas que est\u00e1n realizando una toma por viviendas. En el caso de los agentes de la Metropolitana \u201cvarios de ellos volvieron a participar en represiones de caracter\u00edsticas similares, como el desalojo de la Sala Alberdi (del Teatro General San Mart\u00edn) y del Hospital Borda\u201d, donde fueron reprimidos pacientes, trabajadores, diputados y periodistas.<\/p>\n<p>Respecto del conflicto del Indoamericano, el CELS asegur\u00f3 que \u201cel gobierno porte\u00f1o y el gobierno nacional no cumplieron con los compromisos que asumieron en el desenlace de la toma\u201d, situaci\u00f3n que se agrava porque las autoridades de la Ciudad \u201csubejecutan sistem\u00e1ticamente las partidas presupuestarias destinadas a pol\u00edticas de vivienda\u201d. Seg\u00fan un trabajo realizado por la Asociaci\u00f3n Civil por la Igualdad y la Justicia (ACIJ), el presupuesto local en materia de vivienda se redujo \u201centre 2011 y 2014 en un 19 por ciento a precios constantes\u201d, mientras que el Instituto de la Vivienda de la Ciudad \u201cdisminuy\u00f3 su presupuesto para 2013 en un 22,4 por ciento, unos 300 millones de pesos menos que en 2012\u201d. En ese contexto, en febrero de este a\u00f1o se produjo el conflicto en el barrio Papa Francisco.<\/p>\n<p>El CELS subray\u00f3 que cuatro a\u00f1os despu\u00e9s de lo ocurrido en el Parque Indoamericano \u201clas consecuencias grav\u00edsimas de la represi\u00f3n (&#8230;) siguen impunes\u201d, a pesar de que la investigaci\u00f3n realizada \u201cpermiti\u00f3 probar\u201d que las muertes de Rossemary Chura Pu\u00f1a y Bernardo Salgueiro s\u00f3lo pod\u00edan explicarse como resultado del accionar de las fuerzas de seguridad\u201d. Sin embargo, los jueces de la Sala I \u201coptaron por desresponsabilizar a los polic\u00edas en lugar de permitir llevarlos a juicio\u201d. Esta decisi\u00f3n, afirma el comunicado, expresa \u201cla dificultad para juzgar hechos que involucran a integrantes de las instituciones de seguridad y es un mensaje negativo del Poder Judicial acerca de la violaci\u00f3n de las reglas de actuaci\u00f3n policial y el uso abusivo de la fuerza\u201d.<\/p>\n<p>Los desprocesamientos fueron apelados por el CELS, en agosto de este a\u00f1o, ante la Sala I de la C\u00e1mara de Casaci\u00f3n, integrada por Luis Mar\u00eda Cabral, Juan Carlos Geminiani y Ana Mar\u00eda Figueroa, pero \u201ca pesar del tiempo transcurrido, todav\u00eda no se fij\u00f3 fecha para la audiencia en la que escuchar\u00e1n los argumentos de las partes\u201d respecto del fallo absolutorio de la C\u00e1mara del Crimen. En junio pasado, uno de los imputados, Eugenio Burzaco, pidi\u00f3 a trav\u00e9s de sus abogados que la causa pase a la Justicia federal, circunstancia que genera nuevas trabas y postergaciones. El CELS concluy\u00f3 que tales razones de la represi\u00f3n en el Indoamericano cumple \u201ccuatro a\u00f1os de impunidad\u201d.<\/span><br \/><span style=\"color: blue;font-family: Verdana\">Fuente: Pagina12, Producci\u00f3n Riachuelo<\/span><\/p>\n<div style=\"clear: both;text-align: center\"><span style=\"color: blue;font-family: Verdana\"><a href=\"http:\/\/3.bp.blogspot.com\/-IzmHaWAj5jA\/VIbmURw25SI\/AAAAAAAAB4M\/txi14vcV15g\/s1600\/COOP%2BRIACHIUELO%2BPRODUCCIONES.jpg\" style=\"clear: left;float: left;margin-bottom: 1em;margin-right: 1em\"><img loading=\"lazy\" decoding=\"async\" border=\"0\" src=\"http:\/\/3.bp.blogspot.com\/-IzmHaWAj5jA\/VIbmURw25SI\/AAAAAAAAB4M\/txi14vcV15g\/s1600\/COOP%2BRIACHIUELO%2BPRODUCCIONES.jpg\" height=\"58\" width=\"200\" \/><\/a><\/span><\/div>\n<p><\/p>\n","protected":false},"excerpt":{"rendered":"<p>IMPUNIDAD A cuatro a\u00f1os de la represi\u00f3n contra centenares de personas que participaron en la toma del Parque Indoamericano, el Centro de Estudios Legales y Sociales (CELS) denunci\u00f3 que sigue la impunidad por el \u201caccionar violento\u201d de la Polic\u00eda Federal y la Polic\u00eda Metropolitana, durante el operativo conjunto que termin\u00f3 con la muerte de dos [&hellip;]<\/p>\n","protected":false},"author":4,"featured_media":0,"comment_status":"open","ping_status":"open","sticky":false,"template":"","format":"standard","meta":{"_monsterinsights_skip_tracking":false,"_monsterinsights_sitenote_active":false,"_monsterinsights_sitenote_note":"","_monsterinsights_sitenote_category":0,"jnews-multi-image_gallery":[],"jnews_single_post":{"format":"standard"},"jnews_primary_category":[],"_joinchat":[],"footnotes":""},"categories":[58],"tags":[119,147],"class_list":["post-887","post","type-post","status-publish","format-standard","hentry","category-noticiariachuelo","tag-derechos-humanos","tag-habitat"],"_links":{"self":[{"href":"http:\/\/fmriachuelo.it10.com.ar\/index.php\/wp-json\/wp\/v2\/posts\/887","targetHints":{"allow":["GET"]}}],"collection":[{"href":"http:\/\/fmriachuelo.it10.com.ar\/index.php\/wp-json\/wp\/v2\/posts"}],"about":[{"href":"http:\/\/fmriachuelo.it10.com.ar\/index.php\/wp-json\/wp\/v2\/types\/post"}],"author":[{"embeddable":true,"href":"http:\/\/fmriachuelo.it10.com.ar\/index.php\/wp-json\/wp\/v2\/users\/4"}],"replies":[{"embeddable":true,"href":"http:\/\/fmriachuelo.it10.com.ar\/index.php\/wp-json\/wp\/v2\/comments?post=887"}],"version-history":[{"count":1,"href":"http:\/\/fmriachuelo.it10.com.ar\/index.php\/wp-json\/wp\/v2\/posts\/887\/revisions"}],"predecessor-version":[{"id":22020,"href":"http:\/\/fmriachuelo.it10.com.ar\/index.php\/wp-json\/wp\/v2\/posts\/887\/revisions\/22020"}],"wp:attachment":[{"href":"http:\/\/fmriachuelo.it10.com.ar\/index.php\/wp-json\/wp\/v2\/media?parent=887"}],"wp:term":[{"taxonomy":"category","embeddable":true,"href":"http:\/\/fmriachuelo.it10.com.ar\/index.php\/wp-json\/wp\/v2\/categories?post=887"},{"taxonomy":"post_tag","embeddable":true,"href":"http:\/\/fmriachuelo.it10.com.ar\/index.php\/wp-json\/wp\/v2\/tags?post=887"}],"curies":[{"name":"wp","href":"https:\/\/api.w.org\/{rel}","templated":true}]}}