{"id":8863,"date":"2019-01-09T22:07:36","date_gmt":"2019-01-09T22:07:36","guid":{"rendered":"http:\/\/fmriachuelo.com.ar\/?p=8863"},"modified":"2019-01-09T22:07:36","modified_gmt":"2019-01-09T22:07:36","slug":"soberania-alimentaria-la-casa-popular-el-fogon-distribuyo-huevos-de-campo-de-su-rincon-agroecologico","status":"publish","type":"post","link":"http:\/\/fmriachuelo.it10.com.ar\/index.php\/2019\/01\/09\/soberania-alimentaria-la-casa-popular-el-fogon-distribuyo-huevos-de-campo-de-su-rincon-agroecologico\/","title":{"rendered":"SOBERANIA ALIMENTARIA: LA CASA POPULAR EL FOGON DISTRIBUY\u00d3 HUEVOS DE CAMPO DE SU RINC\u00d3N AGROECOL\u00d3GICO"},"content":{"rendered":"<p><strong>[FM RIACHUELO 09\/01\/2019]\u00a0 En el marco de las jornadas de trabajo comunitario en la huerta, con el acompa\u00f1amiento de la agencia Avellaneda del Inta ayer la casa Popular el Fog\u00f3n de Avellaneda distribuy\u00f3 huevos de campo. Rompe el Cerco Informativo habl\u00f3 con Cristian Godoy, referente de dicho espacio, quien dio detalles de la actividad de reparto.<\/strong><\/p>\n<p>Cristian sostuvo que <em>\u201cnos planteamos una pol\u00edtica de soberan\u00eda alimentaria. Tal vez la gente no conoce el termino, y suena a algo t\u00e9cnico, pero en concreto para nosotros significa cultivar y desarrollar nuestros propios alimentos. Llegamos a un programa del INTA que nos orientaron mucho y nos proporcionaron las gallinas ponedoras, pudimos ir viviendo el proceso que nos dejo mucho aprendizaje. Recuperamos saberes\u201d.<\/em><\/p>\n<p>El referente tambi\u00e9n afirm\u00f3 que <em>\u201clos saberes est\u00e1n apropiados por grandes corporaciones, que tienen las tierras y recursos. Las organizaciones populares tenemos que generar esos saberes y construir soberan\u00eda alimentaria\u201d.<\/em><\/p>\n<p>Los encuentros de formaci\u00f3n en Huerta Urbana y Soberan\u00eda Alimentaria se vienen desarrollando desde el a\u00f1o pasado en unidad con las organizaciones de la\u00a0<a href=\"https:\/\/www.facebook.com\/CTEP-Avellaneda-189939888403474\/?__tn__=K-R&amp;eid=ARC8i5G3gP3SS2kCsS3gj0wCloJx8s4aqOR4qutH-ATn_VxSWVP_lgaTtoaVVhA8uLQ_K3YhLMRBM_bk&amp;fref=mentions&amp;__xts__%5B0%5D=68.ARBN8aXTPa1JjwTS58JTFw1LkWSSU8AyQ8hSOmFG2ef9pt7GQCbBhoKy2hsfDlq9r_knZsm4KBOofI9q8SZJhoBCc7VdAHpyLrZ5okiLZJ75ZQufeIYGdpoZfqyN_GtZSqeiuEvrKCg-sHcjqr6YaraSX8adiOhcgy8ZaL0QgnUmdUUxnYCkLem7U6Fj38esqJjfu_6c0E7mZEer1hR_Xv2atmehlMcv8SGKj543CYJYmUliHamt6U9eXORO2oKmy38CRdNpvMR6Q7pLMFjzzcJnGq0xs64uEbPVGDm_2Yz7idDHb2tpKjE9DfBvzLqBTnzfBuqn42g77CPb-2AtBRt2wA\">CTEP Avellaneda<\/a>\u00a0&#8211; La Dignidad, Misioneros de Francisco y Kallpa Wayna- lxs compa\u00f1eros de la Cooperativa La Universal, la CTA de los Trabajadores y la UST de la CTA de los Argentinos.<\/p>\n<p>El espacio de formaci\u00f3n propone la construcci\u00f3n en unidad de saberes y capacidades hacia la Soberan\u00eda Alimentaria. Los pueblos tenemos derechos a producir nuestro propio alimento. Los encuentros son abiertos a quien se quiera sumar.<\/p>\n<p>No lograran vencernos con el hambre y la miseria. Organizaci\u00f3n popular para construir la alternativa alimentaria para nuestro pueblo!<\/p>\n<p><a href=\"https:\/\/radiocut.fm\/audiocut\/cristian-godoy-de-el-fogon-explica-la-distribucion-de-huevos-de-campo\/\">Escucha la entrevista completa ac\u00e1<\/a><\/p>\n","protected":false},"excerpt":{"rendered":"<p>[FM RIACHUELO 09\/01\/2019]\u00a0 En el marco de las jornadas de trabajo comunitario en la huerta, con el acompa\u00f1amiento de la agencia Avellaneda del Inta ayer la casa Popular el Fog\u00f3n de Avellaneda distribuy\u00f3 huevos de campo. Rompe el Cerco Informativo habl\u00f3 con Cristian Godoy, referente de dicho espacio, quien dio detalles de la actividad de [&hellip;]<\/p>\n","protected":false},"author":5,"featured_media":8864,"comment_status":"open","ping_status":"open","sticky":false,"template":"","format":"standard","meta":{"_monsterinsights_skip_tracking":false,"_monsterinsights_sitenote_active":false,"_monsterinsights_sitenote_note":"","_monsterinsights_sitenote_category":0,"jnews-multi-image_gallery":[],"jnews_single_post":[],"jnews_primary_category":[],"_joinchat":[],"footnotes":""},"categories":[76],"tags":[],"class_list":["post-8863","post","type-post","status-publish","format-standard","has-post-thumbnail","hentry","category-salud-comunitaria"],"_links":{"self":[{"href":"http:\/\/fmriachuelo.it10.com.ar\/index.php\/wp-json\/wp\/v2\/posts\/8863","targetHints":{"allow":["GET"]}}],"collection":[{"href":"http:\/\/fmriachuelo.it10.com.ar\/index.php\/wp-json\/wp\/v2\/posts"}],"about":[{"href":"http:\/\/fmriachuelo.it10.com.ar\/index.php\/wp-json\/wp\/v2\/types\/post"}],"author":[{"embeddable":true,"href":"http:\/\/fmriachuelo.it10.com.ar\/index.php\/wp-json\/wp\/v2\/users\/5"}],"replies":[{"embeddable":true,"href":"http:\/\/fmriachuelo.it10.com.ar\/index.php\/wp-json\/wp\/v2\/comments?post=8863"}],"version-history":[{"count":0,"href":"http:\/\/fmriachuelo.it10.com.ar\/index.php\/wp-json\/wp\/v2\/posts\/8863\/revisions"}],"wp:featuredmedia":[{"embeddable":true,"href":"http:\/\/fmriachuelo.it10.com.ar\/index.php\/wp-json\/wp\/v2\/media\/8864"}],"wp:attachment":[{"href":"http:\/\/fmriachuelo.it10.com.ar\/index.php\/wp-json\/wp\/v2\/media?parent=8863"}],"wp:term":[{"taxonomy":"category","embeddable":true,"href":"http:\/\/fmriachuelo.it10.com.ar\/index.php\/wp-json\/wp\/v2\/categories?post=8863"},{"taxonomy":"post_tag","embeddable":true,"href":"http:\/\/fmriachuelo.it10.com.ar\/index.php\/wp-json\/wp\/v2\/tags?post=8863"}],"curies":[{"name":"wp","href":"https:\/\/api.w.org\/{rel}","templated":true}]}}