{"id":8837,"date":"2019-01-09T17:52:17","date_gmt":"2019-01-09T17:52:17","guid":{"rendered":"http:\/\/fmriachuelo.com.ar\/?p=8837"},"modified":"2019-01-09T17:52:17","modified_gmt":"2019-01-09T17:52:17","slug":"lo-mejor-es-que-nos-encuentre-en-la-calle-y-en-unidad-para-construir-poder-popular","status":"publish","type":"post","link":"http:\/\/fmriachuelo.it10.com.ar\/index.php\/2019\/01\/09\/lo-mejor-es-que-nos-encuentre-en-la-calle-y-en-unidad-para-construir-poder-popular\/","title":{"rendered":"\u201cLO MEJOR ES QUE NOS ENCUENTRE EN LA CALLE Y EN UNIDAD PARA CONSTRUIR PODER POPULAR\u201d"},"content":{"rendered":"<p><strong>[FM Riachuelo 9\/01\/2019] Ayer en la plaza Matheu del barrio de La Boca (Lamadrid e Irala) arranc\u00f3 \u00abVacaciones en la Plaza\u00bb, proyecto que las organizaciones del barrio\u00a0 organizaron en unidad para todes les ni\u00f1es. El objetivo de la actividad apunta a contener a las ni\u00f1as\u00a0 y los ni\u00f1os, en un contexto social que vulnera cada vez m\u00e1s los derechos de la infancia. Desde\u00a0 las cuatro y media de la tarde las pibas y pibes empezaron a ocupar cada espacio de la plaza donde disfrutaron de: talleres, juegos, m\u00fasica, y una rica merienda para todes.<\/strong><\/p>\n<p><img loading=\"lazy\" decoding=\"async\" class=\"alignnone size-full wp-image-8840\" src=\"http:\/\/fmriachuelo.com.ar\/wp-content\/uploads\/2019\/01\/49650758_2075456622509542_6260413887644958720_n.jpg\" alt=\"\" width=\"960\" height=\"640\" srcset=\"http:\/\/fmriachuelo.it10.com.ar\/wp-content\/uploads\/2019\/01\/49650758_2075456622509542_6260413887644958720_n.jpg 960w, http:\/\/fmriachuelo.it10.com.ar\/wp-content\/uploads\/2019\/01\/49650758_2075456622509542_6260413887644958720_n-300x200.jpg 300w, http:\/\/fmriachuelo.it10.com.ar\/wp-content\/uploads\/2019\/01\/49650758_2075456622509542_6260413887644958720_n-768x512.jpg 768w, http:\/\/fmriachuelo.it10.com.ar\/wp-content\/uploads\/2019\/01\/49650758_2075456622509542_6260413887644958720_n-750x500.jpg 750w\" sizes=\"auto, (max-width: 960px) 100vw, 960px\" \/><\/p>\n<p>Durante el m\u00f3vil que realiz\u00f3 el programa Rompe el Cerco Informativo, Gabriela del Movimiento Popular la Dignidad, remarc\u00f3 que \u00abla idea surgi\u00f3 ante la falta de propuestas del Estado, ante la falta de vacantes en colonias de las escuelas, en clubes; situaci\u00f3n que provoca que haya m\u00e1s pibes y pibas sin hacer nada o encerrados en sus casas. Adem\u00e1s la idea es que los vecinos y las vecinas se encuentren en la plaza y empiecen a ocupar los espacios\u00bb.<\/p>\n<p>\u00abLa idea es hacerse cargo de los pibes porque la venimos pasando muy mal con los chicos, por eso desde las organizaciones populares decidimos hacernos cargo para que ellxs puedan pasar un d\u00eda distinto, \u00ab, expres\u00f3 Brian integrante de recicladores de la Boca.<\/p>\n<p>\u201c Somos las organizaciones las que trabajamos todos los d\u00edas para resolver los problemas de los nuestros, lo mejor es que nos encuentre en la calle y en unidad para construir poder popular\u201d, dijo a FM Riachuelo Daniela de la Organizaci\u00f3n Social y Pol\u00edtica Los Pibes.<\/p>\n<p>Esta actividad se llevar\u00e1 a cabo durante todo el mes de enero los d\u00edas\u00a0 martes y jueves de 16:30 a 19: 30. Invitan\u00a0 Merendero Madres en Lucha, Movimiento Popular La Dignidad, Frente Popular Dar\u00edo Santill\u00e1n, Recicladores de la Boca, MTL Rebelde y la Organizaci\u00f3n Social y Pol\u00edtica Los Pibes.<\/p>\n<p><img loading=\"lazy\" decoding=\"async\" class=\"alignnone size-full wp-image-8842\" src=\"http:\/\/fmriachuelo.com.ar\/wp-content\/uploads\/2019\/01\/WhatsApp-Image-2019-01-09-at-2.28.39-PM.jpeg\" alt=\"\" width=\"1032\" height=\"774\" srcset=\"http:\/\/fmriachuelo.it10.com.ar\/wp-content\/uploads\/2019\/01\/WhatsApp-Image-2019-01-09-at-2.28.39-PM.jpeg 1032w, http:\/\/fmriachuelo.it10.com.ar\/wp-content\/uploads\/2019\/01\/WhatsApp-Image-2019-01-09-at-2.28.39-PM-300x225.jpeg 300w, http:\/\/fmriachuelo.it10.com.ar\/wp-content\/uploads\/2019\/01\/WhatsApp-Image-2019-01-09-at-2.28.39-PM-1024x768.jpeg 1024w, http:\/\/fmriachuelo.it10.com.ar\/wp-content\/uploads\/2019\/01\/WhatsApp-Image-2019-01-09-at-2.28.39-PM-768x576.jpeg 768w, http:\/\/fmriachuelo.it10.com.ar\/wp-content\/uploads\/2019\/01\/WhatsApp-Image-2019-01-09-at-2.28.39-PM-750x563.jpeg 750w\" sizes=\"auto, (max-width: 1032px) 100vw, 1032px\" \/><\/p>\n<p><span style=\"color: #ff0000\"><strong><a href=\"https:\/\/www.facebook.com\/media\/set\/?set=a.2075454085843129&amp;type=1&amp;l=21daef33d1\"><span style=\"color: #ff0000\">\u00c1lbum de fotos completo haciendo clic aqu\u00ed<\/span><\/a><\/strong><\/span><\/p>\n","protected":false},"excerpt":{"rendered":"<p>[FM Riachuelo 9\/01\/2019] Ayer en la plaza Matheu del barrio de La Boca (Lamadrid e Irala) arranc\u00f3 \u00abVacaciones en la Plaza\u00bb, proyecto que las organizaciones del barrio\u00a0 organizaron en unidad para todes les ni\u00f1es. El objetivo de la actividad apunta a contener a las ni\u00f1as\u00a0 y los ni\u00f1os, en un contexto social que vulnera cada [&hellip;]<\/p>\n","protected":false},"author":5,"featured_media":8841,"comment_status":"open","ping_status":"open","sticky":false,"template":"","format":"standard","meta":{"_monsterinsights_skip_tracking":false,"_monsterinsights_sitenote_active":false,"_monsterinsights_sitenote_note":"","_monsterinsights_sitenote_category":0,"jnews-multi-image_gallery":[],"jnews_single_post":[],"jnews_primary_category":[],"_joinchat":[],"footnotes":""},"categories":[78,80,76],"tags":[],"class_list":["post-8837","post","type-post","status-publish","format-standard","has-post-thumbnail","hentry","category-economia-popular","category-educacion","category-salud-comunitaria"],"_links":{"self":[{"href":"http:\/\/fmriachuelo.it10.com.ar\/index.php\/wp-json\/wp\/v2\/posts\/8837","targetHints":{"allow":["GET"]}}],"collection":[{"href":"http:\/\/fmriachuelo.it10.com.ar\/index.php\/wp-json\/wp\/v2\/posts"}],"about":[{"href":"http:\/\/fmriachuelo.it10.com.ar\/index.php\/wp-json\/wp\/v2\/types\/post"}],"author":[{"embeddable":true,"href":"http:\/\/fmriachuelo.it10.com.ar\/index.php\/wp-json\/wp\/v2\/users\/5"}],"replies":[{"embeddable":true,"href":"http:\/\/fmriachuelo.it10.com.ar\/index.php\/wp-json\/wp\/v2\/comments?post=8837"}],"version-history":[{"count":0,"href":"http:\/\/fmriachuelo.it10.com.ar\/index.php\/wp-json\/wp\/v2\/posts\/8837\/revisions"}],"wp:featuredmedia":[{"embeddable":true,"href":"http:\/\/fmriachuelo.it10.com.ar\/index.php\/wp-json\/wp\/v2\/media\/8841"}],"wp:attachment":[{"href":"http:\/\/fmriachuelo.it10.com.ar\/index.php\/wp-json\/wp\/v2\/media?parent=8837"}],"wp:term":[{"taxonomy":"category","embeddable":true,"href":"http:\/\/fmriachuelo.it10.com.ar\/index.php\/wp-json\/wp\/v2\/categories?post=8837"},{"taxonomy":"post_tag","embeddable":true,"href":"http:\/\/fmriachuelo.it10.com.ar\/index.php\/wp-json\/wp\/v2\/tags?post=8837"}],"curies":[{"name":"wp","href":"https:\/\/api.w.org\/{rel}","templated":true}]}}