{"id":8830,"date":"2019-01-08T22:44:40","date_gmt":"2019-01-08T22:44:40","guid":{"rendered":"http:\/\/fmriachuelo.com.ar\/?p=8830"},"modified":"2019-01-08T22:44:40","modified_gmt":"2019-01-08T22:44:40","slug":"hoy-el-poder-real-no-esta-en-la-casa-de-gobiernohay-que-construir-poder-popular-y-habra-una-fuerte-respuesta-de-la-sociedad","status":"publish","type":"post","link":"http:\/\/fmriachuelo.it10.com.ar\/index.php\/2019\/01\/08\/hoy-el-poder-real-no-esta-en-la-casa-de-gobiernohay-que-construir-poder-popular-y-habra-una-fuerte-respuesta-de-la-sociedad\/","title":{"rendered":"\u00abHOY EL PODER REAL NO ESTA EN LA CASA DE GOBIERNO,HAY QUE CONSTRUIR PODER POPULAR\u00bb"},"content":{"rendered":"<p><strong>[\u00adFM Riachuelo 08\/01\/2019] En menos de 30 d\u00edas el Gobierno Nacional anunci\u00f3 una bater\u00eda de medidas que tienen como objetivo criminalizar a los trabajadores pobres. Por eso Rompe el Cerco Informativo entrevist\u00f3 al Secretario de Derechos Humanos de la CTEP, Lito Borello, quien habl\u00f3 sobre la intenci\u00f3n gubernamental de hostigamiento y persecuci\u00f3n a los sectores m\u00e1s vulnerables. <\/strong><\/p>\n<p>La compra de pistolas Taser, el protocolo que pretende legalizar el gatillo f\u00e1cil y el proyecto de ley que enviar\u00e1 al Congreso en sesiones extraordinarias para bajar la edad de imputabilidad a 15 a\u00f1os son algunas de las medidas que ya anunciaron desde el ejecutivo nacional. Lito Borello sostuvo que \u201c<em>la ministra act\u00faa como una mercenaria al servicio de intereses for\u00e1neos, a esta altura ya no se puede decir ni que est\u00e1 al servicio del gobierno de Macri, responde al imperialismo yanqui y la DEA<\/em>\u201d.<\/p>\n<p>El referente de la CTEP, denunci\u00f3 que la estrategia es ocultar \u201c<em>la mayor inflaci\u00f3n de los \u00faltimos 27 a\u00f1os, desde 1991 que no hab\u00eda una inflaci\u00f3n tan alta como la de ahora, con niveles de desocupaci\u00f3n, desindustrializaci\u00f3n, e indigencia que son alarmantes<\/em>\u201d.\u00a0 Seg\u00fan el secretario de DDHH de la CTEP, el discurso del gobierno para endurecer las pol\u00edticas de mano dura pretende hacer creer que se opera contra la inseguridad, pero en realidad \u201c<em>la inseguridad tiene que ver con la injusticia que se est\u00e1 generando, las faltas de posibilidades de trabajo, vivienda, estudio, salud que est\u00e1n teniendo los sectores populares y sectores medios que se expresaron en estos d\u00edas con cacerolazos<\/em>\u201d.<\/p>\n<p>Lito Borello indic\u00f3 que el trabajo en el territorio es fundamental para resistir \u201c<em>el modelo de pa\u00eds que intenta convertirnos en una colonia, con un capitalismo depredador financiero y extractivista. Se est\u00e1n preparando para reprimir a nuestro pueblo y a los sectores m\u00e1s castigados porque ser\u00e1 inevitable la resistencia popular<\/em>\u201d. Para finalizar, sostuvo que las instituciones de la vieja pol\u00edtica han perdido credibilidad en la sociedad y que es necesario crear nuevas formas m\u00e1s plurales y democr\u00e1ticas de participaci\u00f3n: \u201c<em>Venga el gobierno que venga necesitamos capacidad de poder popular para imponer, defender, impulsar y promover los intereses de los sectores populares y de la Naci\u00f3n. El poder real no est\u00e1 en la casa de gobierno o el parlamento, esas democracias que en algunos a\u00f1os eran el modo, ya no lo son<\/em>\u201d.<\/p>\n<p><span style=\"color: #ff0000\"><strong><a href=\"https:\/\/radiocut.fm\/audiocut\/esta-ministra-es-una-mercenaria-al-servicio-de-los-intereses-foraneos\/\" target=\"_blank\" rel=\"noopener\">Escucha la entrevista completa aca<\/a><\/strong><\/span><\/p>\n<p><strong>\u00a0<\/strong><\/p>\n","protected":false},"excerpt":{"rendered":"<p>[\u00adFM Riachuelo 08\/01\/2019] En menos de 30 d\u00edas el Gobierno Nacional anunci\u00f3 una bater\u00eda de medidas que tienen como objetivo criminalizar a los trabajadores pobres. Por eso Rompe el Cerco Informativo entrevist\u00f3 al Secretario de Derechos Humanos de la CTEP, Lito Borello, quien habl\u00f3 sobre la intenci\u00f3n gubernamental de hostigamiento y persecuci\u00f3n a los sectores [&hellip;]<\/p>\n","protected":false},"author":5,"featured_media":8832,"comment_status":"open","ping_status":"open","sticky":false,"template":"","format":"standard","meta":{"_monsterinsights_skip_tracking":false,"_monsterinsights_sitenote_active":false,"_monsterinsights_sitenote_note":"","_monsterinsights_sitenote_category":0,"jnews-multi-image_gallery":[],"jnews_single_post":[],"jnews_primary_category":[],"_joinchat":[],"footnotes":""},"categories":[79,76],"tags":[],"class_list":["post-8830","post","type-post","status-publish","format-standard","has-post-thumbnail","hentry","category-nadie-se-salva-solo","category-salud-comunitaria"],"_links":{"self":[{"href":"http:\/\/fmriachuelo.it10.com.ar\/index.php\/wp-json\/wp\/v2\/posts\/8830","targetHints":{"allow":["GET"]}}],"collection":[{"href":"http:\/\/fmriachuelo.it10.com.ar\/index.php\/wp-json\/wp\/v2\/posts"}],"about":[{"href":"http:\/\/fmriachuelo.it10.com.ar\/index.php\/wp-json\/wp\/v2\/types\/post"}],"author":[{"embeddable":true,"href":"http:\/\/fmriachuelo.it10.com.ar\/index.php\/wp-json\/wp\/v2\/users\/5"}],"replies":[{"embeddable":true,"href":"http:\/\/fmriachuelo.it10.com.ar\/index.php\/wp-json\/wp\/v2\/comments?post=8830"}],"version-history":[{"count":0,"href":"http:\/\/fmriachuelo.it10.com.ar\/index.php\/wp-json\/wp\/v2\/posts\/8830\/revisions"}],"wp:featuredmedia":[{"embeddable":true,"href":"http:\/\/fmriachuelo.it10.com.ar\/index.php\/wp-json\/wp\/v2\/media\/8832"}],"wp:attachment":[{"href":"http:\/\/fmriachuelo.it10.com.ar\/index.php\/wp-json\/wp\/v2\/media?parent=8830"}],"wp:term":[{"taxonomy":"category","embeddable":true,"href":"http:\/\/fmriachuelo.it10.com.ar\/index.php\/wp-json\/wp\/v2\/categories?post=8830"},{"taxonomy":"post_tag","embeddable":true,"href":"http:\/\/fmriachuelo.it10.com.ar\/index.php\/wp-json\/wp\/v2\/tags?post=8830"}],"curies":[{"name":"wp","href":"https:\/\/api.w.org\/{rel}","templated":true}]}}