{"id":883,"date":"2014-12-11T02:20:00","date_gmt":"2014-12-11T02:20:00","guid":{"rendered":"http:\/\/fmriachuelo.observatorioess.org.ar\/index.php\/2014\/12\/11\/2o-encuentro-de-techo-y-tierra-en-la-confederacion-de-trabajadores-de-la-economia-popular-ctep\/"},"modified":"2025-03-17T12:17:59","modified_gmt":"2025-03-17T15:17:59","slug":"2o-encuentro-de-techo-y-tierra-en-la-confederacion-de-trabajadores-de-la-economia-popular-ctep","status":"publish","type":"post","link":"http:\/\/fmriachuelo.it10.com.ar\/index.php\/2014\/12\/11\/2o-encuentro-de-techo-y-tierra-en-la-confederacion-de-trabajadores-de-la-economia-popular-ctep\/","title":{"rendered":"2\u00ba ENCUENTRO DE TECHO Y TIERRA EN LA CONFEDERACION DE TRABAJADORES DE LA ECONOMIA POPULAR, CTEP"},"content":{"rendered":"<p><span style=\"font-size: large\"><span style=\"font-family: Verdana,sans-serif\"><span style=\"color: red\"><b>LA ORGANIZACION Y LA LUCHA<\/b><\/span><\/span><\/span><br \/><span style=\"font-size: small\"><span style=\"font-family: Verdana,sans-serif\"><br \/><\/span><\/span><\/p>\n<div style=\"clear: both;text-align: center\"><span style=\"font-size: small\"><span style=\"font-family: Verdana,sans-serif\"><a href=\"http:\/\/2.bp.blogspot.com\/-kmixmd2jfFw\/VIj5_JvYcoI\/AAAAAAAAB5o\/anJy0W272N4\/s1600\/ctep%2Bvivienda2.jpg\" style=\"clear: left;float: left;margin-bottom: 1em;margin-right: 1em\"><img loading=\"lazy\" decoding=\"async\" border=\"0\" src=\"http:\/\/2.bp.blogspot.com\/-kmixmd2jfFw\/VIj5_JvYcoI\/AAAAAAAAB5o\/anJy0W272N4\/s1600\/ctep%2Bvivienda2.jpg\" height=\"213\" width=\"320\" \/><\/a><\/span><\/span><\/div>\n<p><a href=\"http:\/\/1.bp.blogspot.com\/-weyy-rJb5G8\/VIj6DSt7mgI\/AAAAAAAAB5w\/MmXQs8AGC8c\/s1600\/ctep3.jpg\" style=\"clear: left;float: left;margin-bottom: 1em;margin-right: 1em\"><img loading=\"lazy\" decoding=\"async\" border=\"0\" src=\"http:\/\/1.bp.blogspot.com\/-weyy-rJb5G8\/VIj6DSt7mgI\/AAAAAAAAB5w\/MmXQs8AGC8c\/s1600\/ctep3.jpg\" height=\"213\" width=\"320\" \/><\/a><span style=\"font-size: small\"><span style=\"font-family: Verdana,sans-serif\">La Secretar\u00eda de Vivienda y Habitat de la Confederaci\u00f3n de Trabajadores de la Econom\u00eda Popular, Ctep, organiz\u00f3 el Segundo Encuentro Nacional de Tierra y Techo con trabajadores pertenecientes a organizaciones de todo el pa\u00eds. Su secretario, Lito Borelo, &nbsp;dio inicio al Encuentro que se llev\u00f3 a cabo los d\u00edas martes 9 y mi\u00e9rcoles 10 de diciembre de 2014 en la sede central de la Ctep del barrio de Constituci\u00f3n, Caba.<\/span><\/span><br \/><span style=\"font-size: small\"><span style=\"font-family: Verdana,sans-serif\">El encuentro federal permiti\u00f3 el intercambio de experiencias territoriales, en talleres de trabajo, &nbsp;en relaci\u00f3n a la lucha por la tierra y la vivienda y los diversos modos de gesti\u00f3n que van inventando las organizaciones para hacerle frente a las dificultades de distinto orden. <\/span><\/span><br \/><a name='more'><\/a><span style=\"font-size: small\">Entre las tem\u00e1ticas propuestas se consider\u00f3 la falta de acceso a los recursos, la falta de condiciones dignas de habitabilidad, las dificultades para resolver la infraestructura digna de subsistencia, la falta de urbanizaci\u00f3n, el acceso a los servicios p\u00fablicos esenciales,<span>&nbsp; <\/span>entre otras. Por otra parte se plante\u00f3 la necesidad de promover la regularizaci\u00f3n de los dominios y la tenencia de la tierra.<\/span><\/p>\n<div style=\"margin: 0cm 0cm 10pt\"><span style=\"font-size: small\"><span style=\"font-family: Verdana,sans-serif\">Distintas propuestas convergieron en la necesidad de construir marcos regulatorios <span>&nbsp;<\/span>del acceso a la distribuci\u00f3n de la tierra, la necesidad de desconcentrar la tierra para que haya mayores posibilidades de acceso, <span>&nbsp;<\/span><span>&nbsp;<\/span>el relevamiento de los recursos inmobiliarios del estado y la necesidad de un banco de tierras para permitir el acceso popular a la tierra que hoy est\u00e1 regulado por el mercado inmobiliario y financiero.<\/span><\/span><\/div>\n<div style=\"clear: both;text-align: center\"><span style=\"font-size: small\"><span style=\"font-family: Verdana,sans-serif\"><a href=\"http:\/\/2.bp.blogspot.com\/-UJ9hDDvGCUs\/VIj7Ho9CXgI\/AAAAAAAAB58\/PYrSuPYPc_4\/s1600\/ctep%2Bvivienda.jpg\" style=\"clear: left;float: left;margin-bottom: 1em;margin-right: 1em\"><img loading=\"lazy\" decoding=\"async\" border=\"0\" src=\"http:\/\/2.bp.blogspot.com\/-UJ9hDDvGCUs\/VIj7Ho9CXgI\/AAAAAAAAB58\/PYrSuPYPc_4\/s1600\/ctep%2Bvivienda.jpg\" height=\"213\" width=\"320\" \/><\/a><\/span><\/span><\/div>\n<p><span style=\"font-size: small\"><span style=\"font-family: Verdana,sans-serif\"><\/span><\/span><\/p>\n<div style=\"margin: 0cm 0cm 10pt\"><span style=\"font-size: small\"><span style=\"font-family: Verdana,sans-serif\">La primera jornada de trabajo se cerr\u00f3 con un panel de expositores: Dar\u00edo Rodriguez y Humberto Antunez de FUCVAM, Esteban \u201cGringo\u201d Castro, Carlos A. Caputo, presidente de la Pastoral Social y Lito Borelo secretario de vivienda y h\u00e1bitat de la Ctep. <span>&nbsp;<\/span>All\u00ed se abord\u00f3 la problem\u00e1tica: <span>&nbsp;<\/span>Tierra, Techo y Trabajo, <span>&nbsp;<\/span>para el sector m\u00e1s din\u00e1mico de la sociedad y el que se ve m\u00e1s desfavorecido y se relat\u00f3 el reciente encuentro con el Papa Francisco que invit\u00f3 a las organizaciones sociales<span style=\"font-size: small\"> <\/span>la lucha por la vivienda como una lucha com\u00fan en la Patria Grande.<\/span><\/span><\/div>\n<div style=\"clear: both;text-align: center\"><span style=\"font-size: small\"><span style=\"font-family: Verdana,sans-serif\"><a href=\"http:\/\/2.bp.blogspot.com\/-rN6hv3hkxdU\/VIj_PU59FmI\/AAAAAAAAB6Y\/Th5PLwovSsQ\/s1600\/ctep.jpg\" style=\"clear: left;float: left;margin-bottom: 1em;margin-right: 1em\"><img loading=\"lazy\" decoding=\"async\" border=\"0\" src=\"http:\/\/2.bp.blogspot.com\/-rN6hv3hkxdU\/VIj_PU59FmI\/AAAAAAAAB6Y\/Th5PLwovSsQ\/s1600\/ctep.jpg\" height=\"213\" width=\"320\" \/><\/a><\/span><\/span><\/div>\n<div style=\"clear: both;text-align: left\"><a href=\"http:\/\/2.bp.blogspot.com\/-3mNCHWn1UXQ\/VIj7ykm_xNI\/AAAAAAAAB6E\/fu8PP41fKVU\/s1600\/ctep%2Bvivienda4.jpg\" style=\"clear: left;float: left;margin-bottom: 1em;margin-right: 1em\"><img loading=\"lazy\" decoding=\"async\" border=\"0\" src=\"http:\/\/2.bp.blogspot.com\/-3mNCHWn1UXQ\/VIj7ykm_xNI\/AAAAAAAAB6E\/fu8PP41fKVU\/s1600\/ctep%2Bvivienda4.jpg\" height=\"213\" width=\"320\" \/><\/a><span style=\"font-size: small\"><span style=\"font-family: Verdana,sans-serif\">En la segunda y \u00faltima jornada de trabajo los participantes continuaron intercambiando las diferentes experiencias<span>&nbsp; <\/span>regionales y la diversidad de problem\u00e1ticas. Se plante\u00f3 <span>&nbsp;<\/span>la necesidad de ir construyendo poder popular como el sujeto de la lucha que empuja a las transformaciones. Se acord\u00f3 un pr\u00f3ximo encuentro federal en la provincia de C\u00f3rdoba<span>&nbsp; <\/span>durante el mes de marzo de 2015 con miras a un pr\u00f3ximo Cabildo Abierto de Tierra y Vivienda durante el pr\u00f3ximo a\u00f1o.<\/span><\/span><\/div>\n<div style=\"clear: both;text-align: center\"><span style=\"font-size: small\"><span style=\"font-family: Verdana,sans-serif\"><a href=\"http:\/\/4.bp.blogspot.com\/-hrc1h7Wz3LY\/VIj8FPayt-I\/AAAAAAAAB6M\/XxTbwO8pFjE\/s1600\/COOP%2BRIACHIUELO%2BPRODUCCIONES.jpg\" style=\"clear: left;float: left;margin-bottom: 1em;margin-right: 1em\"><img loading=\"lazy\" decoding=\"async\" border=\"0\" src=\"http:\/\/4.bp.blogspot.com\/-hrc1h7Wz3LY\/VIj8FPayt-I\/AAAAAAAAB6M\/XxTbwO8pFjE\/s1600\/COOP%2BRIACHIUELO%2BPRODUCCIONES.jpg\" height=\"58\" width=\"200\" \/><\/a><\/span><\/span><\/div>\n<div style=\"clear: both;text-align: center\"><\/div>\n","protected":false},"excerpt":{"rendered":"<p>LA ORGANIZACION Y LA LUCHA La Secretar\u00eda de Vivienda y Habitat de la Confederaci\u00f3n de Trabajadores de la Econom\u00eda Popular, Ctep, organiz\u00f3 el Segundo Encuentro Nacional de Tierra y Techo con trabajadores pertenecientes a organizaciones de todo el pa\u00eds. Su secretario, Lito Borelo, &nbsp;dio inicio al Encuentro que se llev\u00f3 a cabo los d\u00edas martes [&hellip;]<\/p>\n","protected":false},"author":4,"featured_media":0,"comment_status":"open","ping_status":"open","sticky":false,"template":"","format":"standard","meta":{"_monsterinsights_skip_tracking":false,"_monsterinsights_sitenote_active":false,"_monsterinsights_sitenote_note":"","_monsterinsights_sitenote_category":0,"jnews-multi-image_gallery":[],"jnews_single_post":{"format":"standard"},"jnews_primary_category":[],"_joinchat":[],"footnotes":""},"categories":[58],"tags":[64,86,156],"class_list":["post-883","post","type-post","status-publish","format-standard","hentry","category-noticiariachuelo","tag-economia-popular","tag-noti-ctep","tag-tierra-techo-y-trabajo"],"_links":{"self":[{"href":"http:\/\/fmriachuelo.it10.com.ar\/index.php\/wp-json\/wp\/v2\/posts\/883","targetHints":{"allow":["GET"]}}],"collection":[{"href":"http:\/\/fmriachuelo.it10.com.ar\/index.php\/wp-json\/wp\/v2\/posts"}],"about":[{"href":"http:\/\/fmriachuelo.it10.com.ar\/index.php\/wp-json\/wp\/v2\/types\/post"}],"author":[{"embeddable":true,"href":"http:\/\/fmriachuelo.it10.com.ar\/index.php\/wp-json\/wp\/v2\/users\/4"}],"replies":[{"embeddable":true,"href":"http:\/\/fmriachuelo.it10.com.ar\/index.php\/wp-json\/wp\/v2\/comments?post=883"}],"version-history":[{"count":1,"href":"http:\/\/fmriachuelo.it10.com.ar\/index.php\/wp-json\/wp\/v2\/posts\/883\/revisions"}],"predecessor-version":[{"id":22024,"href":"http:\/\/fmriachuelo.it10.com.ar\/index.php\/wp-json\/wp\/v2\/posts\/883\/revisions\/22024"}],"wp:attachment":[{"href":"http:\/\/fmriachuelo.it10.com.ar\/index.php\/wp-json\/wp\/v2\/media?parent=883"}],"wp:term":[{"taxonomy":"category","embeddable":true,"href":"http:\/\/fmriachuelo.it10.com.ar\/index.php\/wp-json\/wp\/v2\/categories?post=883"},{"taxonomy":"post_tag","embeddable":true,"href":"http:\/\/fmriachuelo.it10.com.ar\/index.php\/wp-json\/wp\/v2\/tags?post=883"}],"curies":[{"name":"wp","href":"https:\/\/api.w.org\/{rel}","templated":true}]}}