{"id":8827,"date":"2019-01-07T22:49:01","date_gmt":"2019-01-07T22:49:01","guid":{"rendered":"http:\/\/fmriachuelo.com.ar\/?p=8827"},"modified":"2019-01-07T22:49:01","modified_gmt":"2019-01-07T22:49:01","slug":"criminalizar-al-migrante-es-una-estrategia-electoral-para-no-hablar-de-la-economia-del-pais","status":"publish","type":"post","link":"http:\/\/fmriachuelo.it10.com.ar\/index.php\/2019\/01\/07\/criminalizar-al-migrante-es-una-estrategia-electoral-para-no-hablar-de-la-economia-del-pais\/","title":{"rendered":"\u00abCRIMINALIZAR AL MIGRANTE ES UNA ESTRATEGIA ELECTORAL PARA NO HABLAR DE LA ECONOM\u00cdA DEL PA\u00cdS\u00bb"},"content":{"rendered":"<p><strong>[FM RIACHUELO 07\/01\/2019] El gobierno implementar\u00e1 a partir del mes que viene una bater\u00eda de medidas que tienen como objetivo expulsar extranjeros. Prev\u00e9n la creaci\u00f3n de un fuero migratorio, una polic\u00eda de Migraciones, m\u00e1s controles en las fronteras y en los visados y una ratificaci\u00f3n del decreto de expulsi\u00f3n de inmigrantes. Rompe el Cerco Informativo habl\u00f3 con Alexander Angulo, de la campa\u00f1a \u201cMigrar No Es Delito\u201d quien explic\u00f3 que se trata de una estrategia electoral.<\/strong><\/p>\n<p>El referente sostuvo que \u201cpara nadie es un secreto que el migrante trabajador y que no tiene conocimiento de leyes, es el chivo expiatorio en los procesos de endurecimiento de leyes y violaci\u00f3n de derechos humanos.\u201d Y alert\u00f3 que \u201clas afirmaciones de la ministra (Patricia Bulrrich) y del peri\u00f3dico Clar\u00edn, son inconstitucionales, estamos en v\u00edsperas de un momento electoral y hacen esta campa\u00f1a medi\u00e1tica en contra los y las trabajadoras migrantes que no se pueden defender\u201d.<\/p>\n<p>Alexander denunci\u00f3 la falta de pol\u00edticas p\u00fablicas para poner en regla a los extranjeros que deciden quedarse a trabajar o estudiar en el pa\u00eds: \u201cnosotros vemos que a trav\u00e9s de la manipulaci\u00f3n medi\u00e1tica quieren asustar, porque algunos no pueden regularizarse por temor a ser detenidos o maltratados. Si hoy te presentas en migraciones te tratan como un animal. Nosotros queremos velar por los derechos, pero no nos dejan ni entrar a migraciones, tampoco nos dejan grabar esos maltratos, violando derechos internacionales\u201d.<\/p>\n<p>Desde la Campa\u00f1a est\u00e1n trabajando en un \u201cmanual del migrante\u201d que explica cu\u00e1les son los derechos que poseen los extranjeros, sobre todo al momento de las detenciones arbitrarias: \u201cesas herramientas buscan defenderlos, a trav\u00e9s de nuestra p\u00e1gina venimos activando estas alarmas, y capacitando para que no se dejen amedrentar\u201d. Para finalizar celebr\u00f3 que \u201ca diferencia de otros pa\u00edses de la regi\u00f3n, en Argentina hay una tradici\u00f3n hist\u00f3rica de defensa de derechos humanos a trav\u00e9s de la movilizaci\u00f3n y la protesta, queremos usar esas banderas e invitar a las organizaciones sociales, que est\u00e1n integradas sobre todo por migrantes trabajadores\u201d.<\/p>\n<p><a href=\"https:\/\/radiocut.fm\/audiocut\/el-caballito-de-batalla-de-bullrich-es-hablar-de-seguridad-para-tapar-la-situacion-del-pais\/\">Escucha la entrevista completa<\/a><\/p>\n","protected":false},"excerpt":{"rendered":"<p>[FM RIACHUELO 07\/01\/2019] El gobierno implementar\u00e1 a partir del mes que viene una bater\u00eda de medidas que tienen como objetivo expulsar extranjeros. Prev\u00e9n la creaci\u00f3n de un fuero migratorio, una polic\u00eda de Migraciones, m\u00e1s controles en las fronteras y en los visados y una ratificaci\u00f3n del decreto de expulsi\u00f3n de inmigrantes. Rompe el Cerco Informativo [&hellip;]<\/p>\n","protected":false},"author":5,"featured_media":8828,"comment_status":"open","ping_status":"open","sticky":false,"template":"","format":"standard","meta":{"_monsterinsights_skip_tracking":false,"_monsterinsights_sitenote_active":false,"_monsterinsights_sitenote_note":"","_monsterinsights_sitenote_category":0,"jnews-multi-image_gallery":[],"jnews_single_post":[],"jnews_primary_category":[],"_joinchat":[],"footnotes":""},"categories":[76],"tags":[],"class_list":["post-8827","post","type-post","status-publish","format-standard","has-post-thumbnail","hentry","category-salud-comunitaria"],"_links":{"self":[{"href":"http:\/\/fmriachuelo.it10.com.ar\/index.php\/wp-json\/wp\/v2\/posts\/8827","targetHints":{"allow":["GET"]}}],"collection":[{"href":"http:\/\/fmriachuelo.it10.com.ar\/index.php\/wp-json\/wp\/v2\/posts"}],"about":[{"href":"http:\/\/fmriachuelo.it10.com.ar\/index.php\/wp-json\/wp\/v2\/types\/post"}],"author":[{"embeddable":true,"href":"http:\/\/fmriachuelo.it10.com.ar\/index.php\/wp-json\/wp\/v2\/users\/5"}],"replies":[{"embeddable":true,"href":"http:\/\/fmriachuelo.it10.com.ar\/index.php\/wp-json\/wp\/v2\/comments?post=8827"}],"version-history":[{"count":0,"href":"http:\/\/fmriachuelo.it10.com.ar\/index.php\/wp-json\/wp\/v2\/posts\/8827\/revisions"}],"wp:featuredmedia":[{"embeddable":true,"href":"http:\/\/fmriachuelo.it10.com.ar\/index.php\/wp-json\/wp\/v2\/media\/8828"}],"wp:attachment":[{"href":"http:\/\/fmriachuelo.it10.com.ar\/index.php\/wp-json\/wp\/v2\/media?parent=8827"}],"wp:term":[{"taxonomy":"category","embeddable":true,"href":"http:\/\/fmriachuelo.it10.com.ar\/index.php\/wp-json\/wp\/v2\/categories?post=8827"},{"taxonomy":"post_tag","embeddable":true,"href":"http:\/\/fmriachuelo.it10.com.ar\/index.php\/wp-json\/wp\/v2\/tags?post=8827"}],"curies":[{"name":"wp","href":"https:\/\/api.w.org\/{rel}","templated":true}]}}