{"id":8824,"date":"2019-01-02T22:53:53","date_gmt":"2019-01-02T22:53:53","guid":{"rendered":"http:\/\/fmriachuelo.com.ar\/?p=8824"},"modified":"2019-01-02T22:53:53","modified_gmt":"2019-01-02T22:53:53","slug":"asumio-la-ultraderecha-en-brasil-el-avance-de-este-tipo-de-fascismo-primitivo-y-descarnado-es-intensamente-peligroso","status":"publish","type":"post","link":"http:\/\/fmriachuelo.it10.com.ar\/index.php\/2019\/01\/02\/asumio-la-ultraderecha-en-brasil-el-avance-de-este-tipo-de-fascismo-primitivo-y-descarnado-es-intensamente-peligroso\/","title":{"rendered":"ASUMI\u00d3 LA ULTRADERECHA EN BRASIL: \u201cEL AVANCE DE ESTE TIPO DE FASCISMO PRIMITIVO Y DESCARNADO ES INTENSAMENTE PELIGROSO\u201d"},"content":{"rendered":"<p><strong>[FM RIACHUELO 01\/01\/2019] Rompe el Cerco Informativo entrevist\u00f3 a la reconocida escritora y periodista internacional Stella Calloni para analizar el impacto que tendr\u00e1 en Brasil y la regi\u00f3n la asunci\u00f3n del ultraderechista religioso, Jair Bolsonaro.<\/strong><\/p>\n<p>La periodista resalt\u00f3 la decisi\u00f3n del nuevo gobierno brasilero de aliarse estrat\u00e9gicamente con EEUU e Israel, (estuvieron presentes en la asunci\u00f3n el secretario de Estado norteamericano Mike Pompeo y el premier israel\u00ed Benjamin Netanyahu): <em>\u201cEn su momento Brasil fue parte del tri\u00e1ngulo fuerte de la regi\u00f3n junto a Argentina y Venezuela, del mercado com\u00fan del sur. Con Bolsonaro se profundiza\u00a0la destrucci\u00f3n absoluta de lo mejor que se logr\u00f3 construir en los \u00faltimos a\u00f1os, con ese proyecto de integraci\u00f3n que nos estaba convirtiendo en un bloque muy importante en el mundo. Esto se ocult\u00f3 mucho y eso fue una forma de manipulaci\u00f3n. No mostraron lo que hubiera significado para Am\u00e9rica Latina la construcci\u00f3n de un bloque propio en pa\u00edses muy ricos y con tantas reservas, que est\u00e1n en la mira de todas las ambiciones que se puedan imaginar\u201d.<\/em><\/p>\n<p>Stella tambi\u00e9n se refiri\u00f3 a las similitudes de los modelos argentino y brasilero: <em>\u201clas primeras medidas de Bolsonaro profundizaron las de Temer, y son las mismas que aplic\u00f3 Macri cuando asumi\u00f3, la diferencia con Argentina es que Bolsonaro dice todo lo que piensa brutalmente, es un tipo de fascismo primitivo, no permite que ning\u00fan diario oculte ese lenguaje siniestro\u201d.<\/em><\/p>\n<p>El apoyo de grupos religiosos fan\u00e1ticos y el discurso xen\u00f3fobo, homof\u00f3bico y racista son caracter\u00edsticas del nuevo gobierno, al respecto, Stella explic\u00f3:<em> \u201ces otra forma de dominaci\u00f3n que fue entrando de apoco en Am\u00e9rica Latina, disfrazadas de iglesias, porque no lo son, crean ej\u00e9rcitos, ense\u00f1an artes marciales y se apropian del dinero del pueblo con el diezmo. \u00bfQu\u00e9 hicieron los ministerios de salud cuando las iglesias hacen exorcismos o dicen que con agua se curan las enfermedades? \u00bfC\u00f3mo dejamos entrar bajo el disfraz de la nueva iglesia pentecostal universal, que se han convertido en un partido pol\u00edtico con todo el fundamentalismo del fascismo, en Am\u00e9rica Latina?\u201d.<\/em><\/p>\n<p>Para finalizar, se refiri\u00f3 a las pr\u00f3ximas elecciones en nuestro pa\u00eds, y advirti\u00f3: <em>\u00abcabeza abierta, no podemos jugar ahora con el proceso electoral, hay mucho enemigo instalado para ver como lo desv\u00eda, har\u00e1 falta mucha conciencia\u00bb.<\/em><\/p>\n<p><a href=\"https:\/\/radiocut.fm\/audiocut\/bolsonaro-es-el-modelo-de-un-fascismo-primitivo-muy-peligroso-para-la-region-stella-calloni\/\">Escucha la entrevista completa aqu\u00ed<\/a><\/p>\n","protected":false},"excerpt":{"rendered":"<p>[FM RIACHUELO 01\/01\/2019] Rompe el Cerco Informativo entrevist\u00f3 a la reconocida escritora y periodista internacional Stella Calloni para analizar el impacto que tendr\u00e1 en Brasil y la regi\u00f3n la asunci\u00f3n del ultraderechista religioso, Jair Bolsonaro. La periodista resalt\u00f3 la decisi\u00f3n del nuevo gobierno brasilero de aliarse estrat\u00e9gicamente con EEUU e Israel, (estuvieron presentes en la [&hellip;]<\/p>\n","protected":false},"author":5,"featured_media":8825,"comment_status":"open","ping_status":"open","sticky":false,"template":"","format":"standard","meta":{"_monsterinsights_skip_tracking":false,"_monsterinsights_sitenote_active":false,"_monsterinsights_sitenote_note":"","_monsterinsights_sitenote_category":0,"jnews-multi-image_gallery":[],"jnews_single_post":[],"jnews_primary_category":[],"_joinchat":[],"footnotes":""},"categories":[76],"tags":[],"class_list":["post-8824","post","type-post","status-publish","format-standard","has-post-thumbnail","hentry","category-salud-comunitaria"],"_links":{"self":[{"href":"http:\/\/fmriachuelo.it10.com.ar\/index.php\/wp-json\/wp\/v2\/posts\/8824","targetHints":{"allow":["GET"]}}],"collection":[{"href":"http:\/\/fmriachuelo.it10.com.ar\/index.php\/wp-json\/wp\/v2\/posts"}],"about":[{"href":"http:\/\/fmriachuelo.it10.com.ar\/index.php\/wp-json\/wp\/v2\/types\/post"}],"author":[{"embeddable":true,"href":"http:\/\/fmriachuelo.it10.com.ar\/index.php\/wp-json\/wp\/v2\/users\/5"}],"replies":[{"embeddable":true,"href":"http:\/\/fmriachuelo.it10.com.ar\/index.php\/wp-json\/wp\/v2\/comments?post=8824"}],"version-history":[{"count":0,"href":"http:\/\/fmriachuelo.it10.com.ar\/index.php\/wp-json\/wp\/v2\/posts\/8824\/revisions"}],"wp:featuredmedia":[{"embeddable":true,"href":"http:\/\/fmriachuelo.it10.com.ar\/index.php\/wp-json\/wp\/v2\/media\/8825"}],"wp:attachment":[{"href":"http:\/\/fmriachuelo.it10.com.ar\/index.php\/wp-json\/wp\/v2\/media?parent=8824"}],"wp:term":[{"taxonomy":"category","embeddable":true,"href":"http:\/\/fmriachuelo.it10.com.ar\/index.php\/wp-json\/wp\/v2\/categories?post=8824"},{"taxonomy":"post_tag","embeddable":true,"href":"http:\/\/fmriachuelo.it10.com.ar\/index.php\/wp-json\/wp\/v2\/tags?post=8824"}],"curies":[{"name":"wp","href":"https:\/\/api.w.org\/{rel}","templated":true}]}}