{"id":8820,"date":"2018-12-26T22:50:45","date_gmt":"2018-12-26T22:50:45","guid":{"rendered":"http:\/\/fmriachuelo.com.ar\/?p=8820"},"modified":"2018-12-26T22:50:45","modified_gmt":"2018-12-26T22:50:45","slug":"desalojo-de-la-asamblea-villa-urquiza-la-asamblea-somos-todos-y-vamos-a-seguir-luchando","status":"publish","type":"post","link":"http:\/\/fmriachuelo.it10.com.ar\/index.php\/2018\/12\/26\/desalojo-de-la-asamblea-villa-urquiza-la-asamblea-somos-todos-y-vamos-a-seguir-luchando\/","title":{"rendered":"DESALOJO DE LA ASAMBLEA VILLA URQUIZA: \u00abLA ASAMBLEA SOMOS TODOS Y VAMOS A SEGUIR LUCHANDO\u00bb"},"content":{"rendered":"<p><strong>[FM Riachuelo 26\/12\/2018] Rompe el Cerco Informativo entrevist\u00f3 a Liliana, integrante de la Asamblea Villa Urquiza, quien relat\u00f3 c\u00f3mo fue el desalojo del predio ubicado en Av. Triunvirato y Roosvelt. El operativo represivo lo llevaron adelante la Polic\u00eda de la Ciudad, Federal y Gendarmer\u00eda, y hay dos detenidos.<\/strong><\/p>\n<p>La Asamblea de Villa Urquiza funciona como un espacio cultural hace m\u00e1s de 16 a\u00f1os, brinda talleres comunitarios, posee una biblioteca y hasta hace poco, dictaba clases un bachillerato popular. El predio ocupado durante la crisis del 2001 que pertenece al Estado Nacional, ser\u00e1 subastado junto a otros lotes en un valor de U$D 20 millones para desarrollos inmobiliarios privados. Los asamble\u00edstas responsabilizan al jefe de gobierno porte\u00f1o, Rodriguez Larreta, a CAMBIEMOS y a Ram\u00f3n Lan\u00fas, director de la Agencia de Administraci\u00f3n de Bienes del Estado (AABE).<\/p>\n<p>RCI habl\u00f3 con Liliana, integrante de la Asamblea, quien sostuvo: <em>\u201cHay una cantidad de polic\u00edas como si hubiera un pron\u00f3stico de guerra, esta vez han desplegado 5 veces m\u00e1s la cantidad de fuerzas policiales que otras veces con un operativo cerrojo enorme a las 8 de la ma\u00f1ana, en un d\u00eda como hoy, luego de las fiestas. Es un mecanismo macabro con el cual se est\u00e1n apropiando de todas las cosas de los barrios\u201d.<\/em><\/p>\n<p>Liliana remarc\u00f3 que desde la Asamblea <em>\u201ccubrimos algo que el estado no est\u00e1 haciendo, mucho menos en la Ciudad de Buenos Aires.\u201d<\/em> Y finaliz\u00f3: <em>\u201cvamos a seguir con las acciones legales para recuperar el lugar porque es nuestro, tenemos la certeza que la Asamblea no es \u00e9ste lugar f\u00edsico nada m\u00e1s, y vamos a seguir con los talleres en la plaza de en frente, vamos a seguir luchando\u201d.<\/em><\/p>\n<p><a href=\"https:\/\/radiocut.fm\/audiocut\/la-asamblea-no-es-un-lugar-la-asamblea-somos-todos-y-vamos-a-seguir-luchando\/\">Escucha la entrevista completa ac\u00e1<\/a><\/p>\n","protected":false},"excerpt":{"rendered":"<p>[FM Riachuelo 26\/12\/2018] Rompe el Cerco Informativo entrevist\u00f3 a Liliana, integrante de la Asamblea Villa Urquiza, quien relat\u00f3 c\u00f3mo fue el desalojo del predio ubicado en Av. Triunvirato y Roosvelt. El operativo represivo lo llevaron adelante la Polic\u00eda de la Ciudad, Federal y Gendarmer\u00eda, y hay dos detenidos. La Asamblea de Villa Urquiza funciona como [&hellip;]<\/p>\n","protected":false},"author":5,"featured_media":8821,"comment_status":"open","ping_status":"open","sticky":false,"template":"","format":"standard","meta":{"_monsterinsights_skip_tracking":false,"_monsterinsights_sitenote_active":false,"_monsterinsights_sitenote_note":"","_monsterinsights_sitenote_category":0,"jnews-multi-image_gallery":[],"jnews_single_post":[],"jnews_primary_category":[],"_joinchat":[],"footnotes":""},"categories":[78,76],"tags":[],"class_list":["post-8820","post","type-post","status-publish","format-standard","has-post-thumbnail","hentry","category-economia-popular","category-salud-comunitaria"],"_links":{"self":[{"href":"http:\/\/fmriachuelo.it10.com.ar\/index.php\/wp-json\/wp\/v2\/posts\/8820","targetHints":{"allow":["GET"]}}],"collection":[{"href":"http:\/\/fmriachuelo.it10.com.ar\/index.php\/wp-json\/wp\/v2\/posts"}],"about":[{"href":"http:\/\/fmriachuelo.it10.com.ar\/index.php\/wp-json\/wp\/v2\/types\/post"}],"author":[{"embeddable":true,"href":"http:\/\/fmriachuelo.it10.com.ar\/index.php\/wp-json\/wp\/v2\/users\/5"}],"replies":[{"embeddable":true,"href":"http:\/\/fmriachuelo.it10.com.ar\/index.php\/wp-json\/wp\/v2\/comments?post=8820"}],"version-history":[{"count":0,"href":"http:\/\/fmriachuelo.it10.com.ar\/index.php\/wp-json\/wp\/v2\/posts\/8820\/revisions"}],"wp:featuredmedia":[{"embeddable":true,"href":"http:\/\/fmriachuelo.it10.com.ar\/index.php\/wp-json\/"}],"wp:attachment":[{"href":"http:\/\/fmriachuelo.it10.com.ar\/index.php\/wp-json\/wp\/v2\/media?parent=8820"}],"wp:term":[{"taxonomy":"category","embeddable":true,"href":"http:\/\/fmriachuelo.it10.com.ar\/index.php\/wp-json\/wp\/v2\/categories?post=8820"},{"taxonomy":"post_tag","embeddable":true,"href":"http:\/\/fmriachuelo.it10.com.ar\/index.php\/wp-json\/wp\/v2\/tags?post=8820"}],"curies":[{"name":"wp","href":"https:\/\/api.w.org\/{rel}","templated":true}]}}