{"id":8815,"date":"2018-12-21T22:48:42","date_gmt":"2018-12-21T22:48:42","guid":{"rendered":"http:\/\/fmriachuelo.com.ar\/?p=8815"},"modified":"2018-12-21T22:48:42","modified_gmt":"2018-12-21T22:48:42","slug":"represion-a-trabajadores-de-prensa-esta-lucha-es-en-conjuntocontra-un-mismo-adversario","status":"publish","type":"post","link":"http:\/\/fmriachuelo.it10.com.ar\/index.php\/2018\/12\/21\/represion-a-trabajadores-de-prensa-esta-lucha-es-en-conjuntocontra-un-mismo-adversario\/","title":{"rendered":"REPRESI\u00d3N A TRABAJADORES DE PRENSA: \u201cESTA LUCHA ES EN CONJUNTO,CONTRA UN MISMO ADVERSARIO\u201d"},"content":{"rendered":"<p><strong>[FM Riachuelo 21\/12\/2018] Hoy durante el programa \u201cRompe el Cerco Informativo\u201d conversamos con Tomas Eliaschev, Secretario de DDHH del SiPreBA, sobre la protesta de trabajadores de prensa y posterior represi\u00f3n que tuvo lugar el d\u00eda de ayer en la esquina del Centro Cultural Kirchner (CCK), ubicado en Corrientes esquina Alem, CABA.<\/strong><\/p>\n<p>El d\u00eda jueves trabajadores y trabajadores de prensa de los medios p\u00fablicos \u2013 Radio Nacional, TV P\u00fablica y Agencia T\u00e9lam- realizaron una protesta pac\u00edfica en contra de la paritaria cero, en el CCK, donde se encuentran las oficinas del Sistema de Medios y Contenidos P\u00fablicos, conducido por Hern\u00e1n Lombardi. En la misma protesta los trabajadores fueron brutalmente reprimidos con gases lacrim\u00f3genos y palos por la Polic\u00eda de la Ciudad.<\/p>\n<p>Tras filmar asambleas, despedir a decenas de empleados, perder a m\u00e1s del 70% de la audiencia y la represi\u00f3n del d\u00eda de ayer, la Directora de Radio Nacional, Ana Gerschenson, renunci\u00f3 a su cargo.<\/p>\n<p>Tomas Eliaschev, Secretario de Derechos Humanos del Sindicato de Prensa de Buenos Aires, nos comparti\u00f3 su reflexi\u00f3n diciendo <strong><em>\u201cLa nueva forma que tienen de destruir a los medios es ofrecer un cero por ciento de aumento\u201d. <\/em><\/strong>Adem\u00e1s agreg\u00f3 que: <strong><em>\u201cEsta lucha es una lucha en conjunto, o sea contra un mismo adversario, un mismo enemigo, que es un sector que ya no es parte de la sociedad. Es decir, las grandes corporaciones que quieren adue\u00f1arse de la comunicaci\u00f3n y ah\u00ed nos dejan afuera a todos y a todas\u201d.<\/em><\/strong><\/p>\n<p>Es por todo esto que desde SiPreBA convocaron una conferencia de prensa para hoy a las 12 hs en Radio Nacional, donde responsabilizaron tanto al gobierno nacional como de la ciudad y le exigieron respuestas a los Ministros de Seguridad Patricia Bullrich (Naci\u00f3n) y Diego Santilli (Ciudad) por la violencia desplegada desde las fuerzas policiales.<em><strong>\u201cReprimen a trabajadores de prensa y se creen que esto va a quedar impune\u201d<\/strong>,<\/em> sentencio Tomas Eliaschev.<\/p>\n<p>Escucha la entrevista completa\u00a0<a href=\"https:\/\/radiocut.fm\/audiocut\/aca-hay-una-clara-intencion-de-silenciar-voces-tomas-eliaschev-sipreba\/#f=show&amp;l=recent\" target=\"_blank\" rel=\"noopener\"><span style=\"color: #ff0000\"><strong>AC\u00c1<\/strong><\/span><\/a><\/p>\n","protected":false},"excerpt":{"rendered":"<p>[FM Riachuelo 21\/12\/2018] Hoy durante el programa \u201cRompe el Cerco Informativo\u201d conversamos con Tomas Eliaschev, Secretario de DDHH del SiPreBA, sobre la protesta de trabajadores de prensa y posterior represi\u00f3n que tuvo lugar el d\u00eda de ayer en la esquina del Centro Cultural Kirchner (CCK), ubicado en Corrientes esquina Alem, CABA. El d\u00eda jueves trabajadores [&hellip;]<\/p>\n","protected":false},"author":5,"featured_media":8816,"comment_status":"open","ping_status":"open","sticky":false,"template":"","format":"standard","meta":{"_monsterinsights_skip_tracking":false,"_monsterinsights_sitenote_active":false,"_monsterinsights_sitenote_note":"","_monsterinsights_sitenote_category":0,"jnews-multi-image_gallery":[],"jnews_single_post":[],"jnews_primary_category":[],"_joinchat":[],"footnotes":""},"categories":[78,76,77],"tags":[],"class_list":["post-8815","post","type-post","status-publish","format-standard","has-post-thumbnail","hentry","category-economia-popular","category-salud-comunitaria","category-soberania"],"_links":{"self":[{"href":"http:\/\/fmriachuelo.it10.com.ar\/index.php\/wp-json\/wp\/v2\/posts\/8815","targetHints":{"allow":["GET"]}}],"collection":[{"href":"http:\/\/fmriachuelo.it10.com.ar\/index.php\/wp-json\/wp\/v2\/posts"}],"about":[{"href":"http:\/\/fmriachuelo.it10.com.ar\/index.php\/wp-json\/wp\/v2\/types\/post"}],"author":[{"embeddable":true,"href":"http:\/\/fmriachuelo.it10.com.ar\/index.php\/wp-json\/wp\/v2\/users\/5"}],"replies":[{"embeddable":true,"href":"http:\/\/fmriachuelo.it10.com.ar\/index.php\/wp-json\/wp\/v2\/comments?post=8815"}],"version-history":[{"count":0,"href":"http:\/\/fmriachuelo.it10.com.ar\/index.php\/wp-json\/wp\/v2\/posts\/8815\/revisions"}],"wp:featuredmedia":[{"embeddable":true,"href":"http:\/\/fmriachuelo.it10.com.ar\/index.php\/wp-json\/"}],"wp:attachment":[{"href":"http:\/\/fmriachuelo.it10.com.ar\/index.php\/wp-json\/wp\/v2\/media?parent=8815"}],"wp:term":[{"taxonomy":"category","embeddable":true,"href":"http:\/\/fmriachuelo.it10.com.ar\/index.php\/wp-json\/wp\/v2\/categories?post=8815"},{"taxonomy":"post_tag","embeddable":true,"href":"http:\/\/fmriachuelo.it10.com.ar\/index.php\/wp-json\/wp\/v2\/tags?post=8815"}],"curies":[{"name":"wp","href":"https:\/\/api.w.org\/{rel}","templated":true}]}}