{"id":8800,"date":"2018-12-20T20:36:33","date_gmt":"2018-12-20T20:36:33","guid":{"rendered":"http:\/\/fmriachuelo.com.ar\/?p=8800"},"modified":"2018-12-20T20:36:33","modified_gmt":"2018-12-20T20:36:33","slug":"comunidad-pacheco-actividades-en-conmemoracion-del-argentinazo","status":"publish","type":"post","link":"http:\/\/fmriachuelo.it10.com.ar\/index.php\/2018\/12\/20\/comunidad-pacheco-actividades-en-conmemoracion-del-argentinazo\/","title":{"rendered":"COMUNIDAD PACHECO: ACTIVIDADES EN CONMEMORACION DEL ARGENTINAZO"},"content":{"rendered":"<p><strong>[FM Riachuelo 20\/12\/2018] Hoy se cumplen 17 a\u00f1os del 19 y 20 de diciembre del 2001, tambi\u00e9n llamado Argentinazo, y distintas organizaciones sociales y populares realizaron actividades en la comunidad de Pacheco en rememoraci\u00f3n de la gesta heroica.<\/strong><\/p>\n<p>El Argentinazo o tambi\u00e9n llamado el Cacerolazo, se conoci\u00f3 como las masivas protestas que se llevaron adelante en el pa\u00eds durante el 19 y 20 de diciembre de 2001, cuando el pueblo dijo basta al ajuste, al \u00a0hambre, la pobreza y la represi\u00f3n. En el marco de una crisis econ\u00f3mica, pol\u00edtica, y social resultado de m\u00e1s de una d\u00e9cada de gobierno y pol\u00edticas neoliberales, como el \u00abCorralito\u00bb, llevadas adelante por el gobierno de Menem y De La R\u00faa.<\/p>\n<p>Es as\u00ed que el pueblo, a pesar del Estado de Sitio, sali\u00f3 a las calles en una revuelta popular generalizada bajo el lema \u00abQue se vayan todos\u00bb, que finalmente culmin\u00f3 con la renuncia del Presidente Fernando De La R\u00faa y adem\u00e1s el asesinato de varios manifestantes durante las jornadas de protesta.<\/p>\n<p>Es por todo esto que la Comunidad Pacheco, realiz\u00f3 la semana pasada diversas actividades para conmemorar las fechas de diciembre y combatir esta nueva avanzada neoliberal del gobierno de Macri, que una vez m\u00e1s hambrea y reprime al pueblo trabajador. Una de estas actividades que se realiz\u00f3 el jueves pasado fue la presentaci\u00f3n del libro \u00abPrisioneros de la Democracia\u00bb de Roberto Perd\u00eda, que tuvo lugar en el Centro Cultural Aparecidas, ubicado frente a la plaza principal de General Pacheco, partido de Tigre.<img loading=\"lazy\" decoding=\"async\" class=\"alignnone size-full wp-image-8803\" src=\"http:\/\/fmriachuelo.com.ar\/wp-content\/uploads\/2018\/12\/WhatsApp-Image-2018-12-20-at-16.00.491.jpeg\" alt=\"\" width=\"1193\" height=\"329\" \/>Las organizaciones convocantes, La Mastinu &#8211; OLP y Comunidad Pacheco, disfrutaron junto a compa\u00f1eros de diversas organizaciones y barrios del municipio de las reflexiones del compa\u00f1ero Perd\u00eda, as\u00ed como de las reflexiones de quienes lo presentaron, Virginia Baldo y Guillermo Mena Morales.<\/p>\n<p>Una de las compa\u00f1eras de la Comunidad Pacheco\u00a0 particip\u00f3 de la presentaci\u00f3n \u00a0y nos comparti\u00f3 su reflexi\u00f3n, dijo: <em><strong>\u201cLo m\u00e1s importante para todos nosotros es deconstruir \u00a0todas las ideas que tenemos acerca de esta democracia que conocemos instaurada hace 35 a\u00f1os y construir hacia d\u00f3nde queremos ir\u00bb. Tambi\u00e9n otra compa\u00f1era agrego \u00a0que \u00abel libro propone que el cambio lo podemos hacer de una manera territorial, desde las organizaciones sociales. Pensar en construir desde lo local\u00bb.<\/strong><\/em><\/p>\n<p>Otra de las actividades que se realiz\u00f3 fue un feriazo, organizado por Peronismo 26 de julio, Comunidad Pacheco y vecinos, bajo el lema \u00abConvocados por el trabajo y el alimento. De esta crisis salimos juntes\u00bb. La actividad tuvo lugar el s\u00e1bado 15 de 10 a 14 hs, en la plaza Malvinas Argentinas de Las Tunas, con puestos de comida casera, hierbas y plantines, carpinter\u00eda artesanal, garrafas sociales, sublimaciones y verduras frescas.<img loading=\"lazy\" decoding=\"async\" class=\"alignnone size-full wp-image-8805\" src=\"http:\/\/fmriachuelo.com.ar\/wp-content\/uploads\/2018\/12\/48406502_1770642433047301_5255548697529286656_o.jpg\" alt=\"\" width=\"1280\" height=\"959\" \/><strong>Todas estas actividades tuvieron y tienen como objetivo la uni\u00f3n popular y enfrentar las pol\u00edticas hambreadoras del gobierno de Mauricio Macri, as\u00ed como tambi\u00e9n la avanzada neoliberal en Am\u00e9rica que una vez m\u00e1s luego de 17 a\u00f1os, golpea al pueblo argentino y latinoamericano.<\/strong><\/p>\n","protected":false},"excerpt":{"rendered":"<p>[FM Riachuelo 20\/12\/2018] Hoy se cumplen 17 a\u00f1os del 19 y 20 de diciembre del 2001, tambi\u00e9n llamado Argentinazo, y distintas organizaciones sociales y populares realizaron actividades en la comunidad de Pacheco en rememoraci\u00f3n de la gesta heroica. El Argentinazo o tambi\u00e9n llamado el Cacerolazo, se conoci\u00f3 como las masivas protestas que se llevaron adelante [&hellip;]<\/p>\n","protected":false},"author":5,"featured_media":8802,"comment_status":"open","ping_status":"open","sticky":false,"template":"","format":"standard","meta":{"_monsterinsights_skip_tracking":false,"_monsterinsights_sitenote_active":false,"_monsterinsights_sitenote_note":"","_monsterinsights_sitenote_category":0,"jnews-multi-image_gallery":[],"jnews_single_post":[],"jnews_primary_category":[],"_joinchat":[],"footnotes":""},"categories":[80,76,77,126,75],"tags":[],"class_list":["post-8800","post","type-post","status-publish","format-standard","has-post-thumbnail","hentry","category-educacion","category-salud-comunitaria","category-soberania","category-soberania-alimentaria","category-trabajo"],"_links":{"self":[{"href":"http:\/\/fmriachuelo.it10.com.ar\/index.php\/wp-json\/wp\/v2\/posts\/8800","targetHints":{"allow":["GET"]}}],"collection":[{"href":"http:\/\/fmriachuelo.it10.com.ar\/index.php\/wp-json\/wp\/v2\/posts"}],"about":[{"href":"http:\/\/fmriachuelo.it10.com.ar\/index.php\/wp-json\/wp\/v2\/types\/post"}],"author":[{"embeddable":true,"href":"http:\/\/fmriachuelo.it10.com.ar\/index.php\/wp-json\/wp\/v2\/users\/5"}],"replies":[{"embeddable":true,"href":"http:\/\/fmriachuelo.it10.com.ar\/index.php\/wp-json\/wp\/v2\/comments?post=8800"}],"version-history":[{"count":0,"href":"http:\/\/fmriachuelo.it10.com.ar\/index.php\/wp-json\/wp\/v2\/posts\/8800\/revisions"}],"wp:featuredmedia":[{"embeddable":true,"href":"http:\/\/fmriachuelo.it10.com.ar\/index.php\/wp-json\/"}],"wp:attachment":[{"href":"http:\/\/fmriachuelo.it10.com.ar\/index.php\/wp-json\/wp\/v2\/media?parent=8800"}],"wp:term":[{"taxonomy":"category","embeddable":true,"href":"http:\/\/fmriachuelo.it10.com.ar\/index.php\/wp-json\/wp\/v2\/categories?post=8800"},{"taxonomy":"post_tag","embeddable":true,"href":"http:\/\/fmriachuelo.it10.com.ar\/index.php\/wp-json\/wp\/v2\/tags?post=8800"}],"curies":[{"name":"wp","href":"https:\/\/api.w.org\/{rel}","templated":true}]}}