{"id":8797,"date":"2018-12-03T19:29:50","date_gmt":"2018-12-03T19:29:50","guid":{"rendered":"http:\/\/fmriachuelo.com.ar\/?p=8797"},"modified":"2018-12-03T19:29:50","modified_gmt":"2018-12-03T19:29:50","slug":"las-cumbres-de-los-barrios","status":"publish","type":"post","link":"http:\/\/fmriachuelo.it10.com.ar\/index.php\/2018\/12\/03\/las-cumbres-de-los-barrios\/","title":{"rendered":"LAS CUMBRES DE LOS BARRIOS"},"content":{"rendered":"<p><strong>[Taller de Corresponsales Populares * 3\/12\/2018] EN LA BOCA NO MANDA EL G20. As\u00ed amaneci\u00f3 el puente Nicol\u00e1s Avellaneda, como signo de rechazo popular contra la cumbre realizada en la Ciudad de Buenos Aires. En distintos puntos geogr\u00e1ficos como La Boca, Avellaneda y Tigre, entre otros, se realizaron las \u201cCumbres de los Barrios\u201d como muestra de resistencia y organizaci\u00f3n, proponiendo un camino a seguir en la lucha de los pueblos.<\/strong><\/p>\n<p>En una semana de terror medi\u00e1tico que busc\u00f3 desmovilizar y paralizar la ciudad hubo marchas, encuentros y diversas actividades que contrarrestaron los efectos del poder dominante con un pueblo que no se queda quieto, propone una alternativa clara de resistencia y construcci\u00f3n de poder popular.<\/p>\n<p><img loading=\"lazy\" decoding=\"async\" class=\"alignnone size-full wp-image-8809\" src=\"http:\/\/fmriachuelo.com.ar\/wp-content\/uploads\/2018\/12\/WhatsApp-Image-2018-12-20-at-4.40.49-PM-1.jpeg\" alt=\"\" width=\"1032\" height=\"774\" \/><\/p>\n<p>En el sal\u00f3n de la FM Riachuelo se realiz\u00f3 una producci\u00f3n especial en vivo donde hubo una gran cantidad de voces entre las cuales se encontraba la de Brian de Recicladores de La Boca, que dijo \u201cCreo que esto es una muestra de resistencia del pueblo hacia los poderosos, nosotros tenemos que empezar a formar resistencia popular. Es una esperanza que te da ver la resistencia de La Boca\u00bb.<\/p>\n<p><img loading=\"lazy\" decoding=\"async\" class=\"alignnone size-full wp-image-8810\" src=\"http:\/\/fmriachuelo.com.ar\/wp-content\/uploads\/2018\/12\/WhatsApp-Image-2018-12-20-at-4.40.49-PM-2.jpeg\" alt=\"\" width=\"1280\" height=\"960\" \/><\/p>\n<p>\u201c\u2026en la lucha de nuestros pueblos hay costos, pero m\u00e1s costos tenemos si nosotros no luchamos. Es tiempo de unidad, es tiempo de organizaci\u00f3n y tiempo de lucha\u201d. Con estas palabras Lito Borello, Secretario de DDHH de la CTEP, finalizaba la extensa jornada de reflexi\u00f3n en la Comunidad Pacheco, partido de Tigre. Adem\u00e1s, durante esa actividad se desarroll\u00f3 la \u00a0\u201cFeria de la Iron\u00eda\u201d que aport\u00f3 una cuota de humor, ingenio y creatividad.<\/p>\n<p><img loading=\"lazy\" decoding=\"async\" class=\"size-full wp-image-8807 aligncenter\" src=\"http:\/\/fmriachuelo.com.ar\/wp-content\/uploads\/2018\/12\/WhatsApp-Image-2018-12-20-at-4.40.49-PM.jpeg\" alt=\"\" width=\"552\" height=\"368\" \/><\/p>\n<p>La resistencia se extendi\u00f3 tambi\u00e9n hasta Avellaneda. En la f\u00e1brica recuperada de \u201cLa Universal\u201d un gran conglomerado de organizaciones sindicales, sociales y pol\u00edticas se reunieron para debatir y cerrar la jornada con una Marcha de Antorchas que culmin\u00f3 en Plaza Alsina.<\/p>\n<p>Participaron de las Cumbres Barriales: Comunidad Pacheco, Peronismo 26 de Julio, Escuela para el Hombre Nuevo, Jard\u00edn \u201c\u00c1ngeles Traviesos\u201d, Jard\u00edn \u201cEl Alfarero\u201d, Cooperativa de Jovenes \u201cSu lavander\u00eda\u201d, Voluntario Global, Organizaci\u00f3n Social y Pol\u00edtica Los Pibes, MP La Dignidad, Organizaci\u00f3n Kallpa Wayna, Agrupacion San Martin de la CTEP, Corriente Clasista y Combativa, Cooperativa la Universal, Cooperativa UST de CTA Aut\u00f3noma, Casa Popular \u201cEl Fog\u00f3n\u201d, Casa Popular \u201cEl Patio, Fm Riachuelo, Sur Capitalino, Bachillerato Popular \u201cLa Pulperia\u201d, Roxana Cainzos de Madres En Lucha, Recicladores de La Boca, entre otras.<\/p>\n<p><strong>* Cobertura y Nota producida por compa\u00f1er@s participantes del Taller de Corresponsales Populares desarrollado entre el 30 de octubre y el 10 de diciembre de 2008.<\/strong><\/p>\n","protected":false},"excerpt":{"rendered":"<p>[Taller de Corresponsales Populares * 3\/12\/2018] EN LA BOCA NO MANDA EL G20. As\u00ed amaneci\u00f3 el puente Nicol\u00e1s Avellaneda, como signo de rechazo popular contra la cumbre realizada en la Ciudad de Buenos Aires. En distintos puntos geogr\u00e1ficos como La Boca, Avellaneda y Tigre, entre otros, se realizaron las \u201cCumbres de los Barrios\u201d como muestra [&hellip;]<\/p>\n","protected":false},"author":5,"featured_media":8808,"comment_status":"open","ping_status":"open","sticky":false,"template":"","format":"standard","meta":{"_monsterinsights_skip_tracking":false,"_monsterinsights_sitenote_active":false,"_monsterinsights_sitenote_note":"","_monsterinsights_sitenote_category":0,"jnews-multi-image_gallery":[],"jnews_single_post":[],"jnews_primary_category":[],"_joinchat":[],"footnotes":""},"categories":[80,76,77],"tags":[],"class_list":["post-8797","post","type-post","status-publish","format-standard","has-post-thumbnail","hentry","category-educacion","category-salud-comunitaria","category-soberania"],"_links":{"self":[{"href":"http:\/\/fmriachuelo.it10.com.ar\/index.php\/wp-json\/wp\/v2\/posts\/8797","targetHints":{"allow":["GET"]}}],"collection":[{"href":"http:\/\/fmriachuelo.it10.com.ar\/index.php\/wp-json\/wp\/v2\/posts"}],"about":[{"href":"http:\/\/fmriachuelo.it10.com.ar\/index.php\/wp-json\/wp\/v2\/types\/post"}],"author":[{"embeddable":true,"href":"http:\/\/fmriachuelo.it10.com.ar\/index.php\/wp-json\/wp\/v2\/users\/5"}],"replies":[{"embeddable":true,"href":"http:\/\/fmriachuelo.it10.com.ar\/index.php\/wp-json\/wp\/v2\/comments?post=8797"}],"version-history":[{"count":0,"href":"http:\/\/fmriachuelo.it10.com.ar\/index.php\/wp-json\/wp\/v2\/posts\/8797\/revisions"}],"wp:featuredmedia":[{"embeddable":true,"href":"http:\/\/fmriachuelo.it10.com.ar\/index.php\/wp-json\/"}],"wp:attachment":[{"href":"http:\/\/fmriachuelo.it10.com.ar\/index.php\/wp-json\/wp\/v2\/media?parent=8797"}],"wp:term":[{"taxonomy":"category","embeddable":true,"href":"http:\/\/fmriachuelo.it10.com.ar\/index.php\/wp-json\/wp\/v2\/categories?post=8797"},{"taxonomy":"post_tag","embeddable":true,"href":"http:\/\/fmriachuelo.it10.com.ar\/index.php\/wp-json\/wp\/v2\/tags?post=8797"}],"curies":[{"name":"wp","href":"https:\/\/api.w.org\/{rel}","templated":true}]}}