{"id":876,"date":"2014-12-12T10:30:00","date_gmt":"2014-12-12T10:30:00","guid":{"rendered":"http:\/\/fmriachuelo.observatorioess.org.ar\/index.php\/2014\/12\/12\/onu-cumbre-del-cambio-climatico-e-intereses-de-los-pueblos-campesinos\/"},"modified":"2025-03-17T12:29:04","modified_gmt":"2025-03-17T15:29:04","slug":"onu-cumbre-del-cambio-climatico-e-intereses-de-los-pueblos-campesinos","status":"publish","type":"post","link":"http:\/\/fmriachuelo.it10.com.ar\/index.php\/2014\/12\/12\/onu-cumbre-del-cambio-climatico-e-intereses-de-los-pueblos-campesinos\/","title":{"rendered":"ONU: CUMBRE DEL CAMBIO CLIM\u00c1TICO E INTERESES DE LOS PUEBLOS CAMPESINOS"},"content":{"rendered":"<p><span style=\"color: red;font-family: Verdana, sans-serif;font-size: large\"><b>LAS ORGANIZACIONES CAMPESINAS HACEN OIR SU VOZ<\/b><\/span><\/p>\n<div style=\"clear: both;text-align: center\"><a href=\"http:\/\/1.bp.blogspot.com\/-L75_q7vLXy8\/VIpUEkSuu7I\/AAAAAAAAB8I\/gAn9Ziq_UPY\/s1600\/cumbre%2Bde%2Bcambio%2Bclimatico.jpg\" style=\"clear: left;float: left;margin-bottom: 1em;margin-right: 1em\"><span style=\"font-family: Verdana, sans-serif\"><img loading=\"lazy\" decoding=\"async\" border=\"0\" src=\"http:\/\/1.bp.blogspot.com\/-L75_q7vLXy8\/VIpUEkSuu7I\/AAAAAAAAB8I\/gAn9Ziq_UPY\/s1600\/cumbre%2Bde%2Bcambio%2Bclimatico.jpg\" height=\"181\" width=\"320\" \/><\/span><\/a><\/div>\n<p><b><span style=\"font-family: Verdana, sans-serif\">La vig\u00e9sima Conferencia de Naciones Unidas sobre Cambio Clim\u00e1tico (COP20) se celebra en Lima (capital de Per\u00fa). Se destacan los aportes de las Organizaciones Campesinas. Desarrollo de la Conferencia.<\/span><\/b><br \/><span style=\"font-family: Verdana, sans-serif\">Desde la Coordinadora Latinoamericana de Organizaciones del Campo \u2013 V\u00eda Campesina se hicieron oir algunos aportes cuando expresaron que esperan que en estas negociaciones la agricultura familiar campesina ind\u00edgena no sea  la gran olvidada, ya que los impactos del Cambio Clim\u00e1tico sobre sus sistemas agroalimentarios van en aumento, agrav\u00e1ndose entre otras causas por los modelos extractivistas impuestos en la Regi\u00f3n que llevan a la privatizaci\u00f3n de los recursos naturales y al acaparamiento de tierras en unas pocas manos para la producci\u00f3n de monocultivos convencionales a gran escala en su mayor parte para la exportaci\u00f3n.<\/span><br \/><a name='more'><\/a><span style=\"font-family: Verdana, sans-serif\">En lo que se refiere a los impactos del Cambio Clim\u00e1tico en la poblaci\u00f3n, es un hecho que las poblaciones que m\u00e1s sufrir\u00e1n sus consecuencias ser\u00e1n las m\u00e1s empobrecidas y vulnerables, donde se incluyen de forma concreta nuestras comunidades ind\u00edgenas y campesinas. Es m\u00e1s, las consecuencias del Cambio Clim\u00e1tico y sus impactos ya se est\u00e1n manifestando sobre la agricultura, base del sustento, de la econom\u00eda y de las formas de vida de los pueblos ind\u00edgenas, originarios y campesinos.<\/span><br \/><span style=\"font-family: Verdana, sans-serif\">Se sabe que las familias campesinas ind\u00edgenas que se dedican a la agricultura familiar son las que m\u00e1s ayuda necesitan para adaptarse al cambio clim\u00e1tio, y son pocos los pa\u00edses latinoamericanos que cuentan con estrategias de adaptaci\u00f3n que prioricen la agricultura familiar y la Soberan\u00eda Alimentaria. En el contexto regional la mayor\u00eda de los gobiernos vienen implementando pol\u00edticas de crecimiento econ\u00f3mico con inclusi\u00f3n social, bajo modelos que priorizan formas que han demostrado ser poco sostenibles y de alta contribuci\u00f3n al cambio clim\u00e1tico como son la agro-exportaci\u00f3n o la explotaci\u00f3n de los recursos mediante megaproyectos. Adem\u00e1s estas pol\u00edticas de inclusi\u00f3n dirigidas a las poblaciones en alto riesgo y vulnerabilidad, promueven modelos de desarrollo asistencialista que hacen a las comunidades ind\u00edgenas y campesinas dependientes, no favoreciendo su cosmovisi\u00f3n y su empoderamiento para ser agentes de su propio desarrollo.<\/span><br \/><span style=\"font-family: Verdana, sans-serif\">En la jornada del   martes participaron los presidentes de Per\u00fa, Ollanta Humala; y de Bolivia, <\/span><span style=\"font-family: Verdana, sans-serif\">Evo Morales<\/span><span style=\"font-family: Verdana, sans-serif\">. Tambi\u00e9n asistieron el ministro de Medio Ambiente de Italia, Gian Luca Galletti; el comisario europeo de Acci\u00f3n por el Clima y Energ\u00eda, Miguel Arias Ca\u00f1ete, y ministros de diversos pa\u00edses.<br \/>El mi\u00e9rcoles participaron  los presidentes de M\u00e9xico, Enrique Pe\u00f1a Nieto; Colombia, Juan Manuel Santos; y Chile, Michelle Bachelet.  Asimismo, est\u00e1 prevista la asistencia del secretario general de Naciones Unidas, Ban Ki-moon.<br \/> Durante la primera semana de la COP20, las partes han realizado una serie de negociaciones, a fin de poner las bases a un nuevo acuerdo global para enfrentar el cambio clim\u00e1tico y que espera ser firmado en la COP21, en Par\u00eds, Francia, en 2015.<br \/> Entre los aspectos m\u00e1s debatidos por las delegaciones figuran, acciones de mitigaci\u00f3n y adaptaci\u00f3n, financiamiento clim\u00e1tico, transferencia de tecnolog\u00eda, compromisos nacionales.<\/span><br \/><span style=\"color: #0b5394;font-family: Verdana, sans-serif;font-size: x-small\"><b>FUENTE: TELESUR, NODAL<\/b><\/span><\/p>\n<div style=\"clear: both;text-align: center\"><a href=\"http:\/\/1.bp.blogspot.com\/-fetiLhfuynY\/VIpJP_AtPaI\/AAAAAAAAB7g\/-W4Uwr0l6N4\/s1600\/COOP%2BRIACHIUELO%2BPRODUCCIONES.jpg\" style=\"clear: left;float: left;margin-bottom: 1em;margin-right: 1em\"><span style=\"font-family: Verdana, sans-serif\"><img loading=\"lazy\" decoding=\"async\" border=\"0\" src=\"http:\/\/1.bp.blogspot.com\/-fetiLhfuynY\/VIpJP_AtPaI\/AAAAAAAAB7g\/-W4Uwr0l6N4\/s1600\/COOP%2BRIACHIUELO%2BPRODUCCIONES.jpg\" height=\"58\" width=\"200\" \/><\/span><\/a><\/div>\n","protected":false},"excerpt":{"rendered":"<p>LAS ORGANIZACIONES CAMPESINAS HACEN OIR SU VOZ La vig\u00e9sima Conferencia de Naciones Unidas sobre Cambio Clim\u00e1tico (COP20) se celebra en Lima (capital de Per\u00fa). Se destacan los aportes de las Organizaciones Campesinas. Desarrollo de la Conferencia.Desde la Coordinadora Latinoamericana de Organizaciones del Campo \u2013 V\u00eda Campesina se hicieron oir algunos aportes cuando expresaron que esperan [&hellip;]<\/p>\n","protected":false},"author":4,"featured_media":0,"comment_status":"open","ping_status":"open","sticky":false,"template":"","format":"standard","meta":{"_monsterinsights_skip_tracking":false,"_monsterinsights_sitenote_active":false,"_monsterinsights_sitenote_note":"","_monsterinsights_sitenote_category":0,"jnews-multi-image_gallery":[],"jnews_single_post":{"format":"standard"},"jnews_primary_category":[],"_joinchat":[],"footnotes":""},"categories":[58],"tags":[70],"class_list":["post-876","post","type-post","status-publish","format-standard","hentry","category-noticiariachuelo","tag-de-la-patria-grande"],"_links":{"self":[{"href":"http:\/\/fmriachuelo.it10.com.ar\/index.php\/wp-json\/wp\/v2\/posts\/876","targetHints":{"allow":["GET"]}}],"collection":[{"href":"http:\/\/fmriachuelo.it10.com.ar\/index.php\/wp-json\/wp\/v2\/posts"}],"about":[{"href":"http:\/\/fmriachuelo.it10.com.ar\/index.php\/wp-json\/wp\/v2\/types\/post"}],"author":[{"embeddable":true,"href":"http:\/\/fmriachuelo.it10.com.ar\/index.php\/wp-json\/wp\/v2\/users\/4"}],"replies":[{"embeddable":true,"href":"http:\/\/fmriachuelo.it10.com.ar\/index.php\/wp-json\/wp\/v2\/comments?post=876"}],"version-history":[{"count":1,"href":"http:\/\/fmriachuelo.it10.com.ar\/index.php\/wp-json\/wp\/v2\/posts\/876\/revisions"}],"predecessor-version":[{"id":22041,"href":"http:\/\/fmriachuelo.it10.com.ar\/index.php\/wp-json\/wp\/v2\/posts\/876\/revisions\/22041"}],"wp:attachment":[{"href":"http:\/\/fmriachuelo.it10.com.ar\/index.php\/wp-json\/wp\/v2\/media?parent=876"}],"wp:term":[{"taxonomy":"category","embeddable":true,"href":"http:\/\/fmriachuelo.it10.com.ar\/index.php\/wp-json\/wp\/v2\/categories?post=876"},{"taxonomy":"post_tag","embeddable":true,"href":"http:\/\/fmriachuelo.it10.com.ar\/index.php\/wp-json\/wp\/v2\/tags?post=876"}],"curies":[{"name":"wp","href":"https:\/\/api.w.org\/{rel}","templated":true}]}}