{"id":8759,"date":"2018-12-20T15:57:56","date_gmt":"2018-12-20T15:57:56","guid":{"rendered":"http:\/\/fmriachuelo.com.ar\/?p=8759"},"modified":"2018-12-20T15:57:56","modified_gmt":"2018-12-20T15:57:56","slug":"a-17-anos-del-argentinazo-el-pueblo-sigue-luchando-por-la-libertad-y-por-la-vida","status":"publish","type":"post","link":"http:\/\/fmriachuelo.it10.com.ar\/index.php\/2018\/12\/20\/a-17-anos-del-argentinazo-el-pueblo-sigue-luchando-por-la-libertad-y-por-la-vida\/","title":{"rendered":"19 Y 20 DE DICIEMBRE: A 17 A\u00d1OS DEL \u00abARGENTINAZO\u00bb EL PUEBLO ORGANIZADO SIGUE LUCHANDO POR SUS SUE\u00d1OS"},"content":{"rendered":"<p><strong>[FM Riachuelo 20\/12\/2018] El d\u00eda mi\u00e9rcoles 19 de diciembre amaneci\u00f3 nublado y con lloviznas. A medida que avanzaba la ma\u00f1ana en el barrio de la Boca en todas los espacios de la Organizaci\u00f3n Social y Pol\u00edtica Los Pibes iban llegando \u00a0les compa\u00f1eres para organizar una actividad en homenaje a los ca\u00eddos en el argentinazo del 19 y 20 \u00a0de diciembre \u00a0de 2001. Tambi\u00e9n para reflexionar en unidad con otras organizaciones que participaron de la actividad, sobre los desaf\u00edos que tienen los movimientos populares en adelante para encontrar los nuevos caminos que lleven a construir una sociedad digna de ser vivida. <\/strong><\/p>\n<p>Ya para el mediod\u00eda el sol hab\u00eda salido, como si la naturaleza hubiera estado acompa\u00f1ando a este conjunto de \u00a0compa\u00f1eres \u00a0que ante \u00a0tiempos tan dif\u00edciles para las clases populares deciden organizarse, luchar y construir un nuevo mundo posible. Distintas organizaciones populares se fueron acercando para contar y mostrar el trabajo que realizan en sus territorios. Como es el caso del Frente Popular Dar\u00edo Santill\u00e1n, el merendero Madres en Lucha, Cartoneros de la Boca, Comedor San Jorge, entre otras.<\/p>\n<p><img loading=\"lazy\" decoding=\"async\" class=\"alignnone size-full wp-image-8791\" src=\"http:\/\/fmriachuelo.com.ar\/wp-content\/uploads\/2018\/12\/WhatsApp-Image-2018-12-20-at-12.23.53-PM.jpeg\" alt=\"\" width=\"1280\" height=\"853\" \/><\/p>\n<p>Cabe mencionar que la actividad adem\u00e1s de conmemorar el Argentinazo se realiz\u00f3 para festejar el pago del cr\u00e9dito de la compra del terreno de la cooperativa de vivienda Lamadrid, que luego de tantos a\u00f1os de lucha y organizaci\u00f3n, de ir al IVC todos los d\u00edas para exigir lo que les correspond\u00eda seg\u00fan la Ley 341, consiguieron la propiedad colectiva de la Casa Popular El Patio.<\/p>\n<p>Adem\u00e1s eligieron esta fecha para celebrar un a\u00f1o de trabajo y lucha en conjunto con las Casas de Asistencia y Acompa\u00f1amiento Comunitario (CAAC), que intenta brindarles un futuro digno a les pibes . \u201cAgradecemos el trabajo continuo que realizan les compa\u00f1eres d\u00eda a d\u00eda, participando del espacio y cumpliendo con sus actividades, eso es lo que se significa un CAAC, donde el trabajo comunitario es el que se reivindica\u201d, expres\u00f3 Mart\u00edn Vel\u00e1zquez integrante de la Casa Popular El Patio.<\/p>\n<p>Para celebrar y reflexionar sobre esta fecha tan importante para el campo popular, se organiz\u00f3 una Muestra de fotos, radio abierta a cargo de FM Riachuelo con transmisi\u00f3n en vivo, en paralelo sobre la calle Lamadrid se colocaron diferentes de puestos de comidas populares y artesan\u00edas, ya para el final del festejo cantaron y actuaron artistas populares.<\/p>\n<p>Nadia Mart\u00ednez directora de FM Riachuelo durante la radio abierta dijo: \u201cEstamos conmemorando esa jornada de lucha, aquella epopeya, aquel 19 de diciembre en el 2001. Hace 17 a\u00f1os el barrio de la Boca resisti\u00f3 el embate de esa feroz represi\u00f3n y de \u00a0esa jornada popular en la que \u00a0el pueblo entero sali\u00f3 a las calles a defenderse de tanto odio y a llevarse puesto un presidente\u201d.<\/p>\n<p>Puertas adentro de la Casa Popular se llevo a cabo una muestra de circo con los participantes del taller y una exhibici\u00f3n fotogr\u00e1fica con todas las actividades que organizaron durante todo el a\u00f1o. Mientras tanto la fiesta en las veredas del lugar continuaba, se realizaron n\u00fameros humor\u00edsticos y\u00a0musicales.<\/p>\n<p><img loading=\"lazy\" decoding=\"async\" class=\"alignleft wp-image-8769 size-medium\" src=\"http:\/\/fmriachuelo.com.ar\/wp-content\/uploads\/2018\/12\/WhatsApp-Image-2018-12-20-at-12.20.53-300x200.jpeg\" alt=\"\" width=\"300\" height=\"200\" \/><\/p>\n<p><img loading=\"lazy\" decoding=\"async\" class=\"wp-image-8777 size-medium alignleft\" src=\"http:\/\/fmriachuelo.com.ar\/wp-content\/uploads\/2018\/12\/WhatsApp-Image-2018-12-20-at-12.23.56-300x200.jpeg\" alt=\"\" width=\"300\" height=\"200\" \/><\/p>\n<p>&nbsp;<\/p>\n<p>&nbsp;<\/p>\n<p>&nbsp;<\/p>\n<p>&nbsp;<\/p>\n<p>&nbsp;<\/p>\n<p>&nbsp;<\/p>\n<p>Uno de los referentes hist\u00f3ricos de la Organizaci\u00f3n Los Pibes Lito Borello, actualmente secretario de Derechos Humanos de la CTEP, se refiri\u00f3 a la resistencia popular de aquel 19 y 20 de diciembre \u201chay que encontrar el modo de seguir peleando en contra de un modelo de dominaci\u00f3n. Nosotros entendemos al recordar esa lucha, esa resistencia popular del argentinazo hace 17 a\u00f1os, como un momento en la regi\u00f3n que dio la posibilidad de ir acumulando lucha \u00a0para construir otro mundo posible\u201d.<\/p>\n<p>&nbsp;<\/p>\n<p><img loading=\"lazy\" decoding=\"async\" class=\"alignnone size-full wp-image-8792\" src=\"http:\/\/fmriachuelo.com.ar\/wp-content\/uploads\/2018\/12\/WhatsApp-Image-2018-12-20-at-12.24.02-PM.jpeg\" alt=\"\" width=\"1280\" height=\"853\" \/><\/p>\n<p><img loading=\"lazy\" decoding=\"async\" class=\" wp-image-8766 alignright\" src=\"http:\/\/fmriachuelo.com.ar\/wp-content\/uploads\/2018\/12\/WhatsApp-Image-2018-12-20-at-10.40.18-1.jpeg\" alt=\"\" width=\"271\" height=\"152\" \/>El broche de oro de la actividad fue sin lugar a dudas la caracter\u00edstica tradici\u00f3n de nuestro pueblo de la quema de un mu\u00f1eco. Una acci\u00f3n que simboliza el deseo de un porvenir mejor. La cara del mu\u00f1eco representaba a Mauricio Macri, personaje que representa todo el conjunto de poderosos que d\u00eda a d\u00eda buscan aumentar sus beneficios a costa de la vida de nuestro pueblo.<\/p>\n<p>En la actividad organizada por La Casa Popular El Patio se acercaron las madres del Merendero Madres en Lucha: \u00a0Roxana Cainzos y Carolina Vila; Movimiento Popular\u00a0 la Dignidad; Movimiento Evita de Vicente L\u00f3pez; Comedor San Jorge: Cooperativa de vivienda COVILPI; Paseo de la Econom\u00eda Popular Martin \u201cOso\u201d Cisneros; MTL Rebelde: estudiantes de Ciencias Sociales de la Universidad de Buenos Aires; Puentes de Libertad; Nestor Jeifez y Carla Rodr\u00edguez del Movimiento de Ocupantes e Inquilinos; Natalia de la cooperativa de vivienda \u00a0Nueva Esperanza; Angel de Red Puente, entre otras organizaciones que participaron d ela actividad.<\/p>\n<p>&nbsp;<\/p>\n<p><a href=\"https:\/\/soundcloud.com\/prensa-fm-riachuelo\/sets\/cobertura-riachuelo\">Escucha algunos testimonios de la radio abierta <\/a><\/p>\n","protected":false},"excerpt":{"rendered":"<p>[FM Riachuelo 20\/12\/2018] El d\u00eda mi\u00e9rcoles 19 de diciembre amaneci\u00f3 nublado y con lloviznas. A medida que avanzaba la ma\u00f1ana en el barrio de la Boca en todas los espacios de la Organizaci\u00f3n Social y Pol\u00edtica Los Pibes iban llegando \u00a0les compa\u00f1eres para organizar una actividad en homenaje a los ca\u00eddos en el argentinazo del [&hellip;]<\/p>\n","protected":false},"author":5,"featured_media":8760,"comment_status":"open","ping_status":"open","sticky":false,"template":"","format":"standard","meta":{"_monsterinsights_skip_tracking":false,"_monsterinsights_sitenote_active":false,"_monsterinsights_sitenote_note":"","_monsterinsights_sitenote_category":0,"jnews-multi-image_gallery":[],"jnews_single_post":[],"jnews_primary_category":[],"_joinchat":[],"footnotes":""},"categories":[80,79,76,74,75],"tags":[],"class_list":["post-8759","post","type-post","status-publish","format-standard","has-post-thumbnail","hentry","category-educacion","category-nadie-se-salva-solo","category-salud-comunitaria","category-san-cayetano","category-trabajo"],"_links":{"self":[{"href":"http:\/\/fmriachuelo.it10.com.ar\/index.php\/wp-json\/wp\/v2\/posts\/8759","targetHints":{"allow":["GET"]}}],"collection":[{"href":"http:\/\/fmriachuelo.it10.com.ar\/index.php\/wp-json\/wp\/v2\/posts"}],"about":[{"href":"http:\/\/fmriachuelo.it10.com.ar\/index.php\/wp-json\/wp\/v2\/types\/post"}],"author":[{"embeddable":true,"href":"http:\/\/fmriachuelo.it10.com.ar\/index.php\/wp-json\/wp\/v2\/users\/5"}],"replies":[{"embeddable":true,"href":"http:\/\/fmriachuelo.it10.com.ar\/index.php\/wp-json\/wp\/v2\/comments?post=8759"}],"version-history":[{"count":0,"href":"http:\/\/fmriachuelo.it10.com.ar\/index.php\/wp-json\/wp\/v2\/posts\/8759\/revisions"}],"wp:featuredmedia":[{"embeddable":true,"href":"http:\/\/fmriachuelo.it10.com.ar\/index.php\/wp-json\/"}],"wp:attachment":[{"href":"http:\/\/fmriachuelo.it10.com.ar\/index.php\/wp-json\/wp\/v2\/media?parent=8759"}],"wp:term":[{"taxonomy":"category","embeddable":true,"href":"http:\/\/fmriachuelo.it10.com.ar\/index.php\/wp-json\/wp\/v2\/categories?post=8759"},{"taxonomy":"post_tag","embeddable":true,"href":"http:\/\/fmriachuelo.it10.com.ar\/index.php\/wp-json\/wp\/v2\/tags?post=8759"}],"curies":[{"name":"wp","href":"https:\/\/api.w.org\/{rel}","templated":true}]}}