{"id":8755,"date":"2018-12-19T01:10:04","date_gmt":"2018-12-19T01:10:04","guid":{"rendered":"http:\/\/fmriachuelo.com.ar\/?p=8755"},"modified":"2018-12-19T01:10:04","modified_gmt":"2018-12-19T01:10:04","slug":"los-grandes-monopolios-hacen-lo-imposible-para-que-no-podamos-tener-nuestra-voz","status":"publish","type":"post","link":"http:\/\/fmriachuelo.it10.com.ar\/index.php\/2018\/12\/19\/los-grandes-monopolios-hacen-lo-imposible-para-que-no-podamos-tener-nuestra-voz\/","title":{"rendered":"\u00abLOS GRANDES MONOPOLIOS HACEN LO IMPOSIBLE PARA QUE NO PODAMOS TENER NUESTRA VOZ\u00bb"},"content":{"rendered":"<p><strong>[FM Riachuelo 18\/12\/2018]\u00a0<\/strong><strong>Hoy durante el programa Rompe el Cerco Informativo, entrevistamos al Secretario de Derechos Humanos de la CTEP, Lito Borello, para conversar sobre la\u00a0 lucha de los medios de comunicaci\u00f3n a ra\u00edz de la protesta que realizaron los medios comunitarios y populares el pasado lunes en las puertas del ENACOM.<\/strong><\/p>\n<p>El d\u00eda lunes, los trabajadores de la comunicaci\u00f3n popular, acompa\u00f1ados de organizaciones sociales y sindicales, comenzaron desde la ma\u00f1ana una concentraci\u00f3n en las puertas de la sede del Ente Nacional de Comunicaciones(ENACOM),ubicado en Carlos Calvo(1116) y Lima. All\u00ed es donde se tramitan las licencias y autorizaciones.<\/p>\n<p>Con una transmisi\u00f3n en vivo, distintas radios populares se hicieron presentes acompa\u00f1ando el reclamo para que se incluya en el proceso de normalizaci\u00f3n en zonas de conflicto a todas las radios empadronadas, luego de la sanci\u00f3n de la <strong>Ley de Servicios de Comunicaci\u00f3n Audiovisual 26.522<\/strong>.<\/p>\n<p>Tras el acto en las puertas del ENACOM, la protesta contin\u00fao con una movilizaci\u00f3n a Canal 13, donde los trabajadores se manifestaron pac\u00edficamente en el lugar, para apoyar la demanda de los canales comunitarios para que sean incluidos dentro de la grilla de Cablevisi\u00f3n.<\/p>\n<p>Lito Borello, Secretario de DD.HH de la Confederaci\u00f3n de Trabajadores de la Econom\u00eda Popular, nos comparti\u00f3 su punto de vista acerca de la Lucha de los Medios de Comunicaci\u00f3n:\u00bb<em>Los grandes multimedios\/monopolios, hacen lo imposible para que no podamos tener nuestra propia voz. Hasta incluso no cumplir la ley<\/em>\u00ab. Agreg\u00f3 que, \u00ab<em>el planteo que intentan llevar adelante los compa\u00f1eros de los medios alternativos, no es ni m\u00e1s ni menos que el ejercicio concreto de una ley que deber\u00eda llevarse a la pr\u00e1ctica<\/em>\u00bb<\/p>\n<p><em>Por \u00faltimo, tambi\u00e9n ofreci\u00f3 una reflexi\u00f3n sobre las luchas que viene llevando adelante el campo popular:\u00bbNuestro pueblo indica todos los d\u00edas, de que se sigue organizando y uniendo. Sigue creando una capacidad de acumulaci\u00f3n de fuerzas para poder estar en mejores condiciones de ir construyendo un poder popular que nos ponga ante la posibilidad de resolver una agenda electoral, y de ir reuniendo la masa cr\u00edtica capaz de construir un nuevo modelo de pa\u00eds\u00bb.<\/em><\/p>\n<p>Escucha la entrevista completa\u00a0<a href=\"https:\/\/radiocut.fm\/audiocut\/los-grandes-monopolios-hacen-lo-imposible-para-que-no-podamos-tener-nuestra-voz\/\" target=\"_blank\" rel=\"noopener\"><strong><span style=\"color: #ff0000\">AC\u00c1<\/span><\/strong><\/a><\/p>\n","protected":false},"excerpt":{"rendered":"<p>[FM Riachuelo 18\/12\/2018]\u00a0Hoy durante el programa Rompe el Cerco Informativo, entrevistamos al Secretario de Derechos Humanos de la CTEP, Lito Borello, para conversar sobre la\u00a0 lucha de los medios de comunicaci\u00f3n a ra\u00edz de la protesta que realizaron los medios comunitarios y populares el pasado lunes en las puertas del ENACOM. El d\u00eda lunes, los [&hellip;]<\/p>\n","protected":false},"author":5,"featured_media":8375,"comment_status":"open","ping_status":"open","sticky":false,"template":"","format":"standard","meta":{"_monsterinsights_skip_tracking":false,"_monsterinsights_sitenote_active":false,"_monsterinsights_sitenote_note":"","_monsterinsights_sitenote_category":0,"jnews-multi-image_gallery":[],"jnews_single_post":[],"jnews_primary_category":[],"_joinchat":[],"footnotes":""},"categories":[78,76,77],"tags":[],"class_list":["post-8755","post","type-post","status-publish","format-standard","has-post-thumbnail","hentry","category-economia-popular","category-salud-comunitaria","category-soberania"],"_links":{"self":[{"href":"http:\/\/fmriachuelo.it10.com.ar\/index.php\/wp-json\/wp\/v2\/posts\/8755","targetHints":{"allow":["GET"]}}],"collection":[{"href":"http:\/\/fmriachuelo.it10.com.ar\/index.php\/wp-json\/wp\/v2\/posts"}],"about":[{"href":"http:\/\/fmriachuelo.it10.com.ar\/index.php\/wp-json\/wp\/v2\/types\/post"}],"author":[{"embeddable":true,"href":"http:\/\/fmriachuelo.it10.com.ar\/index.php\/wp-json\/wp\/v2\/users\/5"}],"replies":[{"embeddable":true,"href":"http:\/\/fmriachuelo.it10.com.ar\/index.php\/wp-json\/wp\/v2\/comments?post=8755"}],"version-history":[{"count":0,"href":"http:\/\/fmriachuelo.it10.com.ar\/index.php\/wp-json\/wp\/v2\/posts\/8755\/revisions"}],"wp:featuredmedia":[{"embeddable":true,"href":"http:\/\/fmriachuelo.it10.com.ar\/index.php\/wp-json\/"}],"wp:attachment":[{"href":"http:\/\/fmriachuelo.it10.com.ar\/index.php\/wp-json\/wp\/v2\/media?parent=8755"}],"wp:term":[{"taxonomy":"category","embeddable":true,"href":"http:\/\/fmriachuelo.it10.com.ar\/index.php\/wp-json\/wp\/v2\/categories?post=8755"},{"taxonomy":"post_tag","embeddable":true,"href":"http:\/\/fmriachuelo.it10.com.ar\/index.php\/wp-json\/wp\/v2\/tags?post=8755"}],"curies":[{"name":"wp","href":"https:\/\/api.w.org\/{rel}","templated":true}]}}