{"id":8743,"date":"2018-12-13T16:54:00","date_gmt":"2018-12-13T16:54:00","guid":{"rendered":"http:\/\/fmriachuelo.com.ar\/?p=8743"},"modified":"2018-12-13T16:54:00","modified_gmt":"2018-12-13T16:54:00","slug":"esto-es-una-guerra-de-clases-abierta","status":"publish","type":"post","link":"http:\/\/fmriachuelo.it10.com.ar\/index.php\/2018\/12\/13\/esto-es-una-guerra-de-clases-abierta\/","title":{"rendered":"\u00abESTO ES UNA GUERRA DE CLASES ABIERTA\u00bb"},"content":{"rendered":"<hr \/>\n<p><strong>\u00a0<\/strong><strong>[FM RIACHUELO 13\/12\/2018] En el d\u00eda de ayer se conoci\u00f3 \u00a0el fallecimiento de Maximiliano Tadeo trabajador del \u00e1rea de Forestales de la Secretaria de Agroindustria de la Naci\u00f3n, quien tomo la decisi\u00f3n de quitarse la vida en las instalaciones del organismo para el que \u00a0trabajaba. El hecho ocurri\u00f3 frente a las oficinas de los funcionarios que meses atr\u00e1s desmantelaban su sector y produc\u00edan despidos masivos. <\/strong><\/p>\n<p>Por este hecho desde el programa Mateando en el Riachuelo nos comunicamos con Carina Maloberti Secretaria Gremial de la Asociaci\u00f3n de Trabajadores del Estado, \u00a0SENASA Capital.<strong>\u00a0<\/strong>En el d\u00eda de ayer desde la Junta Interna de Delegados y Delegadas, luego de conocerse esta lamentable noticia, se reunieron en asamblea y emitieron un comunicado para transmitir el acompa\u00f1amiento y solidaridad desde SENASA a los familiares y amiges de Maximiliano.<\/p>\n<p>\u201cCuando la desidia y violencia laboral presiona y se ejerce hay compa\u00f1eros que no encuentran la salida. Y como dec\u00edan ayer los compa\u00f1eros en asamblea, la salida es colectiva es solidaria, organizativa. Y este gobierno intenta desorganizarnos, desindicalizarnos, despolitizar, para que divididos individualmente, y frente a la represi\u00f3n y hostigamiento quedemos vulnerables\u201d, expres\u00f3 Carina durante la entrevista.<\/p>\n<p>Maloberti adem\u00e1s analiz\u00f3 este hecho en relaci\u00f3n a la coyuntura actual como una guerra de clases: \u201cestamos en estado de alerta permanente, porque nos declararon la guerra, \u00a0esto es una guerra de clases abierta, porque cada vez\u00a0 el Estado garantiza menos derechos, como el de la integridad f\u00edsica y la salud de su pueblo; la soberan\u00eda y la defensa nacional\u201d.<\/p>\n<p>Tambi\u00e9n desde el programa se comunicaron con Lito Borello Secretario de Derechos Humanos de la CTEP, para tener la mirada y an\u00e1lisis desde el organismo de Derechos Humanos. En el marco de la profundizaci\u00f3n de las pol\u00edticas de muerte que lleva adelante el gobierno de Mauricio Macri.<\/p>\n<p>Lito Borello durante la entrevista se solidariz\u00f3 con los familiares y amigos de Maximiliano y expres\u00f3 que es momento de organizarse y unirse \u00a0\u201cEl \u00fanico culpable, m\u00e1s all\u00e1 de c\u00f3mo hayan sido los hechos, son estas pol\u00edticas que hambrean a nuestro pueblo, pol\u00edticas de descarte como plantea el Papa Francisco. No tenemos que permitir que nos quiebren y es necesario m\u00e1s que nunca entender que ellos han decidido declararles la guerra a los trabajadores, a los sectores populares. Nosotros entendiendo \u00a0que solo la lucha nos har\u00e1 libres, tenemos que unirnos y organizarnos para conquistar ese mundo posible\u201d.<\/p>\n<p><a href=\"https:\/\/radiocut.fm\/audiocut\/la-desidia-y-violencia-laboral-presiona-y-hay-companeros-que-no-encuentran-la-salida\/\">Entrevista completa de Carina Maloberti<\/a><\/p>\n<p><a href=\"https:\/\/radiocut.fm\/audiocut\/lito-borello-tenemos-que-unirnos-no-tenemos-que-permitir-que-nos-quiebren\/#f=radio&amp;l=related\">Escucha la entrevista completa de Lito Borello<\/a><\/p>\n<p>&nbsp;<\/p>\n","protected":false},"excerpt":{"rendered":"<p>\u00a0[FM RIACHUELO 13\/12\/2018] En el d\u00eda de ayer se conoci\u00f3 \u00a0el fallecimiento de Maximiliano Tadeo trabajador del \u00e1rea de Forestales de la Secretaria de Agroindustria de la Naci\u00f3n, quien tomo la decisi\u00f3n de quitarse la vida en las instalaciones del organismo para el que \u00a0trabajaba. El hecho ocurri\u00f3 frente a las oficinas de los funcionarios [&hellip;]<\/p>\n","protected":false},"author":5,"featured_media":8749,"comment_status":"open","ping_status":"open","sticky":false,"template":"","format":"standard","meta":{"_monsterinsights_skip_tracking":false,"_monsterinsights_sitenote_active":false,"_monsterinsights_sitenote_note":"","_monsterinsights_sitenote_category":0,"jnews-multi-image_gallery":[],"jnews_single_post":[],"jnews_primary_category":[],"_joinchat":[],"footnotes":""},"categories":[79,76,75],"tags":[],"class_list":["post-8743","post","type-post","status-publish","format-standard","has-post-thumbnail","hentry","category-nadie-se-salva-solo","category-salud-comunitaria","category-trabajo"],"_links":{"self":[{"href":"http:\/\/fmriachuelo.it10.com.ar\/index.php\/wp-json\/wp\/v2\/posts\/8743","targetHints":{"allow":["GET"]}}],"collection":[{"href":"http:\/\/fmriachuelo.it10.com.ar\/index.php\/wp-json\/wp\/v2\/posts"}],"about":[{"href":"http:\/\/fmriachuelo.it10.com.ar\/index.php\/wp-json\/wp\/v2\/types\/post"}],"author":[{"embeddable":true,"href":"http:\/\/fmriachuelo.it10.com.ar\/index.php\/wp-json\/wp\/v2\/users\/5"}],"replies":[{"embeddable":true,"href":"http:\/\/fmriachuelo.it10.com.ar\/index.php\/wp-json\/wp\/v2\/comments?post=8743"}],"version-history":[{"count":0,"href":"http:\/\/fmriachuelo.it10.com.ar\/index.php\/wp-json\/wp\/v2\/posts\/8743\/revisions"}],"wp:featuredmedia":[{"embeddable":true,"href":"http:\/\/fmriachuelo.it10.com.ar\/index.php\/wp-json\/"}],"wp:attachment":[{"href":"http:\/\/fmriachuelo.it10.com.ar\/index.php\/wp-json\/wp\/v2\/media?parent=8743"}],"wp:term":[{"taxonomy":"category","embeddable":true,"href":"http:\/\/fmriachuelo.it10.com.ar\/index.php\/wp-json\/wp\/v2\/categories?post=8743"},{"taxonomy":"post_tag","embeddable":true,"href":"http:\/\/fmriachuelo.it10.com.ar\/index.php\/wp-json\/wp\/v2\/tags?post=8743"}],"curies":[{"name":"wp","href":"https:\/\/api.w.org\/{rel}","templated":true}]}}