{"id":8722,"date":"2018-12-11T13:28:45","date_gmt":"2018-12-11T13:28:45","guid":{"rendered":"http:\/\/fmriachuelo.com.ar\/?p=8722"},"modified":"2018-12-11T13:28:45","modified_gmt":"2018-12-11T13:28:45","slug":"asesinato-de-franco-quintero-no-voy-a-parar-hasta-llegar-a-la-verdad","status":"publish","type":"post","link":"http:\/\/fmriachuelo.it10.com.ar\/index.php\/2018\/12\/11\/asesinato-de-franco-quintero-no-voy-a-parar-hasta-llegar-a-la-verdad\/","title":{"rendered":"ASESINATO DE FRANCO QUINTERO: \u00abNO VOY A PARAR HASTA LLEGAR A LA VERDAD\u00bb"},"content":{"rendered":"<p><strong>[Por Colectivo de Medios Populares* 11\/12\/2018]\u00a0Entrevista a Laura R\u00edos, hermana del joven de 17 a\u00f1os asesinado en Moreno. \u00ab\u00c9l ten\u00eda un retraso madurativo, no necesitaba salir a robar, como intentan decir, \u00e9l cobraba una pensi\u00f3n\u00bb.<\/strong><\/p>\n<p><strong>\u00a0Un nuevo cap\u00edtulo de la \u00abdoctrina Chocobar\u00bb se conoci\u00f3 en Paso de Rey, localidad de Moreno, donde efectivos de la Polic\u00eda Local asesinaron a Franco Dante Quintero, de 17 a\u00f1os. Su hermana Laura R\u00edos dialog\u00f3 con el Colectivo de Medios Populares y denunci\u00f3 lo sucedido.<\/strong><\/p>\n<p><strong>CMP: \u00bfQu\u00e9 paso con Franco?<\/strong><\/p>\n<p>Laura R\u00edos: El d\u00eda 27\/11 Franco sali\u00f3 a las 11:30 de la ma\u00f1ana de mi hogar, con una moto que ten\u00eda. En todo el d\u00eda no tuvimos novedades de \u00e9l. No hab\u00eda salido con el tel\u00e9fono, le mandamos mensajes y nos dimos cuenta que lo hab\u00eda dejado en casa. Sali\u00f3 con otro chico, Joaqu\u00edn Rossi, de 15 a\u00f1os. A las 16 hs. se comunica Joaqu\u00edn con mi mam\u00e1 y le dice que mi hermano se encuentra detenido en la Comisar\u00eda 5\u00b0 del Paso del Rey, ah\u00ed fue mi madre con otro de mis hermanos. La noticia se la dieron a mi hermano, le dijeron que hab\u00eda fallecido. Y que ven\u00edan de protagonizar varios il\u00edcitos. Sobre Varvello y Luther King es donde le disparan, y mi hermano se desploma. Quedan en la calle, y hasta ese momento estaban supuestamente con vida \u00e9l y Joaqu\u00edn Rossi. Esto lo s\u00e9 por testigos. Rossi llam\u00f3 al 911 desde su celular y da aviso que estaban tirados ah\u00ed. La ambulancia tard\u00f3 20 minutos en llegar. Mi hermano recibi\u00f3 un disparo en la ingle y en el pecho. Rossi recibi\u00f3 un disparo en el pulm\u00f3n y otro en la axila. La polic\u00eda les tiro de atr\u00e1s.<\/p>\n<p>Llego al hospital a las 18 hs, pregunto por mi hermano, nadie me daba respuestas, quer\u00edamos verlo, nadie nos dec\u00eda nada. Entonces me dirig\u00ed a la Comisar\u00eda 5ta de Paso del Rey, all\u00ed me atienden el Comisario Saucedo y el Jefe de calle, L\u00f3pez. Me dicen que estaban instruyendo el sumario, que interviene la UFI 6 de menores y la UFI 2 de mayores. Me dicen que hubo un enfrentamiento, que la polic\u00eda escuch\u00f3 \u00abestruendos\u00bb y dispar\u00f3 sobre ellos. El polic\u00eda que mata a mi hermano es de apellido Max, creo, no tengo m\u00e1s detalles porque no tuve acceso a la causa. Estuve desde el 27 hasta este lunes intentando recuperar el cuerpo de mi hermano. No nos dejaron reconocerlo, el cuerpo estuvo en la morgue de Lomas donde le realizaron la autopsia. Recuerdo que le dije al comisario \u00absi estaba cometiendo un delito por qu\u00e9 no lo detuvieron y trajeron a la Comisar\u00eda, \u00bfpor qu\u00e9 lo mataron?\u00bb.<\/p>\n<p>Despu\u00e9s me fui al hospital, exigiendo una respuesta. Despu\u00e9s de muchas vueltas un m\u00e9dico con acceso a la historia m\u00e9dica me dice lo de los disparos, que lleg\u00f3 muy p\u00e1lido, que hab\u00eda perdido mucha sangre y que no pudieron pararle el sangrado. Despu\u00e9s de varios d\u00edas de ir a la fiscal\u00eda para pedir que me devuelvan el cuerpo, reci\u00e9n el 2 pude retirarlo. Lo reconocieron mi pap\u00e1, mi hermano y mi pareja. El domingo a la ma\u00f1ana me entero que se hab\u00edan difundido fotos de mi hermano en el lugar del hecho, que ya lo mostraban sin vida. Por eso no entiendo c\u00f3mo los m\u00e9dicos me dijeron que falleci\u00f3 en el hospital, si esas fotos dicen otra cosa. Hay testigos que dicen que ellos fueron golpeados cuando estaban en el piso, que le pisaban la cabeza. Estoy esperando las pericias para saber a qu\u00e9 hora falleci\u00f3 mi hermano.<\/p>\n<p><strong>CPM: \u00bfQu\u00e9 respuestas han tenidos por parte de las autoridades? \u00bfEn qu\u00e9 estado a la causa?<\/strong><\/p>\n<p>LR: Cuando habl\u00e9 con la fiscal Karina Saucedo yo le dije que era un nuevo caso de gatillo f\u00e1cil y ella me dijo que estaba para investigar. Le pedimos a la fiscal que haga la prueba de la parafina, que haga la pericia del arma, para mostrar que fue plantada por la Polic\u00eda. Mi hermano ten\u00eda una discapacidad, un retraso madurativo. No necesitaba salir a robar, como intentan decir, el cobraba una pensi\u00f3n. La fiscal apart\u00f3 a la polic\u00eda, y ahora est\u00e1 investigando Gendarmer\u00eda, como pidi\u00f3 la CPM. Joaqu\u00edn Rossi declar\u00f3 que no ten\u00edan armas, y que nunca dispararon. Un testigo tambi\u00e9n dijo que no vio armas en las manos de los chicos. No me dieron los nombres de los polic\u00edas que intervinieron, s\u00e9 que quien disparo fue retirado de su cargo.<\/p>\n<p><strong>CMP: \u00bfCon qui\u00e9nes pudieron contactarse, alguien les est\u00e1 ayudando?<\/strong><\/p>\n<p>LR: Estoy juntando fuerzas para seguir adelante. Recib\u00ed mucha ayuda de madres a las que les han asesinado a sus hijos, y de mucha gente que me ayuda a transitar este momento. No voy a parar hasta llegar a la verdad: qu\u00e9 pas\u00f3 \u00e9se d\u00eda, por qu\u00e9 me lo mataron as\u00ed. S\u00e9 que es un caso de gatillo f\u00e1cil, porque el polic\u00eda le tir\u00f3 a matar. No le tir\u00f3 a la pierna, le tir\u00f3 a matar. Solo quiero que se haga justicia. Sufrimos muchas cr\u00edticas, un periodista policial mostr\u00f3 fotos que nos hicieron mucho da\u00f1o, expuso el nombre de mi hermano, dijo que era un delincuente. No le import\u00f3 el dolor de la familia, no le import\u00f3 nada.<\/p>\n<p><strong>CPM: \u00bfC\u00f3mo recuerda a Franco?<\/strong><\/p>\n<p>Laura: \u00c9l era un chico muy bueno, siempre sonre\u00eda. Era un t\u00edo genial, lo quer\u00edan mucho los chicos. Estaba siempre preocupado por mam\u00e1, siempre la acompa\u00f1aba a todos lados, lo que ganaba se lo daba a ella para que pague sus cuentas. Dej\u00f3 la escuela porque le costaba much\u00edsimo. Hablabamos mucho. No guardaba rencor, a todo dec\u00eda que s\u00ed, era muy humano.<\/p>\n<p>*FM Riachuelo\/FM La Caterva\/La Retaguardia\/Agencia Paco Urondo \/Sur Capitalino\/Radio Gr\u00e1fica\/Radio Presente<br \/>\n(Desde el Colectivo de Medios Populares producimos en unidad como urgencia y como apuesta. Coincidimos en que la comunicaci\u00f3n no es mercanc\u00eda. Nos encontramos, ensamblamos, complementamos, potenciamos y existimos, intentando romper con una m\u00e1xima que buscan imponer como natural: que entre iguales, solo queda competir).<\/p>\n","protected":false},"excerpt":{"rendered":"<p>[Por Colectivo de Medios Populares* 11\/12\/2018]\u00a0Entrevista a Laura R\u00edos, hermana del joven de 17 a\u00f1os asesinado en Moreno. \u00ab\u00c9l ten\u00eda un retraso madurativo, no necesitaba salir a robar, como intentan decir, \u00e9l cobraba una pensi\u00f3n\u00bb. \u00a0Un nuevo cap\u00edtulo de la \u00abdoctrina Chocobar\u00bb se conoci\u00f3 en Paso de Rey, localidad de Moreno, donde efectivos de la [&hellip;]<\/p>\n","protected":false},"author":5,"featured_media":8730,"comment_status":"open","ping_status":"open","sticky":false,"template":"","format":"standard","meta":{"_monsterinsights_skip_tracking":false,"_monsterinsights_sitenote_active":false,"_monsterinsights_sitenote_note":"","_monsterinsights_sitenote_category":0,"jnews-multi-image_gallery":[],"jnews_single_post":[],"jnews_primary_category":[],"_joinchat":[],"footnotes":""},"categories":[79,76],"tags":[],"class_list":["post-8722","post","type-post","status-publish","format-standard","has-post-thumbnail","hentry","category-nadie-se-salva-solo","category-salud-comunitaria"],"_links":{"self":[{"href":"http:\/\/fmriachuelo.it10.com.ar\/index.php\/wp-json\/wp\/v2\/posts\/8722","targetHints":{"allow":["GET"]}}],"collection":[{"href":"http:\/\/fmriachuelo.it10.com.ar\/index.php\/wp-json\/wp\/v2\/posts"}],"about":[{"href":"http:\/\/fmriachuelo.it10.com.ar\/index.php\/wp-json\/wp\/v2\/types\/post"}],"author":[{"embeddable":true,"href":"http:\/\/fmriachuelo.it10.com.ar\/index.php\/wp-json\/wp\/v2\/users\/5"}],"replies":[{"embeddable":true,"href":"http:\/\/fmriachuelo.it10.com.ar\/index.php\/wp-json\/wp\/v2\/comments?post=8722"}],"version-history":[{"count":0,"href":"http:\/\/fmriachuelo.it10.com.ar\/index.php\/wp-json\/wp\/v2\/posts\/8722\/revisions"}],"wp:featuredmedia":[{"embeddable":true,"href":"http:\/\/fmriachuelo.it10.com.ar\/index.php\/wp-json\/"}],"wp:attachment":[{"href":"http:\/\/fmriachuelo.it10.com.ar\/index.php\/wp-json\/wp\/v2\/media?parent=8722"}],"wp:term":[{"taxonomy":"category","embeddable":true,"href":"http:\/\/fmriachuelo.it10.com.ar\/index.php\/wp-json\/wp\/v2\/categories?post=8722"},{"taxonomy":"post_tag","embeddable":true,"href":"http:\/\/fmriachuelo.it10.com.ar\/index.php\/wp-json\/wp\/v2\/tags?post=8722"}],"curies":[{"name":"wp","href":"https:\/\/api.w.org\/{rel}","templated":true}]}}