{"id":872,"date":"2014-12-14T21:01:00","date_gmt":"2014-12-14T21:01:00","guid":{"rendered":"http:\/\/fmriachuelo.observatorioess.org.ar\/index.php\/2014\/12\/14\/ciudad-el-pro-consiguio-que-le-aprueben-el-presupuesto-para-2015\/"},"modified":"2025-03-17T12:37:41","modified_gmt":"2025-03-17T15:37:41","slug":"ciudad-el-pro-consiguio-que-le-aprueben-el-presupuesto-para-2015","status":"publish","type":"post","link":"http:\/\/fmriachuelo.it10.com.ar\/index.php\/2014\/12\/14\/ciudad-el-pro-consiguio-que-le-aprueben-el-presupuesto-para-2015\/","title":{"rendered":"CIUDAD: EL PRO CONSIGUI\u00d3 QUE LE APRUEBEN EL PRESUPUESTO PARA 2015"},"content":{"rendered":"<p><span style=\"font-family: Verdana, sans-serif\">CON DEUDA Y BAJA EN LA INVERSI\u00d3N SOCIAL<\/span><br \/><strong><span style=\"color: red;font-family: Verdana;font-size: large\">ENTRE GALLOS Y MEDIANOCHE: SIEMPRE LAS MISMAS POL\u00cdTICAS EN LA CIUDAD<\/span><\/strong><\/p>\n<div style=\"clear: both;text-align: center\"><a href=\"http:\/\/4.bp.blogspot.com\/-YRwKdW1kHfY\/VI35yhOWZCI\/AAAAAAAAB9c\/3JzZBHGqDzI\/s1600\/legislatura.jpg\" style=\"clear: left;float: left;margin-bottom: 1em;margin-right: 1em\"><img loading=\"lazy\" decoding=\"async\" border=\"0\" src=\"http:\/\/4.bp.blogspot.com\/-YRwKdW1kHfY\/VI35yhOWZCI\/AAAAAAAAB9c\/3JzZBHGqDzI\/s1600\/legislatura.jpg\" height=\"181\" width=\"320\" \/><\/a><\/div>\n<p><span style=\"font-family: Verdana, sans-serif\">De madrugada y tras un marat\u00f3nico debate que termin\u00f3 en&nbsp;&nbsp;el macrismo con la ayuda de sus aliados&nbsp;aprob\u00f3&nbsp;el Presupuesto que el jefe de Gobierno dise\u00f1\u00f3 para el 2015, as\u00ed como tambi\u00e9n la emisi\u00f3n de un nuevo bono por 890 millones de d\u00f3lares y el endeudamiento por 1000 millones de pesos. Con esa plata Macri podr\u00e1 hacer frente a los vencimientos de deuda que la Ciudad tiene en abril, en medio de un a\u00f1o electoral en el que se apuesta a concentrar todos los recursos a su alcance para cimentar su candidatura presidencial. Desde la oposici\u00f3n advirtieron que el l\u00edder del PRO endeudar\u00e1 a los porte\u00f1os con fines electorales y que una vez m\u00e1s se recortan fondos en las \u00e1reas sociales.<\/span><br \/><span style=\"font-family: Verdana, sans-serif\">El PRO recurri\u00f3 a sus ya habituales socios en la Legislatura para sancionar con 35 votos positivos el Presupuesto 2015. A los macristas se sumaron en el momento de la votaci\u00f3n Graciela Oca\u00f1a con su bloque de Confianza P\u00fablica y las bancadas de Suma+ y el Partido Socialista Aut\u00e9ntico. Los legisladores de la Coalici\u00f3n C\u00edvica, el Partido Socialista y Proyecto Sur se abstuvieron. El resto \u2013Frente para la Victoria, MST, FIT, Bien Com\u00fan y Seamos Libres\u2013 votaron en contra. Como parte del paquete que acompa\u00f1a el Presupuesto se aprobaron tambi\u00e9n con los mismos votos el C\u00f3digo Fiscal y la Ley Tributaria, que prev\u00e9 aumentos de hasta el 30 por ciento del ABL y del 50 por ciento en patentes.<\/span><br \/><a name='more'><\/a><span style=\"font-family: Verdana, sans-serif\">El Presupuesto que arm\u00f3 Macri para el a\u00f1o totaliza casi 86 mil millones de pesos y prev\u00e9 una inflaci\u00f3n del 28 por ciento. Su dise\u00f1o es similar a los anteriores y no revierte la baja que a\u00f1o tras a\u00f1o se registra en los servicios sociales, que en esta ocasi\u00f3n no llegan a concentrar el 60 por ciento del total de fondos presupuestados. A Educaci\u00f3n se destinar\u00e1 el 20,5 por ciento del Presupuesto y el 18,1 ir\u00e1 para Salud. A Vivienda le toc\u00f3 s\u00f3lo el 2,4 por ciento, mientras que para el plan social Ciudadan\u00eda Porte\u00f1a se establece un 27 por ciento de aumento; o sea, un punto menos que la inflaci\u00f3n calculada para el a\u00f1o pr\u00f3ximo.<br \/>La autorizaci\u00f3n al Ejecutivo para endeudarse es otra constante de este gobierno que al asumir la Jefatura de Gobierno en 2007 encontr\u00f3 una Ciudad con una deuda de 500 millones de d\u00f3lares y en siete a\u00f1os de gesti\u00f3n la llev\u00f3 a unos 2000 millones. La Ciudad tiene dos vencimientos de deuda a la vista, correspondientes a los bonos Tango serie 8 y 10: uno en abril pr\u00f3ximo por 475 millones de d\u00f3lares y otro por 415 millones en 2017. Aunque para entonces Macri ya no ser\u00e1 jefe de Gobierno, la Legislatura lo habilit\u00f3 a emitir nueva deuda por 890 millones para afrontar ambas obligaciones. La oposici\u00f3n advirti\u00f3 que Macri pagar\u00e1 el vencimiento de 2015 y que el resto lo usar\u00e1 con fines electorales. Por si eso no fuera suficiente, los legisladores tambi\u00e9n lo autorizaron a endeudarse por mil millones de pesos para el caso de que la puja con los fondos buitre complique la operaci\u00f3n de canje de deuda.<\/span><br \/><span style=\"font-family: Verdana, sans-serif\">El PRO logr\u00f3 aprobar   el <\/span><span style=\"font-family: Verdana, sans-serif\">Plan Maestro de la Comuna 8<\/span><span style=\"font-family: Verdana, sans-serif\">, un proyecto que, seg\u00fan sus autores, plantea el \u201cdesarrollo urban\u00edstico y social\u201d de los barrios de Villa Lugano, Soldati y Riachuelo.<br \/>Se autoriz\u00f3 la localizaci\u00f3n de la <\/span><span style=\"font-family: Verdana, sans-serif\">Villa Ol\u00edmpica en terrenos del Parque de la Ciudad y el Parque Roca<\/span><span style=\"font-family: Verdana, sans-serif\"> y tambi\u00e9n se crear\u00e1 el Distrito del Deporte, con una serie de exenciones impositivas para empresas del rubro. El proyecto contempla la escrituraci\u00f3n en villas, <\/span><span style=\"font-family: Verdana, sans-serif\">aunque no la urbanizaci\u00f3n,<\/span><br \/><span style=\"font-family: Verdana, sans-serif\">El parlamento porte\u00f1o tambi\u00e9n aprob\u00f3 una extensi\u00f3n de los beneficios fiscales para empresas radicadas en el<\/span><span style=\"font-family: Verdana, sans-serif\"> Distrito Tecnol\u00f3gico de Parque Patricios<\/span><span style=\"font-family: Verdana, sans-serif\">. Fue con 39 votos positivos (PRO, Confianza P\u00fablica y Unen) y 17 negativos. La norma incorpora nuevos rubros vinculados a la tecnolog\u00eda y extiende por diez a\u00f1os extra el r\u00e9gimen de exenciones impositivas, con un esquema decreciente en el tiempo.<br \/>Con el voto del kirchnerismo y el PRO, la Legislatura<\/span><span style=\"font-family: Verdana, sans-serif\"> autoriz\u00f3 una modificaci\u00f3n de la traza de la L\u00ednea H<\/span><span style=\"font-family: Verdana, sans-serif\">. Tal como hab\u00eda adelantado Diario Z, <\/span><span style=\"font-family: Verdana, sans-serif\">la estaci\u00f3n de cabecera ser\u00e1 S\u00e1enz, donde adem\u00e1s habr\u00e1 un centro de transbordo vinculado al ferrocarril, el Metrob\u00fas y otros colectivos<\/span><span style=\"font-family: Verdana, sans-serif\">. A su vez, se autoriz\u00f3 la construcci\u00f3n de una estaci\u00f3n en Av. Cruz y Perito Moreno, en las inmediaciones de la Villa 1-11-14.<br \/>Hubo tiempo tambi\u00e9n para <\/span><span style=\"font-family: Verdana, sans-serif\">desestimar la construcci\u00f3n de una sede del Mercado Central en Colegiales<\/span><span style=\"font-family: Verdana, sans-serif\">. Los legisladores rezonificaron el predio para transformarlo en un parque p\u00fablico.<\/span><br \/><span style=\"color: #0b5394;font-family: Verdana;font-size: x-small\"><b>FUENTE P\u00c1GINA 12, DIARIO Z<\/b><\/span><\/p>\n<div style=\"clear: both;text-align: center\"><a href=\"http:\/\/2.bp.blogspot.com\/-bcZ5aVv7s5g\/VI3432Mti6I\/AAAAAAAAB9Q\/O60pxNf05Xk\/s1600\/COOP%2BRIACHIUELO%2BPRODUCCIONES.jpg\" style=\"clear: left;float: left;margin-bottom: 1em;margin-right: 1em\"><img loading=\"lazy\" decoding=\"async\" border=\"0\" src=\"http:\/\/2.bp.blogspot.com\/-bcZ5aVv7s5g\/VI3432Mti6I\/AAAAAAAAB9Q\/O60pxNf05Xk\/s1600\/COOP%2BRIACHIUELO%2BPRODUCCIONES.jpg\" height=\"58\" width=\"200\" \/><\/a><\/div>\n","protected":false},"excerpt":{"rendered":"<p>CON DEUDA Y BAJA EN LA INVERSI\u00d3N SOCIALENTRE GALLOS Y MEDIANOCHE: SIEMPRE LAS MISMAS POL\u00cdTICAS EN LA CIUDAD De madrugada y tras un marat\u00f3nico debate que termin\u00f3 en&nbsp;&nbsp;el macrismo con la ayuda de sus aliados&nbsp;aprob\u00f3&nbsp;el Presupuesto que el jefe de Gobierno dise\u00f1\u00f3 para el 2015, as\u00ed como tambi\u00e9n la emisi\u00f3n de un nuevo bono por [&hellip;]<\/p>\n","protected":false},"author":4,"featured_media":0,"comment_status":"open","ping_status":"open","sticky":false,"template":"","format":"standard","meta":{"_monsterinsights_skip_tracking":false,"_monsterinsights_sitenote_active":false,"_monsterinsights_sitenote_note":"","_monsterinsights_sitenote_category":0,"jnews-multi-image_gallery":[],"jnews_single_post":{"format":"standard"},"jnews_primary_category":[],"_joinchat":[],"footnotes":""},"categories":[58],"tags":[147],"class_list":["post-872","post","type-post","status-publish","format-standard","hentry","category-noticiariachuelo","tag-habitat"],"_links":{"self":[{"href":"http:\/\/fmriachuelo.it10.com.ar\/index.php\/wp-json\/wp\/v2\/posts\/872","targetHints":{"allow":["GET"]}}],"collection":[{"href":"http:\/\/fmriachuelo.it10.com.ar\/index.php\/wp-json\/wp\/v2\/posts"}],"about":[{"href":"http:\/\/fmriachuelo.it10.com.ar\/index.php\/wp-json\/wp\/v2\/types\/post"}],"author":[{"embeddable":true,"href":"http:\/\/fmriachuelo.it10.com.ar\/index.php\/wp-json\/wp\/v2\/users\/4"}],"replies":[{"embeddable":true,"href":"http:\/\/fmriachuelo.it10.com.ar\/index.php\/wp-json\/wp\/v2\/comments?post=872"}],"version-history":[{"count":1,"href":"http:\/\/fmriachuelo.it10.com.ar\/index.php\/wp-json\/wp\/v2\/posts\/872\/revisions"}],"predecessor-version":[{"id":22046,"href":"http:\/\/fmriachuelo.it10.com.ar\/index.php\/wp-json\/wp\/v2\/posts\/872\/revisions\/22046"}],"wp:attachment":[{"href":"http:\/\/fmriachuelo.it10.com.ar\/index.php\/wp-json\/wp\/v2\/media?parent=872"}],"wp:term":[{"taxonomy":"category","embeddable":true,"href":"http:\/\/fmriachuelo.it10.com.ar\/index.php\/wp-json\/wp\/v2\/categories?post=872"},{"taxonomy":"post_tag","embeddable":true,"href":"http:\/\/fmriachuelo.it10.com.ar\/index.php\/wp-json\/wp\/v2\/tags?post=872"}],"curies":[{"name":"wp","href":"https:\/\/api.w.org\/{rel}","templated":true}]}}