{"id":8709,"date":"2018-12-10T16:44:38","date_gmt":"2018-12-10T16:44:38","guid":{"rendered":"http:\/\/fmriachuelo.com.ar\/?p=8709"},"modified":"2018-12-10T16:44:38","modified_gmt":"2018-12-10T16:44:38","slug":"quiero-una-condena-ejemplar","status":"publish","type":"post","link":"http:\/\/fmriachuelo.it10.com.ar\/index.php\/2018\/12\/10\/quiero-una-condena-ejemplar\/","title":{"rendered":"\u00abQUIERO UNA CONDENA EJEMPLAR\u00bb"},"content":{"rendered":"<p><strong>[FM Riachuelo, 10\/12\/2018]\u00a0Hoy en Mateando en el riachuelo hablamos con Carolina Vila, mam\u00e1 de Lucas Cabello baleado en el a\u00f1o 2015, por un polic\u00eda de la Metropolitana en el barrio de La Boca.<\/strong><\/p>\n<p>En este contexto donde la ministra Patricia Bullrich busca legalizar el protocolo de gatillo f\u00e1cil con el respaldo del ejecutivo, conversamos con Carolina para saber que piensa sobre el protocolo que impuso la ministra Bullrich.<\/p>\n<p>El caso de Lucas Cabello ocurri\u00f3 en el 2015, fue baleado por el agente Ricardo Ayala de la Metropolitana, que efectu\u00f3 tres disparos que lo dejaron sin caminar de por vida.<\/p>\n<p>Carolina cont\u00f3, que ya tienen fecha para el juicio que ser\u00e1 en febrero del 2019. Que est\u00e1n con mucha ansiedad y nervios por todo lo que van a tener que revivir, pero contentos porque finalmente tienen fecha y esperan una condena ejemplar.<\/p>\n<p>tambi\u00e9n hablo del protocolo que impulsa la Ministra Bullrich, y dijo:<em><strong> \u201cEs una locura que quieran hacer legal matar a nuestros hijos y pensar que nosotras vamos a quedarnos en el molde vi\u00e9ndolo. Nosotras y otras mamas que estamos organizadas no vamos a dejar que esto pase, vamos a dar pelea y vamos a defender a nuestros hijos, a los hijos de todas porque esto le puede pasar a cualquiera\u201d.<\/strong><\/em><\/p>\n<p>Hizo menci\u00f3n del merendero Madres en Lucha que tienen con Roxana Cainzos e Ivonee Kukoc, y expres\u00f3:<em><strong>\u201dNo queda otra que organizarse y unirse en la lucha. Nuestra \u00fanica bandera son nuestros hijos\u201d.<\/strong><\/em><\/p>\n<p>Carolina, relato que Lucas su hijo le confeso que se siente el hijo de todas esas madres que perdieron a sus hijos por el gatillo f\u00e1cil.<\/p>\n<p><b>Al finalizar el m\u00f3vil\u00a0record\u00f3\u00a0las fechas del juicio que ser\u00e1n\u00a0el 7, 12 y 14 de febrero del a\u00f1o 2019.<\/b><\/p>\n","protected":false},"excerpt":{"rendered":"<p>[FM Riachuelo, 10\/12\/2018]\u00a0Hoy en Mateando en el riachuelo hablamos con Carolina Vila, mam\u00e1 de Lucas Cabello baleado en el a\u00f1o 2015, por un polic\u00eda de la Metropolitana en el barrio de La Boca. En este contexto donde la ministra Patricia Bullrich busca legalizar el protocolo de gatillo f\u00e1cil con el respaldo del ejecutivo, conversamos con [&hellip;]<\/p>\n","protected":false},"author":5,"featured_media":8710,"comment_status":"open","ping_status":"open","sticky":false,"template":"","format":"standard","meta":{"_monsterinsights_skip_tracking":false,"_monsterinsights_sitenote_active":false,"_monsterinsights_sitenote_note":"","_monsterinsights_sitenote_category":0,"jnews-multi-image_gallery":[],"jnews_single_post":[],"jnews_primary_category":[],"_joinchat":[],"footnotes":""},"categories":[78,76,77],"tags":[],"class_list":["post-8709","post","type-post","status-publish","format-standard","has-post-thumbnail","hentry","category-economia-popular","category-salud-comunitaria","category-soberania"],"_links":{"self":[{"href":"http:\/\/fmriachuelo.it10.com.ar\/index.php\/wp-json\/wp\/v2\/posts\/8709","targetHints":{"allow":["GET"]}}],"collection":[{"href":"http:\/\/fmriachuelo.it10.com.ar\/index.php\/wp-json\/wp\/v2\/posts"}],"about":[{"href":"http:\/\/fmriachuelo.it10.com.ar\/index.php\/wp-json\/wp\/v2\/types\/post"}],"author":[{"embeddable":true,"href":"http:\/\/fmriachuelo.it10.com.ar\/index.php\/wp-json\/wp\/v2\/users\/5"}],"replies":[{"embeddable":true,"href":"http:\/\/fmriachuelo.it10.com.ar\/index.php\/wp-json\/wp\/v2\/comments?post=8709"}],"version-history":[{"count":0,"href":"http:\/\/fmriachuelo.it10.com.ar\/index.php\/wp-json\/wp\/v2\/posts\/8709\/revisions"}],"wp:featuredmedia":[{"embeddable":true,"href":"http:\/\/fmriachuelo.it10.com.ar\/index.php\/wp-json\/"}],"wp:attachment":[{"href":"http:\/\/fmriachuelo.it10.com.ar\/index.php\/wp-json\/wp\/v2\/media?parent=8709"}],"wp:term":[{"taxonomy":"category","embeddable":true,"href":"http:\/\/fmriachuelo.it10.com.ar\/index.php\/wp-json\/wp\/v2\/categories?post=8709"},{"taxonomy":"post_tag","embeddable":true,"href":"http:\/\/fmriachuelo.it10.com.ar\/index.php\/wp-json\/wp\/v2\/tags?post=8709"}],"curies":[{"name":"wp","href":"https:\/\/api.w.org\/{rel}","templated":true}]}}