{"id":8708,"date":"2018-12-10T17:20:59","date_gmt":"2018-12-10T17:20:59","guid":{"rendered":"http:\/\/fmriachuelo.com.ar\/?p=8708"},"modified":"2018-12-10T17:20:59","modified_gmt":"2018-12-10T17:20:59","slug":"movilizaciones-sociales-de-avellaneda-piden-emergencia-social-yabasta-de-hambre-y-gatillo-facil","status":"publish","type":"post","link":"http:\/\/fmriachuelo.it10.com.ar\/index.php\/2018\/12\/10\/movilizaciones-sociales-de-avellaneda-piden-emergencia-social-yabasta-de-hambre-y-gatillo-facil\/","title":{"rendered":"MOVILIZACIONES SOCIALES DE AVELLANEDA PIDEN: EMERGENCIA SOCIAL YA!!BASTA DE HAMBRE Y GATILLO F\u00c1CIL"},"content":{"rendered":"<p><strong>[FM Riachuelo, 10\/12\/2018] \u00a0Hoy estuvimos acompa\u00f1ando a la Mesa de Organizaciones Sociales de Avellaneda \u00a0quienes se reunieron en la Plaza Alsina de esa localidad, \u00a0para luego marchar hacia el Puente Pueyrred\u00f3n para hacer visible la necesidad urgente de declarar la Emergencia Social Local, \u00a0y para repudiar adem\u00e1s \u00a0a Vidal a Macri y a sus pol\u00edticas de ajuste y saqueo, \u00a0y exigir la renuncia de la Ministra Bullrich\u00a0 diciendo Basta de represi\u00f3n y Gatillo F\u00e1cil!<\/strong><\/p>\n<p>En la movilizaci\u00f3n se hicieron presentes diversos movimientos sociales entre ellos: \u00a0la Confederaci\u00f3n de los Trabajadores de la Econom\u00eda Popular, la Central\u00a0 de Trabajadores de Argentina (CTA Aut\u00f3noma) , \u00a0la Corriente Clasista y Combativa, la Casa Popular El Fog\u00f3n, la Organizaci\u00f3n Los Pibes, la Organizaci\u00f3n Kallpa Wayna, quienes \u00a0pidieron a la Intendencia local a cargo de Ferraresi <strong><em>\u201cLa declaraci\u00f3n de la Emergencia Social ya, porque el pueblo no puede soportar m\u00e1s el ajuste y los tarifazos que no le permiten llevar a los compa\u00f1erxs un plato de comida a la mesa\u201d<\/em><\/strong>, \u00a0como \u00a0nos dijo \u00a0Juana referente de CCC Avellaneda.<\/p>\n<p><img loading=\"lazy\" decoding=\"async\" class=\"alignnone wp-image-8717 \" src=\"http:\/\/fmriachuelo.com.ar\/wp-content\/uploads\/2018\/12\/WhatsApp-Image-2018-12-10-at-11.26.20-300x225.jpeg\" alt=\"\" width=\"401\" height=\"301\" \/>\u00a0 \u00a0 \u00a0 \u00a0 \u00a0 \u00a0\u00a0<img loading=\"lazy\" decoding=\"async\" class=\"wp-image-8714 aligncenter\" src=\"http:\/\/fmriachuelo.com.ar\/wp-content\/uploads\/2018\/12\/WhatsApp-Image-2018-12-10-at-11.33.31-225x300.jpeg\" alt=\"\" width=\"222\" height=\"296\" \/><\/p>\n<p>El reclamo fue tambi\u00e9n al gobierno neoliberal de Vidal y Macri , como mencion\u00f3 Luciano \u00c1lvarez, referente de la casa popular El Fog\u00f3n de Avellaneda y de la Organizaci\u00f3n Los Pibes: <strong><em>\u201cEstamos reclamando aqu\u00ed por la situaci\u00f3n de hambre por la que atraviesan los compa\u00f1eros m\u00e1s humildes, y exigimos a la Ministra de Seguridad Bullrich que presente su renuncia porque no vamos a tolerar m\u00e1s ning\u00fan acto de represi\u00f3n, ni el asesinato de ning\u00fan otro compa\u00f1ero y mucho menos la legalizaci\u00f3n del gatillo f\u00e1cil que nos quieren imponer\u201d.<\/em><\/strong><\/p>\n<p>Luego de marchar por la avenida Mitre hacia el puente Pueyrred\u00f3n se pudo ver a todxs los referentes y compa\u00f1erxs \u00a0de las organizaciones sociales, en un cierre donde tom\u00f3 la palabra \u00a0por la \u00a0CTA Aut\u00f3noma, el compa\u00f1ero \u00a0Medina quien dijo<strong><em>: \u00a0\u201dTodas las organizaciones presentes les decimos Basta de asesinatos a Macri, \u00a0Bullrich y Vidal y le pedimos al Intendente de Avellaneda que necesitamos ya la Emergencia Social porque no podemos tolerar m\u00e1s este ajuste que nos hambrea\u201d.<\/em><\/strong><\/p>\n<p><img loading=\"lazy\" decoding=\"async\" class=\"aligncenter wp-image-8715 \" src=\"http:\/\/fmriachuelo.com.ar\/wp-content\/uploads\/2018\/12\/WhatsApp-Image-2018-12-10-at-12.18.10-300x225.jpeg\" alt=\"\" width=\"324\" height=\"243\" \/><\/p>\n<p>Luego Jos\u00e9 de la Organizaci\u00f3n Kallpa Wayna dijo: <strong><em>\u201d Los convocamos a todxs\u00a0 a\u00a0 movilizarnos nuevamente en unidad \u00a0el 19 de diciembre, para rendirle homenaje a los compa\u00f1eros muertos, que nos dej\u00f3 el gobierno de la R\u00faa cuando se fue, y para recordarlos haremos un monumento en la Plaza lolita torres de Avellaneda\u201d.<\/em><\/strong><\/p>\n<p><strong>EL CIERRE FUE CON C\u00c1NTICOS BAJO LA CONSIGNA FUERA MACRI, FUERA VIDAL, FUERA BULLRICH, NO A LA REPRESI\u00d3N, NO AL HAMBRE Y AL AJUSTE!!!<\/strong><\/p>\n<p><strong><em>\u00a0<\/em><\/strong><\/p>\n","protected":false},"excerpt":{"rendered":"<p>[FM Riachuelo, 10\/12\/2018] \u00a0Hoy estuvimos acompa\u00f1ando a la Mesa de Organizaciones Sociales de Avellaneda \u00a0quienes se reunieron en la Plaza Alsina de esa localidad, \u00a0para luego marchar hacia el Puente Pueyrred\u00f3n para hacer visible la necesidad urgente de declarar la Emergencia Social Local, \u00a0y para repudiar adem\u00e1s \u00a0a Vidal a Macri y a sus pol\u00edticas [&hellip;]<\/p>\n","protected":false},"author":5,"featured_media":8716,"comment_status":"open","ping_status":"open","sticky":false,"template":"","format":"standard","meta":{"_monsterinsights_skip_tracking":false,"_monsterinsights_sitenote_active":false,"_monsterinsights_sitenote_note":"","_monsterinsights_sitenote_category":0,"jnews-multi-image_gallery":[],"jnews_single_post":[],"jnews_primary_category":[],"_joinchat":[],"footnotes":""},"categories":[76,74,75],"tags":[],"class_list":["post-8708","post","type-post","status-publish","format-standard","has-post-thumbnail","hentry","category-salud-comunitaria","category-san-cayetano","category-trabajo"],"_links":{"self":[{"href":"http:\/\/fmriachuelo.it10.com.ar\/index.php\/wp-json\/wp\/v2\/posts\/8708","targetHints":{"allow":["GET"]}}],"collection":[{"href":"http:\/\/fmriachuelo.it10.com.ar\/index.php\/wp-json\/wp\/v2\/posts"}],"about":[{"href":"http:\/\/fmriachuelo.it10.com.ar\/index.php\/wp-json\/wp\/v2\/types\/post"}],"author":[{"embeddable":true,"href":"http:\/\/fmriachuelo.it10.com.ar\/index.php\/wp-json\/wp\/v2\/users\/5"}],"replies":[{"embeddable":true,"href":"http:\/\/fmriachuelo.it10.com.ar\/index.php\/wp-json\/wp\/v2\/comments?post=8708"}],"version-history":[{"count":0,"href":"http:\/\/fmriachuelo.it10.com.ar\/index.php\/wp-json\/wp\/v2\/posts\/8708\/revisions"}],"wp:featuredmedia":[{"embeddable":true,"href":"http:\/\/fmriachuelo.it10.com.ar\/index.php\/wp-json\/"}],"wp:attachment":[{"href":"http:\/\/fmriachuelo.it10.com.ar\/index.php\/wp-json\/wp\/v2\/media?parent=8708"}],"wp:term":[{"taxonomy":"category","embeddable":true,"href":"http:\/\/fmriachuelo.it10.com.ar\/index.php\/wp-json\/wp\/v2\/categories?post=8708"},{"taxonomy":"post_tag","embeddable":true,"href":"http:\/\/fmriachuelo.it10.com.ar\/index.php\/wp-json\/wp\/v2\/tags?post=8708"}],"curies":[{"name":"wp","href":"https:\/\/api.w.org\/{rel}","templated":true}]}}