{"id":87,"date":"2021-08-18T13:02:56","date_gmt":"2021-08-18T13:02:56","guid":{"rendered":"http:\/\/fmriachuelo.it10.com.ar\/?p=87"},"modified":"2025-02-12T11:35:03","modified_gmt":"2025-02-12T14:35:03","slug":"homenaje-a-san-martin-somos-organizaciones-que-construimos-poder-popular-y-venimos-a-plasmar-una-unidad-para-cambiar-la-argentina","status":"publish","type":"post","link":"http:\/\/fmriachuelo.it10.com.ar\/index.php\/2021\/08\/18\/homenaje-a-san-martin-somos-organizaciones-que-construimos-poder-popular-y-venimos-a-plasmar-una-unidad-para-cambiar-la-argentina\/","title":{"rendered":"HOMENAJE A SAN MART\u00cdN: \u201cSOMOS ORGANIZACIONES QUE CONSTRUIMOS PODER POPULAR Y VENIMOS A PLASMAR UNA UNIDAD PARA CAMBIAR LA ARGENTINA\u201d"},"content":{"rendered":"\n<p><strong>[FM Riachuelo 18\/08\/202] Con motivo de celebrarse el 171\u00b0 aniversario del paso a la inmortalidad del General Jos\u00e9 de San Mart\u00edn un conjunto de organizaciones que integran la Uni\u00f3n de Trabajadores y Trabajadoras de la Econom\u00eda Popular (UTEP), realizaron un homenaje en la Catedral de Buenos Aires donde reposan los restos del padre de la Patria. FM Riachuelo se propone compartir miradas y balances de ese acto que adem\u00e1s dej\u00f3 planteado una propuesta de unidad hacia adelante. Ayer por la tarde, pasaron por el aire de la FM Riachuelo Diego Tato Quinteros, del Frente 22 de Agosto y Estela Vega, referente del Movimiento Popular La Resistencia.<\/strong><\/p>\n\n\n\n<p>Diego Quinteros, justamente arranc\u00f3 su reflexi\u00f3n poniendo el centro en la cuesti\u00f3n de la unidad: \u201ces una mirada hist\u00f3rica, pusimos en la calle algo postergado en el tiempo que es unir a las organizaciones hermanas, una aspiraci\u00f3n hist\u00f3rica, una demanda de nuestro pueblo, nuestras bases en los territorios. La pandemia nos hizo entender que la Argentina que se viene tiene que contar con los humildes. Somos un hilo conductor, somos viejos soldados del Ej\u00e9rcito de los Andes, todos venimos pele\u00e1ndola de distintos sectores y ponemos un objetivo en com\u00fan, y dejamos en este momento hist\u00f3rico las diferencias para poner en com\u00fan la liberaci\u00f3n y la independencia de la Patria\u201d.<\/p>\n\n\n\n<p>La figura de San Mart\u00edn tiene hoy un valor simb\u00f3lico para los Movimientos Populares, al respecto Estela remarc\u00f3: \u201ces necesario que los que hoy en d\u00eda est\u00e1n gobernando tengan la misma preocupaci\u00f3n que tuvo nuestro General cuando quer\u00eda la liberaci\u00f3n y la independencia de los pa\u00edses, que se comprometan, que se preocupen por el pueblo y sus derechos. \u00c9l busc\u00f3 unir a todo un pueblo, hoy debemos estar unidos y preocuparnos por nuestros hermanos y nuestros pueblos\u201d. Quinteros agreg\u00f3: \u201cqui\u00e9n puede negar que ese Ej\u00e9rcito de los Andes es el mismo que hoy est\u00e1 en las barriadas, es el mismo que construye desde las ollas populares. Ese ej\u00e9rcito que gener\u00f3 San Mart\u00edn con esclavos, con negros, con pobres, es el mismo que hoy se para en esta Argentina para querer cambiar la historia nuevamente.\u201d<\/p>\n\n\n\n<p>Este conjunto de organizaciones impulsan tambi\u00e9n la convocatoria a la actividad que se realizar\u00e1 el pr\u00f3ximo 20 de agosto a las 15 hs frente al Cabildo, ser\u00e1 un acto de homenaje a los m\u00e1rtires de Trelew, a Felipe Vallese y al renunciamiento de Evita, \u201creivindicamos esta fecha, 22 de agosto, reivindicamos la hermandad de esa \u00e9poca para decir que la unidad tiene que ser concreta y en la pr\u00e1ctica. Y no lo decimos nosotros, lo dicen nuestros compa\u00f1eros en los barrios, en las provincias. Eso es la s\u00edntesis de lo que se viene y nosotros tenemos que ir en ese camino, no vemos otra opci\u00f3n, la opci\u00f3n es la unidad. Somos organizaciones que construimos poder popular y que venimos realmente a plasmar una unidad para cambiar la Argentina\u201d explic\u00f3 Quinteros.<\/p>\n\n\n\n<p>Para finalizar Tato Quinteros se expres\u00f3 sobre el significado de compartir esta pr\u00f3xima actividad del 20 de agosto: \u201cera lo que ten\u00eda que darse, todos tenemos historias en com\u00fan, luchas compartidas desde los noventa, desde esa nueva realidad y ese nuevo sujeto social que se organiza, que pelea, que viene a generar trabajo, a disputar la econom\u00eda, a disputar nuevamente soberan\u00eda. Era lo que ten\u00edamos que hacer juntarnos, hablar, coordinar y empezar a labrar este camino en conjunto\u201d.<\/p>\n\n\n\n<p><a href=\"https:\/\/ar.radiocut.fm\/audiocut\/construimos-poder-popular-y-venimos-a-plasmar-una-unidad-para-cambiar-argentina\/\">ESCUCH\u00c1 LA ENTREVISTA COMPLETA<\/a><\/p>\n","protected":false},"excerpt":{"rendered":"<p>[FM Riachuelo 18\/08\/202] Con motivo de celebrarse el 171\u00b0 aniversario del paso a la inmortalidad del General Jos\u00e9 de San Mart\u00edn un conjunto de organizaciones que integran la Uni\u00f3n de Trabajadores y Trabajadoras de la Econom\u00eda Popular (UTEP), realizaron un homenaje en la Catedral de Buenos Aires donde reposan los restos del padre de la [&hellip;]<\/p>\n","protected":false},"author":1,"featured_media":88,"comment_status":"open","ping_status":"open","sticky":false,"template":"","format":"standard","meta":{"_monsterinsights_skip_tracking":false,"_monsterinsights_sitenote_active":false,"_monsterinsights_sitenote_note":"","_monsterinsights_sitenote_category":0,"jnews-multi-image_gallery":[],"jnews_single_post":{"subtitle":"","format":"standard","video":"","gallery":"","source_name":"","source_url":"","via_name":"","via_url":"","override":[{"template":"1","single_blog_custom":"","parallax":"1","fullscreen":"1","layout":"right-sidebar","sidebar":"default-sidebar","second_sidebar":"default-sidebar","sticky_sidebar":"1","share_position":"top","share_float_style":"share-monocrhome","show_share_counter":"1","show_view_counter":"1","show_featured":"1","show_post_meta":"1","show_post_author":"1","show_post_author_image":"1","show_post_date":"1","post_date_format":"default","post_date_format_custom":"Y\/m\/d","show_post_category":"1","post_reading_time_wpm":"300","zoom_button_out_step":"2","zoom_button_in_step":"3","show_post_tag":"1","show_prev_next_post":"1","show_popup_post":"1","number_popup_post":"1"}],"image_override":[{"single_post_thumbnail_size":"crop-500","single_post_gallery_size":"crop-500"}],"trending_post_position":"meta","trending_post_label":"Trending","sponsored_post_label":"Sponsored by","sponsored_post_name":"","sponsored_post_url":"","sponsored_post_logo":"","sponsored_post_desc":""},"jnews_primary_category":{"id":""},"_joinchat":[],"footnotes":""},"categories":[82,78,79,58],"tags":[6],"class_list":["post-87","post","type-post","status-publish","format-standard","has-post-thumbnail","hentry","category-derechos-humanos","category-economia-popular","category-nadie-se-salva-solo","category-noticiariachuelo","tag-portada"],"_links":{"self":[{"href":"http:\/\/fmriachuelo.it10.com.ar\/index.php\/wp-json\/wp\/v2\/posts\/87","targetHints":{"allow":["GET"]}}],"collection":[{"href":"http:\/\/fmriachuelo.it10.com.ar\/index.php\/wp-json\/wp\/v2\/posts"}],"about":[{"href":"http:\/\/fmriachuelo.it10.com.ar\/index.php\/wp-json\/wp\/v2\/types\/post"}],"author":[{"embeddable":true,"href":"http:\/\/fmriachuelo.it10.com.ar\/index.php\/wp-json\/wp\/v2\/users\/1"}],"replies":[{"embeddable":true,"href":"http:\/\/fmriachuelo.it10.com.ar\/index.php\/wp-json\/wp\/v2\/comments?post=87"}],"version-history":[{"count":2,"href":"http:\/\/fmriachuelo.it10.com.ar\/index.php\/wp-json\/wp\/v2\/posts\/87\/revisions"}],"predecessor-version":[{"id":91,"href":"http:\/\/fmriachuelo.it10.com.ar\/index.php\/wp-json\/wp\/v2\/posts\/87\/revisions\/91"}],"wp:featuredmedia":[{"embeddable":true,"href":"http:\/\/fmriachuelo.it10.com.ar\/index.php\/wp-json\/wp\/v2\/media\/88"}],"wp:attachment":[{"href":"http:\/\/fmriachuelo.it10.com.ar\/index.php\/wp-json\/wp\/v2\/media?parent=87"}],"wp:term":[{"taxonomy":"category","embeddable":true,"href":"http:\/\/fmriachuelo.it10.com.ar\/index.php\/wp-json\/wp\/v2\/categories?post=87"},{"taxonomy":"post_tag","embeddable":true,"href":"http:\/\/fmriachuelo.it10.com.ar\/index.php\/wp-json\/wp\/v2\/tags?post=87"}],"curies":[{"name":"wp","href":"https:\/\/api.w.org\/{rel}","templated":true}]}}