{"id":8684,"date":"2018-12-03T16:06:12","date_gmt":"2018-12-03T16:06:12","guid":{"rendered":"http:\/\/fmriachuelo.com.ar\/?p=8684"},"modified":"2018-12-03T16:06:12","modified_gmt":"2018-12-03T16:06:12","slug":"masiva-marcha-contra-el-g20-de-los-movimientos-populares","status":"publish","type":"post","link":"http:\/\/fmriachuelo.it10.com.ar\/index.php\/2018\/12\/03\/masiva-marcha-contra-el-g20-de-los-movimientos-populares\/","title":{"rendered":"MASIVA MARCHA CONTRA EL G20 DE LOS MOVIMIENTOS POPULARES"},"content":{"rendered":"<p><strong>[FM Riachuelo, 03\/12\/2018] A pesar del dispositivo de miedo impulsado por el gobierno neoliberal, una masiva y diversa columna se moviliz\u00f3 para expresar el repudio del pueblo a la visita del G20. <\/strong><\/p>\n<p>A ra\u00edz de esta nefasta visita a nuestro pa\u00eds, se realiz\u00f3 el mismo 30 de noviembre una marcha contra el G20, con la unidad de los Movimientos Populares, Sindicales y de Derechos Humanos, donde la Confederaci\u00f3n de Trabajadores de la Econom\u00eda Popular se hizo presente. \u00a0En la zona del Congreso Nacional confluyeron as\u00ed luego del mediod\u00eda, numerosas organizaciones que se pronunciaron contra la presencia de los miembros del G20 y del FMI.<\/p>\n<p>Se pudo ver un gran despliegue policial, pero a pesar de esas intimidaciones por parte de la seguridad del actual gobierno, las columnas marcharon repudiando esta reuni\u00f3n y all\u00ed se mencion\u00f3 la unidad y la lucha organizada como fuerza para repeler a estos acuerdos con el FMI y a los ajustes que se proponen en estas reuniones donde el capitalismo salvaje muestra su verdadera cara. Nada hay de productivo para el pueblo en estas cumbres donde los protagonistas son quienes realmente hambrean y saquean las riquezas de nuestros pa\u00edses.<\/p>\n<p><img loading=\"lazy\" decoding=\"async\" class=\"aligncenter wp-image-8694 size-large\" src=\"http:\/\/fmriachuelo.com.ar\/wp-content\/uploads\/2018\/12\/WhatsApp-Image-2018-11-30-at-16.28.19-1024x683.jpeg\" alt=\"\" width=\"640\" height=\"427\" \/><\/p>\n<p>En el lugar se expresaron contra G20, entre los\u00a0 numerosos referentes presentes estaban Lito Borello Secretario de DD HH de Ctep, y\u00a0 Esteban \u201cGringo\u201d Castro Secretario General\u00a0 de CTEP\u00a0 quien dijo: <strong><em>\u201cLos que peleamos por derechos concretos tenemos que pensar como construir soberan\u00eda alimentaria, econom\u00eda popular y unidad para desarrollar una estrategia con otro modelo de pa\u00eds, \u00e9sa es la tarea que tenemos que llevar adelante los movimientos populares y los sindicatos, los poderosos jam\u00e1s se va a ocupar de esto\u201d.<\/em><\/strong><\/p>\n<p><img loading=\"lazy\" decoding=\"async\" class=\"aligncenter wp-image-8685 \" src=\"http:\/\/fmriachuelo.com.ar\/wp-content\/uploads\/2018\/12\/WhatsApp-Image-2018-11-30-at-15.06.34-1024x683.jpeg\" alt=\"\" width=\"537\" height=\"358\" \/><\/p>\n<p>Y continu\u00f3 diciendo: <strong><em>\u201cNosotros cuando instalamos las cinco leyes, de los barrios populares que se pudieron llevar al Congreso, nos cost\u00f3 la vida de compa\u00f1eros militantes en estas \u00faltimas semanas, esto es muy doloroso, pero nos da fuerzas para seguir luchando en ese marco a pesar del dolor y la angustia\u201d.<\/em><\/strong><\/p>\n<p>Por \u00faltimo, dijo: <strong><em>\u201cCreo que el Gobierno instala un mensaje donde quiere hacer creer que la pobreza est\u00e1 generada por los pobres, seg\u00fan Bullrich principalmente, parece que les gustara ser estigmatizados, \u00a0perseguidos y fusilados por la polic\u00eda, la \u00fanica forma de parar esto, inclusive como estos acuerdos del G20, es instalar el poder popular y la lucha por nuestrxs derechos\u201d.<\/em><\/strong><\/p>\n<p><img loading=\"lazy\" decoding=\"async\" class=\"aligncenter wp-image-8687 \" src=\"http:\/\/fmriachuelo.com.ar\/wp-content\/uploads\/2018\/12\/WhatsApp-Image-2018-11-30-at-15.35.53-300x225.jpeg\" alt=\"\" width=\"447\" height=\"335\" \/><\/p>\n<p><strong>\u201cDESDE EL PODER POPULAR LES DECIMOS \u00a1NO AL G20!! \u00a1NO AL FMI!! Y SUS POL\u00cdTICAS DE AJUSTE SAQUEO Y HAMBRE\u201d.<\/strong><\/p>\n<p>&nbsp;<\/p>\n","protected":false},"excerpt":{"rendered":"<p>[FM Riachuelo, 03\/12\/2018] A pesar del dispositivo de miedo impulsado por el gobierno neoliberal, una masiva y diversa columna se moviliz\u00f3 para expresar el repudio del pueblo a la visita del G20. A ra\u00edz de esta nefasta visita a nuestro pa\u00eds, se realiz\u00f3 el mismo 30 de noviembre una marcha contra el G20, con la [&hellip;]<\/p>\n","protected":false},"author":5,"featured_media":8686,"comment_status":"open","ping_status":"open","sticky":false,"template":"","format":"standard","meta":{"_monsterinsights_skip_tracking":false,"_monsterinsights_sitenote_active":false,"_monsterinsights_sitenote_note":"","_monsterinsights_sitenote_category":0,"jnews-multi-image_gallery":[],"jnews_single_post":[],"jnews_primary_category":[],"_joinchat":[],"footnotes":""},"categories":[78,76,74,75],"tags":[],"class_list":["post-8684","post","type-post","status-publish","format-standard","has-post-thumbnail","hentry","category-economia-popular","category-salud-comunitaria","category-san-cayetano","category-trabajo"],"_links":{"self":[{"href":"http:\/\/fmriachuelo.it10.com.ar\/index.php\/wp-json\/wp\/v2\/posts\/8684","targetHints":{"allow":["GET"]}}],"collection":[{"href":"http:\/\/fmriachuelo.it10.com.ar\/index.php\/wp-json\/wp\/v2\/posts"}],"about":[{"href":"http:\/\/fmriachuelo.it10.com.ar\/index.php\/wp-json\/wp\/v2\/types\/post"}],"author":[{"embeddable":true,"href":"http:\/\/fmriachuelo.it10.com.ar\/index.php\/wp-json\/wp\/v2\/users\/5"}],"replies":[{"embeddable":true,"href":"http:\/\/fmriachuelo.it10.com.ar\/index.php\/wp-json\/wp\/v2\/comments?post=8684"}],"version-history":[{"count":0,"href":"http:\/\/fmriachuelo.it10.com.ar\/index.php\/wp-json\/wp\/v2\/posts\/8684\/revisions"}],"wp:featuredmedia":[{"embeddable":true,"href":"http:\/\/fmriachuelo.it10.com.ar\/index.php\/wp-json\/"}],"wp:attachment":[{"href":"http:\/\/fmriachuelo.it10.com.ar\/index.php\/wp-json\/wp\/v2\/media?parent=8684"}],"wp:term":[{"taxonomy":"category","embeddable":true,"href":"http:\/\/fmriachuelo.it10.com.ar\/index.php\/wp-json\/wp\/v2\/categories?post=8684"},{"taxonomy":"post_tag","embeddable":true,"href":"http:\/\/fmriachuelo.it10.com.ar\/index.php\/wp-json\/wp\/v2\/tags?post=8684"}],"curies":[{"name":"wp","href":"https:\/\/api.w.org\/{rel}","templated":true}]}}