{"id":8674,"date":"2018-12-03T14:59:37","date_gmt":"2018-12-03T14:59:37","guid":{"rendered":"http:\/\/fmriachuelo.com.ar\/?p=8674"},"modified":"2018-12-03T14:59:37","modified_gmt":"2018-12-03T14:59:37","slug":"la-cumbre-en-los-barrios-poder-popular-contra-el-g20","status":"publish","type":"post","link":"http:\/\/fmriachuelo.it10.com.ar\/index.php\/2018\/12\/03\/la-cumbre-en-los-barrios-poder-popular-contra-el-g20\/","title":{"rendered":"LA CUMBRE EN LOS BARRIOS:  PODER POPULAR CONTRA EL G20"},"content":{"rendered":"<p><strong>[FM RIACHUELO, 03\/12\/2018] El viernes 30 de noviembre en FM Riachuelo se realiz\u00f3 un programa especial donde se reunieron todas las organizaciones y vecinos del barrio de La Boca, para reflexionar juntos sobre la presencia en el pa\u00eds del G20, cumbre de los nefastos l\u00edderes pol\u00edticos del mundo capitalista que llegaron a la Argentina y que s\u00f3lo reflejan el sometimiento del pueblo al hambre y al ajuste que vienen de la mano del FMI y el gobierno neoliberal de Macri.<\/strong><\/p>\n<p>Una cumbre que no se sostiene ya que los l\u00edderes de Europa, EE UU y Asia que vinieron, tienen graves problemas en sus propios pa\u00edses que son imposibles de disimular, problemas que se ven reflejados en las principales econom\u00edas del mundo, donde la xenofobia, la falta de trabajo, el proteccionismo y los conflictos bilaterales muestran la ca\u00edda real de estos poderes neoliberales.<\/p>\n<p>Mientras los due\u00f1os del mundo se juntan en el G20\u00a0 \u00a0para decidir quienes se quedan con nuestras riquezas nosotrxs nos reunimos en las cumbres barriales para intercambiar conocimientos de como se construye y genera poder popular en los barrios. Y c\u00f3mo organizar nuestras vidas y consolidar la unidad que necesitamos para luchar en contra de las pol\u00edticas de exclusi\u00f3n y miseria que propone el capitalismo para nuestros pueblos.<\/p>\n<p>Para hablar de esta cumbre desde el barrio y con una gran convocatoria reunidos en el sal\u00f3n de la radio, en un programa especial se escucharon las voces de todxs los participantes entre movimientos populares y vecinxs que confluyeron en una misma idea: \u00a1Fuera FMI y Fuera G20!! \u00a0de nuestro pa\u00eds. \u00a0En el transcurso del programa se mencion\u00f3 que las pol\u00edticas salvajes del neoliberalismo que nos gobierna no conseguir\u00e1n que se deje la lucha por lograr un mundo mejor.<\/p>\n<p><img loading=\"lazy\" decoding=\"async\" class=\"aligncenter wp-image-8690 size-large\" src=\"http:\/\/fmriachuelo.com.ar\/wp-content\/uploads\/2018\/12\/WhatsApp-Image-2018-11-30-at-11.01.27-1024x594.jpeg\" alt=\"\" width=\"640\" height=\"371\" \/><\/p>\n<p>Entre los participantes de la cumbre en los barrios, escuchamos a Lucila del Movimiento Popular la Dignidad decir: \u201c<strong><em>Queremos dejarle bien en claro a este gobierno y a los 20 que vinieron que no los queremos ac\u00e1, que este pueblo grita m\u00e1s que nunca Fuera G20 de nuestra tierra, y solo nosotrxs salvaremos al pueblo, con nuestras herramientas y nuestra lucha diaria\u201d.<\/em><\/strong><\/p>\n<p>Durante el programa especial y luego de c\u00e1nticos populares de todos los presentes, recordando que la unidad y la lucha son el \u00fanico camino para lograr un mundo mejor, tom\u00f3 la palabra la \u201cNegra\u201d Cano referente de la Casa popular el Patio y dijo<strong><em>:\u201d No al G20, estoy muy orgullosa de nuestra organizaci\u00f3n, les decimos que no los queremos, somos argentinos y no nos vamos a dejar vender\u201d.<\/em><\/strong><\/p>\n<p><img loading=\"lazy\" decoding=\"async\" class=\"wp-image-8677 aligncenter\" src=\"http:\/\/fmriachuelo.com.ar\/wp-content\/uploads\/2018\/12\/WhatsApp-Image-2018-11-30-at-7.40.00-PM-copia-300x200.jpeg\" alt=\"\" width=\"428\" height=\"285\" \/><\/p>\n<p>En otro momento de la cumbre del barrio se pudo escuchar la voz de Brian de Recicladores de la Boca quien dijo<strong><em>:\u201d Estoy muy contento por la resistencia en el barrio, esto es una muestra de resistencia popular entre los vecinxs, eso da esperanza resistir contra los poderosos\u201d.<\/em><\/strong><\/p>\n<p>Representando a los medios alternativos habl\u00f3 Martina de Sur Capitalino, perteneciente al Colectivo de Medios Populares quien dijo: \u201c<strong><em>Evidentemente funcionar en red \u201cjode\u201d, porque nos persiguen por ser una alternativa, que lo que tiene de interesante es ser un grupo de medios colectivos populares que trabajan en unidad, y eso los preocupa\u201d.<\/em><\/strong><\/p>\n<p><img loading=\"lazy\" decoding=\"async\" class=\"aligncenter wp-image-8678 \" src=\"http:\/\/fmriachuelo.com.ar\/wp-content\/uploads\/2018\/12\/WhatsApp-Image-2018-11-30-at-7.40.11-PM-1024x683.jpeg\" alt=\"\" width=\"430\" height=\"287\" \/><\/p>\n<p>Estos fueron algunos de los testimonios que se escucharon porque<em><strong> muchxs m\u00e1s compa\u00f1eros y vecinxs pudieron recuperar la voz<\/strong><\/em>,\u00a0 transmitiendo en unidad compartiendo la jornada especial, y diciendo que con unidad y lucha se sale adelante.<\/p>\n<p><strong>\u00a1No al FMI!\u00a0<\/strong><strong>\u00a0\u00a1No al G20, Fuera el Hambre y el Ajuste!<\/strong><\/p>\n<p>&nbsp;<\/p>\n","protected":false},"excerpt":{"rendered":"<p>[FM RIACHUELO, 03\/12\/2018] El viernes 30 de noviembre en FM Riachuelo se realiz\u00f3 un programa especial donde se reunieron todas las organizaciones y vecinos del barrio de La Boca, para reflexionar juntos sobre la presencia en el pa\u00eds del G20, cumbre de los nefastos l\u00edderes pol\u00edticos del mundo capitalista que llegaron a la Argentina y [&hellip;]<\/p>\n","protected":false},"author":5,"featured_media":8682,"comment_status":"open","ping_status":"open","sticky":false,"template":"","format":"standard","meta":{"_monsterinsights_skip_tracking":false,"_monsterinsights_sitenote_active":false,"_monsterinsights_sitenote_note":"","_monsterinsights_sitenote_category":0,"jnews-multi-image_gallery":[],"jnews_single_post":[],"jnews_primary_category":[],"_joinchat":[],"footnotes":""},"categories":[78,76,77],"tags":[],"class_list":["post-8674","post","type-post","status-publish","format-standard","has-post-thumbnail","hentry","category-economia-popular","category-salud-comunitaria","category-soberania"],"_links":{"self":[{"href":"http:\/\/fmriachuelo.it10.com.ar\/index.php\/wp-json\/wp\/v2\/posts\/8674","targetHints":{"allow":["GET"]}}],"collection":[{"href":"http:\/\/fmriachuelo.it10.com.ar\/index.php\/wp-json\/wp\/v2\/posts"}],"about":[{"href":"http:\/\/fmriachuelo.it10.com.ar\/index.php\/wp-json\/wp\/v2\/types\/post"}],"author":[{"embeddable":true,"href":"http:\/\/fmriachuelo.it10.com.ar\/index.php\/wp-json\/wp\/v2\/users\/5"}],"replies":[{"embeddable":true,"href":"http:\/\/fmriachuelo.it10.com.ar\/index.php\/wp-json\/wp\/v2\/comments?post=8674"}],"version-history":[{"count":0,"href":"http:\/\/fmriachuelo.it10.com.ar\/index.php\/wp-json\/wp\/v2\/posts\/8674\/revisions"}],"wp:featuredmedia":[{"embeddable":true,"href":"http:\/\/fmriachuelo.it10.com.ar\/index.php\/wp-json\/"}],"wp:attachment":[{"href":"http:\/\/fmriachuelo.it10.com.ar\/index.php\/wp-json\/wp\/v2\/media?parent=8674"}],"wp:term":[{"taxonomy":"category","embeddable":true,"href":"http:\/\/fmriachuelo.it10.com.ar\/index.php\/wp-json\/wp\/v2\/categories?post=8674"},{"taxonomy":"post_tag","embeddable":true,"href":"http:\/\/fmriachuelo.it10.com.ar\/index.php\/wp-json\/wp\/v2\/tags?post=8674"}],"curies":[{"name":"wp","href":"https:\/\/api.w.org\/{rel}","templated":true}]}}