{"id":8666,"date":"2018-11-30T01:28:30","date_gmt":"2018-11-30T01:28:30","guid":{"rendered":"http:\/\/fmriachuelo.com.ar\/?p=8666"},"modified":"2018-11-30T01:28:30","modified_gmt":"2018-11-30T01:28:30","slug":"cumbre-de-los-barrios-contra-el-g-20","status":"publish","type":"post","link":"http:\/\/fmriachuelo.it10.com.ar\/index.php\/2018\/11\/30\/cumbre-de-los-barrios-contra-el-g-20\/","title":{"rendered":"CUMBRES EN LOS BARRIOS: FUERA G-20 FUERA FMI"},"content":{"rendered":"<p><strong>[FM RIACHUELO 29\/11\/2018] Hoy la Mesa de Movimientos Sociales de Avellaneda realiz\u00f3 un acto en la cooperativa La Universal, en el marco de las \u00abCumbres de los barrios\u201d, para repudiar la organizaci\u00f3n del G-20 en nuestro pa\u00eds y plantear nuevas estrategias para afrontar la embestida neoliberal en la regi\u00f3n. <\/strong><\/p>\n<p>Lito Borello, Secretario de Derechos Humanos de la CTEP, fue el primer orador y abri\u00f3 el acto reflexionando sobre la crisis global y citando al Papa: \u201cFrancisco habla de una crisis integral donde est\u00e1 afectada no s\u00f3lo la humanidad, sino el propio planeta, por el perjuicio de estas pol\u00edticas depredadoras y extractivistas del capitalismo financiero y los adoradores del dinero\u201d. El dirigente sostuvo adem\u00e1s que \u201cnos quieren hacer creer que ya nos ganaron. Quieren judicializar, estigmatizar y perseguir a las organizaciones sociales y sus dirigentes\u201d y remarc\u00f3 \u201cnuestro pueblo va a salir a la calle, como hoy en los barrios y ma\u00f1ana en el Congreso, y tambi\u00e9n en un mont\u00f3n de plazas, comedores, merenderos, emprendimientos productivos, lugares de trabajo, la gente se va a reunir\u201d. Para finalizar expres\u00f3: \u201cno es la primera vez que nos tendremos que sobreponer a situaciones adversas, se va a cumplir dentro de poco un nuevo aniversario del Argentinazo, de esa \u00e9pica lucha de nuestro pueblo, que cuando se pone de pie genera hechos que quedan en la historia, es tiempo de hacernos art\u00edfices y constructores de nuestro propio destino, que no nos quieran convencer de que estamos vencidos\u201d.<\/p>\n<p>Jos\u00e9 Medina, Secretario General de CTA Aut\u00f3noma de Avellaneda expres\u00f3: \u201choy la ciudad esta sitiada por estos presidentes poderosos del mundo, quienes han generado guerras, hambre y miseria, y cuando nosotros cortamos las calles nos tratan de salvajes\u201d. Por su parte, Luis Cobella de la Corriente Clasista y Combativa sostuvo: \u201ctenemos que salir a demostrar que este partido lo podemos dar vuelta y ganar. Para eso tenemos que pensar en nuestros hijos, no queremos dejarle este futuro\u201d.<\/p>\n<p>La Secretaria General de la CTA de los Trabajadores de Avellaneda fue otra de las oradoras en el acto y se refiri\u00f3 a la lucha hist\u00f3rica del movimiento obrero para conquistar derechos: \u201cnos quieren retrotraer al a\u00f1o 1944, previo a la llegada (gracias a la organizaci\u00f3n sindical) de Per\u00f3n, l\u00edder que iba a cambiar por siempre el rol y el status de los trabajadores en la sociedad. Los derechos los fuimos ganando pelea a pelea, nunca nos regalaron nada, si este gobierno cree que va a avasallarlos, esta totalmente equivocado, hay que responder con organizaci\u00f3n, unidad y discusi\u00f3n\u201d, tambi\u00e9n afirm\u00f3 que \u201clas diferencias tienen que ser bienvenidas pero no deben ocultar al verdadero enemigo\u201d.<\/p>\n<p>Por \u00faltimo habl\u00f3 el Secretario General de ATE Provincia, Oscar de Isasi quien defini\u00f3 al G-20 como \u201cla demostraci\u00f3n formidable del poder en nuestro pa\u00eds, tanto de los due\u00f1os del mundo como del Gobierno que puede garantizar la presencia de esos poderosos, para discutir ac\u00e1 como se reparten entre ellos las riquezas y generan m\u00e1s pobreza y desigualdad a escala planetaria\u201d. El dirigente tambi\u00e9n se refiri\u00f3 a la estrategia de poner a circular un discurso que postula como ley natural la existencia de explotadores y explotados \u201cnos quieren hacer creer que nos ganaron y que es imposible cambiar la realidad, que la Argentina est\u00e1 quebrada y que por lo tanto, s\u00f3lo podemos repartirnos migajas\u201d. Para finalizar expres\u00f3: \u201ctenemos tradici\u00f3n de lucha, los argentinos resolvemos todo en la calle, pero el desaf\u00edo de la \u00e9poca no es s\u00f3lo combatir al enemigo sino construir una propuesta pol\u00edtica con centralidad en la clase que vuelva a enamorar a nuestro pueblo\u201d.<br \/>\nLas organizaciones luego del acto se movilizaron en una marcha de antorchas hacia la plaza central de Avellaneda, bajo la consigna \u201cNo al G-20, fuera FMI de Argentina\u201d.<\/p>\n<p>Escucha los testimonios:<\/p>\n<p><iframe loading=\"lazy\" title=\"29-11-2018- AVELLANEDA: LOS MOVIMIENTOS POPULARES SE MOVILIZAN EN CONTRA DEL #FueraG20 by FMR\" width=\"500\" height=\"450\" scrolling=\"no\" frameborder=\"no\" src=\"https:\/\/w.soundcloud.com\/player\/?visual=true&#038;url=https%3A%2F%2Fapi.soundcloud.com%2Fplaylists%2F654100653&#038;show_artwork=true&#038;maxheight=750&#038;maxwidth=500\"><\/iframe><\/p>\n","protected":false},"excerpt":{"rendered":"<p>[FM RIACHUELO 29\/11\/2018] Hoy la Mesa de Movimientos Sociales de Avellaneda realiz\u00f3 un acto en la cooperativa La Universal, en el marco de las \u00abCumbres de los barrios\u201d, para repudiar la organizaci\u00f3n del G-20 en nuestro pa\u00eds y plantear nuevas estrategias para afrontar la embestida neoliberal en la regi\u00f3n. Lito Borello, Secretario de Derechos Humanos [&hellip;]<\/p>\n","protected":false},"author":5,"featured_media":8668,"comment_status":"open","ping_status":"open","sticky":false,"template":"","format":"standard","meta":{"_monsterinsights_skip_tracking":false,"_monsterinsights_sitenote_active":false,"_monsterinsights_sitenote_note":"","_monsterinsights_sitenote_category":0,"jnews-multi-image_gallery":[],"jnews_single_post":[],"jnews_primary_category":[],"_joinchat":[],"footnotes":""},"categories":[76],"tags":[],"class_list":["post-8666","post","type-post","status-publish","format-standard","has-post-thumbnail","hentry","category-salud-comunitaria"],"_links":{"self":[{"href":"http:\/\/fmriachuelo.it10.com.ar\/index.php\/wp-json\/wp\/v2\/posts\/8666","targetHints":{"allow":["GET"]}}],"collection":[{"href":"http:\/\/fmriachuelo.it10.com.ar\/index.php\/wp-json\/wp\/v2\/posts"}],"about":[{"href":"http:\/\/fmriachuelo.it10.com.ar\/index.php\/wp-json\/wp\/v2\/types\/post"}],"author":[{"embeddable":true,"href":"http:\/\/fmriachuelo.it10.com.ar\/index.php\/wp-json\/wp\/v2\/users\/5"}],"replies":[{"embeddable":true,"href":"http:\/\/fmriachuelo.it10.com.ar\/index.php\/wp-json\/wp\/v2\/comments?post=8666"}],"version-history":[{"count":0,"href":"http:\/\/fmriachuelo.it10.com.ar\/index.php\/wp-json\/wp\/v2\/posts\/8666\/revisions"}],"wp:featuredmedia":[{"embeddable":true,"href":"http:\/\/fmriachuelo.it10.com.ar\/index.php\/wp-json\/"}],"wp:attachment":[{"href":"http:\/\/fmriachuelo.it10.com.ar\/index.php\/wp-json\/wp\/v2\/media?parent=8666"}],"wp:term":[{"taxonomy":"category","embeddable":true,"href":"http:\/\/fmriachuelo.it10.com.ar\/index.php\/wp-json\/wp\/v2\/categories?post=8666"},{"taxonomy":"post_tag","embeddable":true,"href":"http:\/\/fmriachuelo.it10.com.ar\/index.php\/wp-json\/wp\/v2\/tags?post=8666"}],"curies":[{"name":"wp","href":"https:\/\/api.w.org\/{rel}","templated":true}]}}