{"id":866,"date":"2014-12-15T19:30:00","date_gmt":"2014-12-15T19:30:00","guid":{"rendered":"http:\/\/fmriachuelo.observatorioess.org.ar\/index.php\/2014\/12\/15\/por-una-navidad-sin-presos-politicos\/"},"modified":"2025-03-17T12:43:07","modified_gmt":"2025-03-17T15:43:07","slug":"por-una-navidad-sin-presos-politicos","status":"publish","type":"post","link":"http:\/\/fmriachuelo.it10.com.ar\/index.php\/2014\/12\/15\/por-una-navidad-sin-presos-politicos\/","title":{"rendered":"POR UNA NAVIDAD SIN PRESOS POLITICOS"},"content":{"rendered":"<p><span style=\"font-family: Verdana, sans-serif\">SILENCIADO EN LOS MEDIOS<\/span><br \/><strong><span style=\"color: red;font-family: Verdana, sans-serif;font-size: large\">LIBERAN AL MILITANTE Y LUCHADOR SOCIAL FERNANDO ESTECHE<\/span><\/strong><br \/><a href=\"https:\/\/images-blogger-opensocial.googleusercontent.com\/gadgets\/proxy?url=http%3A%2F%2F2.bp.blogspot.com%2F-1V6qqn-OtgE%2FVI8zk8Wt-1I%2FAAAAAAAAB-s%2FXj2IJHMSRk0%2Fs1600%2Fliberan%252Ba%252Besteche.jpg&amp;container=blogger&amp;gadget=a&amp;rewriteMime=image%2F*\" style=\"clear: left;float: left;margin-bottom: 1em;margin-right: 1em\"><img loading=\"lazy\" decoding=\"async\" border=\"0\" src=\"http:\/\/2.bp.blogspot.com\/-1V6qqn-OtgE\/VI8zk8Wt-1I\/AAAAAAAAB-s\/Xj2IJHMSRk0\/s1600\/liberan%2Ba%2Besteche.jpg\" height=\"240\" width=\"320\" \/><\/a><strong><span style=\"font-family: Verdana, sans-serif\">Escuch\u00e1 el <span style=\"color: red\">Chispazo Informativo <\/span>con la voz de Facundo Cabral del MPR Quebracho y Lito Borelo Coordinador Nacional de la OSyP Los Pibes<\/span><\/strong><br \/><span style=\"font-family: Verdana, sans-serif\"><strong>[FMR15\/12\/14]<\/strong> La justicia dict\u00f3 la libertad condicional para Fernando Esteche. <\/span><br \/><span style=\"font-family: Verdana, sans-serif\">Luego de un a\u00f1o de prisi\u00f3n efectiva y lucha popular&nbsp;por una injusta condena la justicia hizo lugar al recurso de la defensa que solicit\u00f3&nbsp;la reducci\u00f3n de condena efec<span>tiva por el art\u00edculo 140 ley 24.660 por haber desarrollado instancias educativas. En 2007 Esteche recibi\u00f3 su t\u00edtulo de Licenciado en Comunicaci\u00f3n Social estando en prisi\u00f3n por la misma causa, y el pasado 20 de noviembre, recibi\u00f3 su t\u00edtulo de Doctor en Comunicaci\u00f3n Social, por la Facultad de Periodismo de la UNLP donde es profesor.<\/span><\/span><br \/><span><span style=\"font-family: Verdana, sans-serif\">La presi\u00f3n y la lucha popular&nbsp; del m\u00e1s diverso arco pol\u00edtico y social y el acampe que viene sosteniendo el Movimiento Politico Revolucionario Quebracho junto a las organizaciones sociales frente a los Tribunales de Comodoro Py y de Ezeiza ha tenido&nbsp;este resultado.&nbsp;<\/span><\/span><br \/><span><span style=\"font-family: Verdana, sans-serif\">En este momento las organizaciones sociales se trasladan hasta la c\u00e1rcel de Ezeiza para que la medida se haga efectiva y recibir al compa\u00f1ero sobre el que ha recaido la judicializaci\u00f3n de la protesta social.<\/span><\/span><br \/><a href=\"http:\/\/3.bp.blogspot.com\/-38q3wZKR_Ag\/VI82WrmbcAI\/AAAAAAAAB-4\/gqms6zcUsv8\/s1600\/COOP%2BRIACHIUELO%2BPRODUCCIONES.jpg\" style=\"clear: left;margin-bottom: 1em;margin-right: 1em;text-align: center\"><span style=\"font-family: Verdana, sans-serif\"><img loading=\"lazy\" decoding=\"async\" border=\"0\" src=\"http:\/\/3.bp.blogspot.com\/-38q3wZKR_Ag\/VI82WrmbcAI\/AAAAAAAAB-4\/gqms6zcUsv8\/s1600\/COOP%2BRIACHIUELO%2BPRODUCCIONES.jpg\" height=\"58\" width=\"200\" \/><\/span><\/a><\/p>\n","protected":false},"excerpt":{"rendered":"<p>SILENCIADO EN LOS MEDIOSLIBERAN AL MILITANTE Y LUCHADOR SOCIAL FERNANDO ESTECHEEscuch\u00e1 el Chispazo Informativo con la voz de Facundo Cabral del MPR Quebracho y Lito Borelo Coordinador Nacional de la OSyP Los Pibes[FMR15\/12\/14] La justicia dict\u00f3 la libertad condicional para Fernando Esteche. Luego de un a\u00f1o de prisi\u00f3n efectiva y lucha popular&nbsp;por una injusta condena [&hellip;]<\/p>\n","protected":false},"author":4,"featured_media":0,"comment_status":"open","ping_status":"open","sticky":false,"template":"","format":"standard","meta":{"_monsterinsights_skip_tracking":false,"_monsterinsights_sitenote_active":false,"_monsterinsights_sitenote_note":"","_monsterinsights_sitenote_category":0,"jnews-multi-image_gallery":[],"jnews_single_post":{"format":"standard"},"jnews_primary_category":[],"_joinchat":[],"footnotes":""},"categories":[58],"tags":[119,103],"class_list":["post-866","post","type-post","status-publish","format-standard","hentry","category-noticiariachuelo","tag-derechos-humanos","tag-movimientos-populares"],"_links":{"self":[{"href":"http:\/\/fmriachuelo.it10.com.ar\/index.php\/wp-json\/wp\/v2\/posts\/866","targetHints":{"allow":["GET"]}}],"collection":[{"href":"http:\/\/fmriachuelo.it10.com.ar\/index.php\/wp-json\/wp\/v2\/posts"}],"about":[{"href":"http:\/\/fmriachuelo.it10.com.ar\/index.php\/wp-json\/wp\/v2\/types\/post"}],"author":[{"embeddable":true,"href":"http:\/\/fmriachuelo.it10.com.ar\/index.php\/wp-json\/wp\/v2\/users\/4"}],"replies":[{"embeddable":true,"href":"http:\/\/fmriachuelo.it10.com.ar\/index.php\/wp-json\/wp\/v2\/comments?post=866"}],"version-history":[{"count":1,"href":"http:\/\/fmriachuelo.it10.com.ar\/index.php\/wp-json\/wp\/v2\/posts\/866\/revisions"}],"predecessor-version":[{"id":22052,"href":"http:\/\/fmriachuelo.it10.com.ar\/index.php\/wp-json\/wp\/v2\/posts\/866\/revisions\/22052"}],"wp:attachment":[{"href":"http:\/\/fmriachuelo.it10.com.ar\/index.php\/wp-json\/wp\/v2\/media?parent=866"}],"wp:term":[{"taxonomy":"category","embeddable":true,"href":"http:\/\/fmriachuelo.it10.com.ar\/index.php\/wp-json\/wp\/v2\/categories?post=866"},{"taxonomy":"post_tag","embeddable":true,"href":"http:\/\/fmriachuelo.it10.com.ar\/index.php\/wp-json\/wp\/v2\/tags?post=866"}],"curies":[{"name":"wp","href":"https:\/\/api.w.org\/{rel}","templated":true}]}}