{"id":8659,"date":"2018-11-29T16:31:05","date_gmt":"2018-11-29T16:31:05","guid":{"rendered":"http:\/\/fmriachuelo.com.ar\/?p=8659"},"modified":"2018-11-29T16:31:05","modified_gmt":"2018-11-29T16:31:05","slug":"unidad-y-compromiso-popular-en-el-cierre-del-selvihp","status":"publish","type":"post","link":"http:\/\/fmriachuelo.it10.com.ar\/index.php\/2018\/11\/29\/unidad-y-compromiso-popular-en-el-cierre-del-selvihp\/","title":{"rendered":"UNIDAD Y COMPROMISO POPULAR EN EL CIERRE DEL SELVIHP"},"content":{"rendered":"<p>&nbsp;<\/p>\n<p>[<strong>FM Riachuelo 29\/11\/2018]<\/strong>\u00a0<strong>Hoy culmin\u00f3 el Encuentro de la Vivienda\u00a0y H\u00e1bitat Popular Latinoamericano en Argentina, que tuvo su apertura el lunes 26 de noviembre en Casa Base del Movimiento de Ocupantes e Inquilinos ubicada en Chacabuco 1437, CABA. Despu\u00e9s de cuatro d\u00edas de aprendizaje e intercambio de experiencias, en esta \u00faltima jornada se expresaron todxs lxs compa\u00f1erxs que participaron de este encuentro bajo la propuesta de construcci\u00f3n colectiva, se plasmaron diferentes propuestas y vivencias organizativas y se retom\u00f3, una vez m\u00e1s, el trabajo comunitario para defender las conquistas sociales en distintos espacios.<\/strong><\/p>\n<p>En este per\u00edodo de reflexi\u00f3n y proyecci\u00f3n en el cual las organizaciones que participaron compartieron sus conclusiones, la compa\u00f1era M\u00f3nica P\u00e9rez, integrante del Colectivo de H\u00e1bitat y de la Organizaci\u00f3n Social y Pol\u00edtica Los Pibes afirm\u00f3 <em><strong>\u201cMientras hoy se prepara la cumbre de los oligarcas que quieren destruir nuestros derechos, nosotros ac\u00e1 estamos haciendo nuestra propia cumbre por la ley habitacional, el h\u00e1bitat, la econom\u00eda popular y la comunicaci\u00f3n. Estamos ac\u00e1 por los derechos que nos quieren sacar\u00bb<\/strong><\/em>.<\/p>\n<p>Durante este ciclo promovido por la Escuela Latinoamericana de H\u00e1bitat Popular, se analiz\u00f3 el escenario pol\u00edtico latinoamericano de la actualidad y se pensaron alternativas reales para poner en marcha pol\u00edticas de vivienda desde los distintos colectivos que construyen poder popular. Los ejes tem\u00e1ticos tratados fueron: la Ley 341, la propiedad colectiva, la concientizaci\u00f3n pol\u00edtica de las cooperativas y mutuales, la comunidad colectiva abarcando diferentes problem\u00e1ticas como la salud y la educaci\u00f3n y se desarrollaron los contenidos de las leyes de h\u00e1bitat vigentes.<\/p>\n<p>En este marco, donde las organizaciones sociales que participaron fortalecieron lazos y saberes, se concluy\u00f3 en la proyecci\u00f3n de un di\u00e1logo permanente entre el territorio y las comunidades de los diferentes pueblos latinoamericanos.<\/p>\n","protected":false},"excerpt":{"rendered":"<p>&nbsp; [FM Riachuelo 29\/11\/2018]\u00a0Hoy culmin\u00f3 el Encuentro de la Vivienda\u00a0y H\u00e1bitat Popular Latinoamericano en Argentina, que tuvo su apertura el lunes 26 de noviembre en Casa Base del Movimiento de Ocupantes e Inquilinos ubicada en Chacabuco 1437, CABA. Despu\u00e9s de cuatro d\u00edas de aprendizaje e intercambio de experiencias, en esta \u00faltima jornada se expresaron todxs [&hellip;]<\/p>\n","protected":false},"author":5,"featured_media":8660,"comment_status":"open","ping_status":"open","sticky":false,"template":"","format":"standard","meta":{"_monsterinsights_skip_tracking":false,"_monsterinsights_sitenote_active":false,"_monsterinsights_sitenote_note":"","_monsterinsights_sitenote_category":0,"jnews-multi-image_gallery":[],"jnews_single_post":[],"jnews_primary_category":[],"_joinchat":[],"footnotes":""},"categories":[76,74],"tags":[],"class_list":["post-8659","post","type-post","status-publish","format-standard","has-post-thumbnail","hentry","category-salud-comunitaria","category-san-cayetano"],"_links":{"self":[{"href":"http:\/\/fmriachuelo.it10.com.ar\/index.php\/wp-json\/wp\/v2\/posts\/8659","targetHints":{"allow":["GET"]}}],"collection":[{"href":"http:\/\/fmriachuelo.it10.com.ar\/index.php\/wp-json\/wp\/v2\/posts"}],"about":[{"href":"http:\/\/fmriachuelo.it10.com.ar\/index.php\/wp-json\/wp\/v2\/types\/post"}],"author":[{"embeddable":true,"href":"http:\/\/fmriachuelo.it10.com.ar\/index.php\/wp-json\/wp\/v2\/users\/5"}],"replies":[{"embeddable":true,"href":"http:\/\/fmriachuelo.it10.com.ar\/index.php\/wp-json\/wp\/v2\/comments?post=8659"}],"version-history":[{"count":0,"href":"http:\/\/fmriachuelo.it10.com.ar\/index.php\/wp-json\/wp\/v2\/posts\/8659\/revisions"}],"wp:featuredmedia":[{"embeddable":true,"href":"http:\/\/fmriachuelo.it10.com.ar\/index.php\/wp-json\/"}],"wp:attachment":[{"href":"http:\/\/fmriachuelo.it10.com.ar\/index.php\/wp-json\/wp\/v2\/media?parent=8659"}],"wp:term":[{"taxonomy":"category","embeddable":true,"href":"http:\/\/fmriachuelo.it10.com.ar\/index.php\/wp-json\/wp\/v2\/categories?post=8659"},{"taxonomy":"post_tag","embeddable":true,"href":"http:\/\/fmriachuelo.it10.com.ar\/index.php\/wp-json\/wp\/v2\/tags?post=8659"}],"curies":[{"name":"wp","href":"https:\/\/api.w.org\/{rel}","templated":true}]}}