{"id":8650,"date":"2018-11-28T21:58:15","date_gmt":"2018-11-28T21:58:15","guid":{"rendered":"http:\/\/fmriachuelo.com.ar\/?p=8650"},"modified":"2018-11-28T21:58:15","modified_gmt":"2018-11-28T21:58:15","slug":"los-pueblos-tenemos-el-derecho-legitimo-de-la-protesta-social-tenemos-que-ir-luchando-conquistando-y-creando-poder-popular","status":"publish","type":"post","link":"http:\/\/fmriachuelo.it10.com.ar\/index.php\/2018\/11\/28\/los-pueblos-tenemos-el-derecho-legitimo-de-la-protesta-social-tenemos-que-ir-luchando-conquistando-y-creando-poder-popular\/","title":{"rendered":"\u201cLOS PUEBLOS TENEMOS EL DERECHO LEG\u00cdTIMO DE LA PROTESTA SOCIAL, TENEMOS QUE IR LUCHANDO, CONQUISTANDO Y CREANDO PODER POPULAR\u00bb"},"content":{"rendered":"<p>[<strong>FM Riachuelo 28\/11\/2018] Se realiz\u00f3 una nueva jornada del IV Encuentro de\u00a0 Vivienda\u00a0 y H\u00e1bitat Popular\u00a0 Latinoamericano, que organiza el Campo Popular, como una manera de fortalecer la lucha en el marco de la Cumbre del G20 que se realiza en nuestro pa\u00eds.<\/strong><br \/>\nFM Riachuelo estuvo cubriendo el\u00a0 encuentro,\u00a0 en la jornada tuvo como principal actividad\u00a0 \u00a0 agruparse\u00a0 en comisiones para debatir sobre el Modelo Productivo de Autogesti\u00f3n del H\u00e1bitat, resumen que luego se comparti\u00f3 en el cierre de la jornada.Lito Borello secretario de Derechos Humanos de la CTEP abri\u00f3 el plenario para luego dar comienzo a la puesta en com\u00fan de los diferentes grupos de cooperativistas.<\/p>\n<p>El\u00a0 secretario de DDHH de la\u00a0 CTEP hizo un recorrido hist\u00f3rico de la Organizaci\u00f3n Social y Pol\u00edtica Los Pibes \u00a0de la que es \u00a0parte hace m\u00e1s de 20, \u00a0para luego reflexionar sobre la acumulaci\u00f3n y construcci\u00f3n de Poder Popular:\u00a0 \u201clos pueblos tenemos el derecho leg\u00edtimo de la protesta social, tenemos que ir luchando, conquistando y creando Poder Popular\u00bb. Continuo diciendo \u201c tenemos que seguir peleando por leyes como la nacionalizaci\u00f3n de\u00a0 la 341, porque la construcci\u00f3n de la autogesti\u00f3n genera un sedimento que potencia acumulaci\u00f3n de fuerzas hacia la transformaci\u00f3n que tenemos que hacer\u00bb. \u201cO nosotros construimos otra sociedad o ese capitalismo financiero, depredador, nos va a mandar a la muerte\u201d.<\/p>\n<p>Iraida Morocoima de la organizaci\u00f3n venezolana Pobladores Pioneros, durante la puesta en com\u00fan que realizaron los diferentes grupos,\u00a0 dijo: \u00bb al capitalismo no le conviene que los pueblos se organicen y autogestionen\u00bb, tambi\u00e9n aseguro que la autogesti\u00f3n es el camino que tiene el pueblo\u00a0 para apropiarse de los medios de producci\u00f3n.<\/p>\n<p>Entre las exposiciones de los diferentes grupos remarcaron la necesidad de generar conciencia colectiva para fortalecer el proceso de transformaci\u00f3n que permita construir otro tipo de sociedad.<\/p>\n<p>&nbsp;<\/p>\n","protected":false},"excerpt":{"rendered":"<p>[FM Riachuelo 28\/11\/2018] Se realiz\u00f3 una nueva jornada del IV Encuentro de\u00a0 Vivienda\u00a0 y H\u00e1bitat Popular\u00a0 Latinoamericano, que organiza el Campo Popular, como una manera de fortalecer la lucha en el marco de la Cumbre del G20 que se realiza en nuestro pa\u00eds. FM Riachuelo estuvo cubriendo el\u00a0 encuentro,\u00a0 en la jornada tuvo como principal [&hellip;]<\/p>\n","protected":false},"author":5,"featured_media":8651,"comment_status":"open","ping_status":"open","sticky":false,"template":"","format":"standard","meta":{"_monsterinsights_skip_tracking":false,"_monsterinsights_sitenote_active":false,"_monsterinsights_sitenote_note":"","_monsterinsights_sitenote_category":0,"jnews-multi-image_gallery":[],"jnews_single_post":[],"jnews_primary_category":[],"_joinchat":[],"footnotes":""},"categories":[79,76,74],"tags":[],"class_list":["post-8650","post","type-post","status-publish","format-standard","has-post-thumbnail","hentry","category-nadie-se-salva-solo","category-salud-comunitaria","category-san-cayetano"],"_links":{"self":[{"href":"http:\/\/fmriachuelo.it10.com.ar\/index.php\/wp-json\/wp\/v2\/posts\/8650","targetHints":{"allow":["GET"]}}],"collection":[{"href":"http:\/\/fmriachuelo.it10.com.ar\/index.php\/wp-json\/wp\/v2\/posts"}],"about":[{"href":"http:\/\/fmriachuelo.it10.com.ar\/index.php\/wp-json\/wp\/v2\/types\/post"}],"author":[{"embeddable":true,"href":"http:\/\/fmriachuelo.it10.com.ar\/index.php\/wp-json\/wp\/v2\/users\/5"}],"replies":[{"embeddable":true,"href":"http:\/\/fmriachuelo.it10.com.ar\/index.php\/wp-json\/wp\/v2\/comments?post=8650"}],"version-history":[{"count":0,"href":"http:\/\/fmriachuelo.it10.com.ar\/index.php\/wp-json\/wp\/v2\/posts\/8650\/revisions"}],"wp:featuredmedia":[{"embeddable":true,"href":"http:\/\/fmriachuelo.it10.com.ar\/index.php\/wp-json\/"}],"wp:attachment":[{"href":"http:\/\/fmriachuelo.it10.com.ar\/index.php\/wp-json\/wp\/v2\/media?parent=8650"}],"wp:term":[{"taxonomy":"category","embeddable":true,"href":"http:\/\/fmriachuelo.it10.com.ar\/index.php\/wp-json\/wp\/v2\/categories?post=8650"},{"taxonomy":"post_tag","embeddable":true,"href":"http:\/\/fmriachuelo.it10.com.ar\/index.php\/wp-json\/wp\/v2\/tags?post=8650"}],"curies":[{"name":"wp","href":"https:\/\/api.w.org\/{rel}","templated":true}]}}